{"id":32979,"date":"2025-02-14T18:36:20","date_gmt":"2025-02-14T16:36:20","guid":{"rendered":"https:\/\/bisbalpenedes.com\/web\/?p=32979"},"modified":"2025-02-14T18:38:26","modified_gmt":"2025-02-14T16:38:26","slug":"lequip-de-govern-de-lajuntament-de-la-bisbal-del-penedes-celebra-que-no-es-tiri-endavant-el-projecte-de-la-mat-que-hauria-travessat-el-municipi","status":"publish","type":"post","link":"https:\/\/bisbalpenedes.com\/web\/2025\/02\/14\/lequip-de-govern-de-lajuntament-de-la-bisbal-del-penedes-celebra-que-no-es-tiri-endavant-el-projecte-de-la-mat-que-hauria-travessat-el-municipi\/","title":{"rendered":"L\u2019equip de govern de l\u2019Ajuntament de la Bisbal del Pened\u00e8s celebra que no es tiri endavant el projecte de la MAT que hauria travessat el municipi"},"content":{"rendered":"\n<p>El dilluns 10 de febrer de 2025, el Butllet\u00ed Oficial de l\u2019Estat (BOE) va publicar la resoluci\u00f3 del 23 de gener de la Direcci\u00f3 General de Pol\u00edtica Energ\u00e8tica i Mines, en la qual es desestima la sol\u00b7licitud del projecte de l\u00ednia de molt alta tensi\u00f3 (MAT) que havia de travessar el municipi de La Bisbal del Pened\u00e8s.<\/p>\n\n\n\n<p>L\u2019informe negatiu de la Generalitat de Catalunya sobre aquest projecte ha estat clau perqu\u00e8 l\u2019empresa promotora hagi declarat la inviabilitat del projecte. En l\u2019\u00e0mbit institucional, aquesta iniciativa comptava amb l\u2019oposici\u00f3 de la Generalitat, aix\u00ed com dels Consells Comarcals i dels ajuntaments afectats.<\/p>\n\n\n\n<p>El projecte pretenia establir una l\u00ednia de cablejat el\u00e8ctric per unir parcs solars fotovoltaics de l\u2019Arag\u00f3 amb l\u2019\u00e0rea metropolitana de Barcelona. Hauria afectat les prov\u00edncies de Saragossa, Terol, Tarragona i Barcelona, i contemplava la instal\u00b7laci\u00f3 de 27 torres d\u2019alta tensi\u00f3 al municipi bisbalenc, amb una pot\u00e8ncia total de 174,7 MW. La infraestructura, promoguda per Energ\u00edas Renovables de Ormonde SL, tenia previst evacuar l\u2019energia fins a la subestaci\u00f3 de Begues 400. Malgrat que el Ministeri per la Transici\u00f3 Ecol\u00f2gica havia autoritzat inicialment la declaraci\u00f3 d\u2019impacte ambiental, la viabilitat del projecte estava condicionada a l\u2019informe de la Generalitat, que finalment va ser negatiu.<\/p>\n\n\n\n<p><strong>UNA OPOSICI\u00d3 FERMA DES DEL 2021<\/strong><\/p>\n\n\n\n<p>L\u2019Ajuntament de La Bisbal del Pened\u00e8s ha mantingut la seva ferma oposici\u00f3 al projecte de la MAT des del 2021. L\u2019\u00faltima acci\u00f3 en aquest sentit va ser un darrer decret d\u2019alcaldia signat el 4 de novembre de 2024, en el qual el consistori tornava a informar negativament les sol\u00b7licituds de modificaci\u00f3 de l\u2019autoritzaci\u00f3 administrativa pr\u00e8via i l\u2019autoritzaci\u00f3 administrativa de construcci\u00f3 del projecte. Aquest decret reiterava les al\u00b7legacions presentades el 18 d\u2019agost de 2024.<\/p>\n\n\n\n<p>Durant aquests quatre anys, l\u2019Ajuntament ha mantingut una postura clara contra aquest projecte, que hauria suposat la instal\u00b7laci\u00f3 de torres de fins a 70 metres d\u2019al\u00e7ada i m\u00e9s de 9.800 metres de l\u00ednia a\u00e8ria al terme municipal. La ciutadania tamb\u00e9 va manifestar el seu rebuig el setembre de 2021, quan es van presentar m\u00e9s de 450 al\u00b7legacions individuals en contra del projecte.<\/p>\n\n\n\n<hr class=\"wp-block-separator has-alpha-channel-opacity\"\/>\n\n\n\n<h2><strong>El equipo de gobierno del Ajuntament de La Bisbal del Pened\u00e8s celebra que no se lleve a cabo el proyecto de la MAT que hubiese atravesado el municipio<\/strong><\/h2>\n\n\n\n<p>El lunes 10 de febrero de 2025, el Bolet\u00edn Oficial del Estado (BOE) public\u00f3 la resoluci\u00f3n del 23 de enero de la Direcci\u00f3n General de Pol\u00edtica Energ\u00e9tica y Minas, en la que se desestima la solicitud del proyecto de l\u00ednea de muy alta tensi\u00f3n (MAT) que preve\u00eda atravesar el municipio de La Bisbal del Pened\u00e8s.&nbsp;<\/p>\n\n\n\n<p>El informe negativo de la Generalitat de Catalunya sobre este proyecto ha sido clave para que la empresa promotora haya declarado la inviabilidad del proyecto. A nivel institucional, esta iniciativa contaba con la oposici\u00f3n de la Generalitat, as\u00ed como de los <em>consells comarcals<\/em> y de los ayuntamientos afectados.&nbsp;<\/p>\n\n\n\n<p>El proyecto pretend\u00eda establecer una l\u00ednea de cableado el\u00e9ctrico para unir parques solares fotovoltaicos de Arag\u00f3n con el \u00e1rea metropolitana de Barcelona. Habr\u00eda afectado a las provincias de Zaragoza, Teruel, Tarragona y Barcelona, y contemplaba la instalaci\u00f3n de 27 torres de alta tensi\u00f3n en el municipio de la Bisbal, con una potencia total de 174,7 MW. La infraestructura, promovida por Energ\u00edas Renovables de Ormonde SL, ten\u00eda previsto evacuar la energ\u00eda hasta la subestaci\u00f3n de Begues 400. A pesar de que el Ministerio para la Transici\u00f3n Ecol\u00f3gica hab\u00eda autorizado inicialmente la declaraci\u00f3n de impacto ambiental, la viabilidad del proyecto estaba condicionada al informe de la Generalitat, que finalmente fue negativo.&nbsp;<\/p>\n\n\n\n<p><strong>UNA OPOSICI\u00d3N FIRME DESDE 2021<\/strong><\/p>\n\n\n\n<p>El Ajuntament de La Bisbal del Pened\u00e8s ha mantenido su firme oposici\u00f3n al proyecto de la MAT desde 2021. La \u00faltima acci\u00f3n en este sentido fue un decreto de alcald\u00eda firmado el 4 de noviembre de 2024, en el que el consistorio volv\u00eda a informar negativamente sobre las solicitudes de modificaci\u00f3n de la autorizaci\u00f3n administrativa previa y la autorizaci\u00f3n administrativa de construcci\u00f3n del proyecto. Este decreto reiteraba las alegaciones presentadas el 18 de agosto de 2024.&nbsp;<\/p>\n\n\n\n<p>Durante estos cuatro a\u00f1os, el Ajuntament ha mantenido una postura clara contra este proyecto, que habr\u00eda supuesto la instalaci\u00f3n de torres de hasta 70 metros de altura y m\u00e1s de 9.800 metros de l\u00ednea a\u00e9rea en el t\u00e9rmino municipal. La ciudadan\u00eda tambi\u00e9n manifest\u00f3 su rechazo en septiembre de 2021, cuando se presentaron m\u00e1s de 450 alegaciones individuales en contra del proyecto.<\/p>\n","protected":false},"excerpt":{"rendered":"<p>El dilluns 10 de febrer de 2025, el Butllet\u00ed Oficial de l\u2019Estat (BOE) va publicar la resoluci\u00f3 del 23 de gener de la Direcci\u00f3 General de Pol\u00edtica Energ\u00e8tica i Mines, &hellip; <a href=\"https:\/\/bisbalpenedes.com\/web\/2025\/02\/14\/lequip-de-govern-de-lajuntament-de-la-bisbal-del-penedes-celebra-que-no-es-tiri-endavant-el-projecte-de-la-mat-que-hauria-travessat-el-municipi\/\" class=\"more-link\">Read More<\/a><\/p>\n","protected":false},"author":4,"featured_media":31085,"comment_status":"closed","ping_status":"closed","sticky":false,"template":"","format":"standard","meta":[],"categories":[2057,8],"tags":[459,393,6982,4761,1374],"_links":{"self":[{"href":"https:\/\/bisbalpenedes.com\/web\/wp-json\/wp\/v2\/posts\/32979"}],"collection":[{"href":"https:\/\/bisbalpenedes.com\/web\/wp-json\/wp\/v2\/posts"}],"about":[{"href":"https:\/\/bisbalpenedes.com\/web\/wp-json\/wp\/v2\/types\/post"}],"author":[{"embeddable":true,"href":"https:\/\/bisbalpenedes.com\/web\/wp-json\/wp\/v2\/users\/4"}],"replies":[{"embeddable":true,"href":"https:\/\/bisbalpenedes.com\/web\/wp-json\/wp\/v2\/comments?post=32979"}],"version-history":[{"count":1,"href":"https:\/\/bisbalpenedes.com\/web\/wp-json\/wp\/v2\/posts\/32979\/revisions"}],"predecessor-version":[{"id":32980,"href":"https:\/\/bisbalpenedes.com\/web\/wp-json\/wp\/v2\/posts\/32979\/revisions\/32980"}],"wp:featuredmedia":[{"embeddable":true,"href":"https:\/\/bisbalpenedes.com\/web\/wp-json\/wp\/v2\/media\/31085"}],"wp:attachment":[{"href":"https:\/\/bisbalpenedes.com\/web\/wp-json\/wp\/v2\/media?parent=32979"}],"wp:term":[{"taxonomy":"category","embeddable":true,"href":"https:\/\/bisbalpenedes.com\/web\/wp-json\/wp\/v2\/categories?post=32979"},{"taxonomy":"post_tag","embeddable":true,"href":"https:\/\/bisbalpenedes.com\/web\/wp-json\/wp\/v2\/tags?post=32979"}],"curies":[{"name":"wp","href":"https:\/\/api.w.org\/{rel}","templated":true}]}}