{"id":32975,"date":"2025-02-12T18:31:43","date_gmt":"2025-02-12T16:31:43","guid":{"rendered":"https:\/\/bisbalpenedes.com\/web\/?p=32975"},"modified":"2025-02-12T18:31:43","modified_gmt":"2025-02-12T16:31:43","slug":"les-activitats-de-la-tercera-edicio-de-treball-a-comarques-estan-centrades-en-el-suport-a-la-insercio-laboral-i-lassessorament-empresarial","status":"publish","type":"post","link":"https:\/\/bisbalpenedes.com\/web\/2025\/02\/12\/les-activitats-de-la-tercera-edicio-de-treball-a-comarques-estan-centrades-en-el-suport-a-la-insercio-laboral-i-lassessorament-empresarial\/","title":{"rendered":"Les activitats de la tercera edici\u00f3 de \u201cTreball a Comarques\u201d estan centrades en el suport a la inserci\u00f3 laboral i l\u2019assessorament empresarial"},"content":{"rendered":"\n<p>El passat dijous 6 de febrer, l\u2019alcaldessa Agn\u00e8s Ferr\u00e9 i la t\u00e8cnica d\u2019Ocupaci\u00f3, Arantzazu Longares, es van reunir amb les persones que coordinen el projecte <em>Treball a Comarques<\/em> del Baix Pened\u00e8s per con\u00e8ixer els resultats de la convocat\u00f2ria 2024 i les novetats de la convocat\u00f2ria 2025 del programa.<\/p>\n\n\n\n<p>Les accions del 2024 es van articular sota el lema <em>&#8220;Fem que trobar feina sigui f\u00e0cil! Apropa\u2019t a fer orientaci\u00f3&#8221;<\/em>, amb l\u2019objectiu de donar suport a la inserci\u00f3 sociolaboral. Aquesta edici\u00f3 ha estat enfocada a ajudar les persones de La Bisbal i del Baix Pened\u00e8s que cerquen feina o volen millorar la seva situaci\u00f3 laboral.<\/p>\n\n\n\n<p>Durant el 2024, a La Bisbal s\u2019han fet 4 orientacions individuals, una de les quals ja ha trobat feina. Tamb\u00e9 s\u2019han organitzat dues c\u00e0psules d\u2019orientaci\u00f3 dels sectors de serveis a les persones i de la ind\u00fastria i log\u00edstica, amb la participaci\u00f3 de 20 persones de la Bisbal.<\/p>\n\n\n\n<p>A m\u00e9s, s\u2019ha dut a terme una prospecci\u00f3 a tres empreses del municipi i s\u2019ha organitzat una jornada empresarial per a la millora de la competitivitat amb el t\u00edtol <em>\u00abLog\u00edstica \u00e8tica i certificaci\u00f3 del carregador responsable\u00bb<\/em>, que va comptar amb 14 assistents.<\/p>\n\n\n\n<p>El projecte <em>Treball a Comarques<\/em> est\u00e0 liderat pels ajuntaments de Calafell i El Vendrell, juntament amb el Consell Comarcal del Baix Pened\u00e8s, en representaci\u00f3 de la resta de municipis de la comarca. L\u2019edici\u00f3 d\u2019enguany compta amb una subvenci\u00f3 del Servei d\u2019Ocupaci\u00f3 de Catalunya (SOC) de 310.318,19\u20ac, que suposa el 90% del cost total.<\/p>\n\n\n\n<p>Per a la convocat\u00f2ria 2025, es preveu fomentar la participaci\u00f3 dels ajuntaments de la comarca, fer seguiment i suport a l\u2019execuci\u00f3 de les accions previstes, consolidar els processos de treball i presentar l\u2019Observatori del Mercat de Treball. Tamb\u00e9 s\u2019inclour\u00e0 l\u2019acompanyament a nous inversors, la continuaci\u00f3 de seminaris empresarials, sessions d\u2019orientaci\u00f3 laboral per a la recerca de feina, activitats de <em>networking<\/em> i suport a la creaci\u00f3 de noves empreses.<\/p>\n\n\n\n<hr class=\"wp-block-separator has-alpha-channel-opacity\"\/>\n\n\n\n<h3><strong>Las actividades de la tercera edici\u00f3n de \u201cTreball a comarques\u201d se centran en el apoyo a la inserci\u00f3n laboral y el asesoramiento empresarial<\/strong><\/h3>\n\n\n\n<p>El pasado jueves 6 de febrero, la alcaldesa Agn\u00e8s Ferr\u00e9 y la t\u00e9cnica de Ocupaci\u00f3n, Arantzazu Longares, se reunieron con los coordinadores del proyecto <em>Treball a Comarques<\/em> del Baix Pened\u00e8s para conocer los resultados de la convocatoria 2024 y las novedades de la convocatoria 2025 del programa.<\/p>\n\n\n\n<p>Las acciones de 2024 se desarrollaron bajo el lema <em>&#8220;\u00a1Hagamos que encontrar trabajo sea f\u00e1cil! Ac\u00e9rcate a orientaci\u00f3n&#8221;<\/em>, con el objetivo de apoyar la inserci\u00f3n sociolaboral. Esta edici\u00f3n ha estado enfocada en ayudar a las personas de La Bisbal y del Baix Pened\u00e8s que buscan empleo o desean mejorar su situaci\u00f3n laboral.<\/p>\n\n\n\n<p>Durante 2024, en La Bisbal se han realizado 4 orientaciones individuales, una de las cuales ya ha encontrado empleo. Tambi\u00e9n se han organizado dos c\u00e1psulas de orientaci\u00f3n en los sectores de servicios a las personas y de la industria y log\u00edstica, con la participaci\u00f3n de 20 personas del municipio.<\/p>\n\n\n\n<p>Adem\u00e1s, se ha llevado a cabo una prospecci\u00f3n en tres empresas locales y se ha organizado una jornada empresarial para mejorar la competitividad con el t\u00edtulo <em>\u00abLog\u00edstica \u00e9tica y certificaci\u00f3n del cargador responsable\u00bb<\/em>, que cont\u00f3 con 14 asistentes.<\/p>\n\n\n\n<p>El proyecto <em>Treball a Comarques<\/em> est\u00e1 liderado por los ayuntamientos de Calafell y El Vendrell, junto con el Consell Comarcal del Baix Pened\u00e8s, en representaci\u00f3n del resto de municipios de la comarca. La edici\u00f3n de este a\u00f1o cuenta con una subvenci\u00f3n del Servei d&#8217;Ocupaci\u00f3 de Catalunya (SOC) de 310.318,19\u20ac, lo que supone el 90% del coste total.<\/p>\n\n\n\n<p>Para la convocatoria 2025, se prev\u00e9 fomentar la participaci\u00f3n de los ayuntamientos de la comarca, hacer seguimiento y apoyo a la ejecuci\u00f3n de las acciones previstas, consolidar los procesos de trabajo y presentar el Observatorio del Mercado de Trabajo. Tambi\u00e9n se incluir\u00e1 el acompa\u00f1amiento a nuevos inversores, la continuidad de seminarios empresariales, sesiones de orientaci\u00f3n laboral para la b\u00fasqueda de empleo, actividades de <em>networking<\/em> y apoyo a la creaci\u00f3n de nuevas empresas.<\/p>\n","protected":false},"excerpt":{"rendered":"<p>El passat dijous 6 de febrer, l\u2019alcaldessa Agn\u00e8s Ferr\u00e9 i la t\u00e8cnica d\u2019Ocupaci\u00f3, Arantzazu Longares, es van reunir amb les persones que coordinen el projecte Treball a Comarques del Baix &hellip; <a href=\"https:\/\/bisbalpenedes.com\/web\/2025\/02\/12\/les-activitats-de-la-tercera-edicio-de-treball-a-comarques-estan-centrades-en-el-suport-a-la-insercio-laboral-i-lassessorament-empresarial\/\" class=\"more-link\">Read More<\/a><\/p>\n","protected":false},"author":4,"featured_media":32977,"comment_status":"closed","ping_status":"closed","sticky":false,"template":"","format":"standard","meta":[],"categories":[2983,3137,8,9],"tags":[459,41,393,6504],"_links":{"self":[{"href":"https:\/\/bisbalpenedes.com\/web\/wp-json\/wp\/v2\/posts\/32975"}],"collection":[{"href":"https:\/\/bisbalpenedes.com\/web\/wp-json\/wp\/v2\/posts"}],"about":[{"href":"https:\/\/bisbalpenedes.com\/web\/wp-json\/wp\/v2\/types\/post"}],"author":[{"embeddable":true,"href":"https:\/\/bisbalpenedes.com\/web\/wp-json\/wp\/v2\/users\/4"}],"replies":[{"embeddable":true,"href":"https:\/\/bisbalpenedes.com\/web\/wp-json\/wp\/v2\/comments?post=32975"}],"version-history":[{"count":1,"href":"https:\/\/bisbalpenedes.com\/web\/wp-json\/wp\/v2\/posts\/32975\/revisions"}],"predecessor-version":[{"id":32978,"href":"https:\/\/bisbalpenedes.com\/web\/wp-json\/wp\/v2\/posts\/32975\/revisions\/32978"}],"wp:featuredmedia":[{"embeddable":true,"href":"https:\/\/bisbalpenedes.com\/web\/wp-json\/wp\/v2\/media\/32977"}],"wp:attachment":[{"href":"https:\/\/bisbalpenedes.com\/web\/wp-json\/wp\/v2\/media?parent=32975"}],"wp:term":[{"taxonomy":"category","embeddable":true,"href":"https:\/\/bisbalpenedes.com\/web\/wp-json\/wp\/v2\/categories?post=32975"},{"taxonomy":"post_tag","embeddable":true,"href":"https:\/\/bisbalpenedes.com\/web\/wp-json\/wp\/v2\/tags?post=32975"}],"curies":[{"name":"wp","href":"https:\/\/api.w.org\/{rel}","templated":true}]}}