{"id":32971,"date":"2025-02-12T18:15:41","date_gmt":"2025-02-12T16:15:41","guid":{"rendered":"https:\/\/bisbalpenedes.com\/web\/?p=32971"},"modified":"2025-02-12T18:15:41","modified_gmt":"2025-02-12T16:15:41","slug":"lalcaldessa-i-la-regidora-de-comerc-es-reuneixen-amb-la-presidenta-de-la-cambra-de-comerc-per-preparar-el-nou-conveni-de-collaboracio","status":"publish","type":"post","link":"https:\/\/bisbalpenedes.com\/web\/2025\/02\/12\/lalcaldessa-i-la-regidora-de-comerc-es-reuneixen-amb-la-presidenta-de-la-cambra-de-comerc-per-preparar-el-nou-conveni-de-collaboracio\/","title":{"rendered":"L\u2019alcaldessa i la regidora de Comer\u00e7 es reuneixen amb la presidenta de la Cambra de Comer\u00e7 per preparar el nou conveni de col\u00b7laboraci\u00f3"},"content":{"rendered":"\n<p>El divendres 7 de febrer, l\u2019alcaldessa Agn\u00e8s Ferr\u00e9 i la regidora de Comer\u00e7, Judith Vidal, es van reunir amb la presidenta de la Cambra de Comer\u00e7 de Tarragona, Laura Roig\u00e9, per preparar el nou conveni de col\u00b7laboraci\u00f3.&nbsp;<\/p>\n\n\n\n<p>El conveni vigent es va aprovar l\u2019octubre de 2021 i t\u00e9 validesa fins a finals del 2024. Aquest acord ha perm\u00e8s promoure accions de millora per al desenvolupament de les activitats econ\u00f2miques del municipi, beneficiant empreses i aut\u00f2noms i contribuint a facilitar, mantenir i incrementar la riquesa i els llocs de treball. Gr\u00e0cies a aquest conveni, s\u2019han impulsat campanyes de comer\u00e7, formacions per a establiments i el Pla d\u2019Impuls Les Planes.&nbsp;<\/p>\n\n\n\n<p>El nou conveni que s\u2019est\u00e0 treballant inclour\u00e0 formaci\u00f3 ocupacional adre\u00e7ada a joves, persones en situaci\u00f3 d\u2019atur i majors de 45 anys, ampliant aix\u00ed les oportunitats formatives i laborals per a la ciutadania.&nbsp;<\/p>\n\n\n\n<hr class=\"wp-block-separator has-alpha-channel-opacity\"\/>\n\n\n\n<h2><strong>La alcaldesa y la concejala de Comercio se re\u00fanen con la presidenta de la Cambra de Comercio para preparar el nuevo convenio de colaboraci\u00f3n<\/strong><\/h2>\n\n\n\n<p>El viernes 7 de febrero, la alcaldesa Agn\u00e8s Ferr\u00e9 y la concejala de Comercio, Judith Vidal, se reunieron con la presidenta de la Cambra de Comer\u00e7 de Tarragona, Laura Roig\u00e9, para preparar el nuevo convenio de colaboraci\u00f3n.&nbsp;<\/p>\n\n\n\n<p>El convenio vigente se aprob\u00f3 en octubre de 2021 y tiene validez hasta finales de 2024. Este acuerdo ha permitido promover acciones de mejora para el desarrollo de las actividades econ\u00f3micas del municipio, beneficiando a empresas y aut\u00f3nomos y contribuyendo a facilitar, mantener e incrementar la riqueza y los puestos de trabajo. Gracias a este convenio, se han impulsado campa\u00f1as de comercio, formaciones para establecimientos y el Pla d\u2019Impuls Les Planes.&nbsp;<\/p>\n\n\n\n<p>El nuevo convenio en el que se est\u00e1 trabajando incluir\u00e1 formaci\u00f3n ocupacional dirigida a j\u00f3venes, personas en situaci\u00f3n de desempleo y mayores de 45 a\u00f1os, ampliando as\u00ed las oportunidades formativas y laborales para la ciudadan\u00eda.&nbsp;<\/p>\n","protected":false},"excerpt":{"rendered":"<p>El divendres 7 de febrer, l\u2019alcaldessa Agn\u00e8s Ferr\u00e9 i la regidora de Comer\u00e7, Judith Vidal, es van reunir amb la presidenta de la Cambra de Comer\u00e7 de Tarragona, Laura Roig\u00e9, &hellip; <a href=\"https:\/\/bisbalpenedes.com\/web\/2025\/02\/12\/lalcaldessa-i-la-regidora-de-comerc-es-reuneixen-amb-la-presidenta-de-la-cambra-de-comerc-per-preparar-el-nou-conveni-de-collaboracio\/\" class=\"more-link\">Read More<\/a><\/p>\n","protected":false},"author":4,"featured_media":32972,"comment_status":"closed","ping_status":"closed","sticky":false,"template":"","format":"standard","meta":[],"categories":[2057,3860,8],"tags":[459,1251,4127,393,397],"_links":{"self":[{"href":"https:\/\/bisbalpenedes.com\/web\/wp-json\/wp\/v2\/posts\/32971"}],"collection":[{"href":"https:\/\/bisbalpenedes.com\/web\/wp-json\/wp\/v2\/posts"}],"about":[{"href":"https:\/\/bisbalpenedes.com\/web\/wp-json\/wp\/v2\/types\/post"}],"author":[{"embeddable":true,"href":"https:\/\/bisbalpenedes.com\/web\/wp-json\/wp\/v2\/users\/4"}],"replies":[{"embeddable":true,"href":"https:\/\/bisbalpenedes.com\/web\/wp-json\/wp\/v2\/comments?post=32971"}],"version-history":[{"count":1,"href":"https:\/\/bisbalpenedes.com\/web\/wp-json\/wp\/v2\/posts\/32971\/revisions"}],"predecessor-version":[{"id":32973,"href":"https:\/\/bisbalpenedes.com\/web\/wp-json\/wp\/v2\/posts\/32971\/revisions\/32973"}],"wp:featuredmedia":[{"embeddable":true,"href":"https:\/\/bisbalpenedes.com\/web\/wp-json\/wp\/v2\/media\/32972"}],"wp:attachment":[{"href":"https:\/\/bisbalpenedes.com\/web\/wp-json\/wp\/v2\/media?parent=32971"}],"wp:term":[{"taxonomy":"category","embeddable":true,"href":"https:\/\/bisbalpenedes.com\/web\/wp-json\/wp\/v2\/categories?post=32971"},{"taxonomy":"post_tag","embeddable":true,"href":"https:\/\/bisbalpenedes.com\/web\/wp-json\/wp\/v2\/tags?post=32971"}],"curies":[{"name":"wp","href":"https:\/\/api.w.org\/{rel}","templated":true}]}}