{"id":32967,"date":"2025-02-11T13:36:30","date_gmt":"2025-02-11T11:36:30","guid":{"rendered":"https:\/\/bisbalpenedes.com\/web\/?p=32967"},"modified":"2025-02-11T13:36:30","modified_gmt":"2025-02-11T11:36:30","slug":"lequip-de-govern-i-les-entitats-treballen-en-lorganitzacio-de-la-festa-major-2025","status":"publish","type":"post","link":"https:\/\/bisbalpenedes.com\/web\/2025\/02\/11\/lequip-de-govern-i-les-entitats-treballen-en-lorganitzacio-de-la-festa-major-2025\/","title":{"rendered":"L\u2019equip de govern i les entitats treballen en l\u2019organitzaci\u00f3 de la Festa Major 2025"},"content":{"rendered":"\n<p>El passat dilluns 3 de febrer, l\u2019equip de govern es va reunir amb les entitats que participen en la Festa Major. Enguany, la festa comen\u00e7ar\u00e0 el dimarts 12 d\u2019agost i acabar\u00e0 el dilluns 18 del mateix mes i, com en anys anteriors, el programa comptar\u00e0 amb actes previs.<\/p>\n\n\n\n<p>Cada any, l\u2019Ajuntament organitza aquesta reuni\u00f3 amb les entitats que participen i organitzen activitats per la Festa Major, amb l\u2019objectiu de coordinar els actes i les propostes. Tal com ha explicat l\u2019equip de govern <em>\u201csom un m municipi ric en entitats, cultura i tradicions i treballem perqu\u00e8 la Festa Major sigui per a tothom, amb activitats i actuacions per a totes les edats\u201d.<\/em><\/p>\n\n\n\n<p>Les entitats que participen en la Festa Major i organitzen activitats s\u00f3n: el Grup de Geganters i Grallers de la Societat, el Ball de Diables, el Club d\u2019escacs de la Societat, els Diablons, Joventut Bisbalenca CF, el Ball de Gitanes, la Colla Castellera de La Bisbal del Pened\u00e8s els Bous, la Coral Antistiana, el grup de joves Esventats i, enguany, s\u2019hi ha sumat una entitat m\u00e9s: el club de Tennis Taula de la Bisbal, que tamb\u00e9 organitzar\u00e0 activitats.<\/p>\n\n\n\n<hr class=\"wp-block-separator has-alpha-channel-opacity\"\/>\n\n\n\n<p><strong>CASTELLANO | <\/strong>El pasado lunes 3 de febrero, el equipo de gobierno se reuni\u00f3 con las entidades que participan en la Festa Major Este a\u00f1o, la fiesta comenzar\u00e1 el martes 12 de agosto y finalizar\u00e1 el lunes 18 del mismo mes y, como en a\u00f1os anteriores, el programa contar\u00e1 con actos previos.<\/p>\n\n\n\n<p>Cada a\u00f1o, el Ayuntamiento organiza esta reuni\u00f3n con las entidades que participan y organizan actividades para la Festa Major, con el objetivo de coordinar los actos y las propuestas. Tal como ha explicado el equipo de gobierno: <em>\u201csomos un municipio rico en entidades, cultura y tradiciones y trabajamos para que la Fiesta Mayor sea para todos, con actividades y actuaciones para todas las edades\u201d.<\/em><\/p>\n\n\n\n<p>Las entidades que participan en la Festa Major y organizan actividades son: el Grup de Geganters i Grallers de la Societat, el Ball de Diables, el Club d\u2019Escacs de la Societat, los Diablons, Joventut Bisbalenca CF, el Ball de Gitanes, la Colla Castellera La Bisbal del Pened\u00e8s (Bous), la Coral Antistiana, el grupo de j\u00f3venes Esventats y, este a\u00f1o, se ha sumado una entidad m\u00e1s: el Club de Tennis Taula de La Bisbal, que tambi\u00e9n organizar\u00e1 actividades.<\/p>\n","protected":false},"excerpt":{"rendered":"<p>El passat dilluns 3 de febrer, l\u2019equip de govern es va reunir amb les entitats que participen en la Festa Major. Enguany, la festa comen\u00e7ar\u00e0 el dimarts 12 d\u2019agost i &hellip; <a href=\"https:\/\/bisbalpenedes.com\/web\/2025\/02\/11\/lequip-de-govern-i-les-entitats-treballen-en-lorganitzacio-de-la-festa-major-2025\/\" class=\"more-link\">Read More<\/a><\/p>\n","protected":false},"author":4,"featured_media":32968,"comment_status":"closed","ping_status":"closed","sticky":false,"template":"","format":"standard","meta":[],"categories":[2161,4668,8],"tags":[280,6981,393],"_links":{"self":[{"href":"https:\/\/bisbalpenedes.com\/web\/wp-json\/wp\/v2\/posts\/32967"}],"collection":[{"href":"https:\/\/bisbalpenedes.com\/web\/wp-json\/wp\/v2\/posts"}],"about":[{"href":"https:\/\/bisbalpenedes.com\/web\/wp-json\/wp\/v2\/types\/post"}],"author":[{"embeddable":true,"href":"https:\/\/bisbalpenedes.com\/web\/wp-json\/wp\/v2\/users\/4"}],"replies":[{"embeddable":true,"href":"https:\/\/bisbalpenedes.com\/web\/wp-json\/wp\/v2\/comments?post=32967"}],"version-history":[{"count":1,"href":"https:\/\/bisbalpenedes.com\/web\/wp-json\/wp\/v2\/posts\/32967\/revisions"}],"predecessor-version":[{"id":32969,"href":"https:\/\/bisbalpenedes.com\/web\/wp-json\/wp\/v2\/posts\/32967\/revisions\/32969"}],"wp:featuredmedia":[{"embeddable":true,"href":"https:\/\/bisbalpenedes.com\/web\/wp-json\/wp\/v2\/media\/32968"}],"wp:attachment":[{"href":"https:\/\/bisbalpenedes.com\/web\/wp-json\/wp\/v2\/media?parent=32967"}],"wp:term":[{"taxonomy":"category","embeddable":true,"href":"https:\/\/bisbalpenedes.com\/web\/wp-json\/wp\/v2\/categories?post=32967"},{"taxonomy":"post_tag","embeddable":true,"href":"https:\/\/bisbalpenedes.com\/web\/wp-json\/wp\/v2\/tags?post=32967"}],"curies":[{"name":"wp","href":"https:\/\/api.w.org\/{rel}","templated":true}]}}