{"id":32961,"date":"2025-02-11T12:32:14","date_gmt":"2025-02-11T10:32:14","guid":{"rendered":"https:\/\/bisbalpenedes.com\/web\/?p=32961"},"modified":"2025-02-11T12:56:54","modified_gmt":"2025-02-11T10:56:54","slug":"la-bisbal-del-penedes-estrena-una-nova-obra-dart-urba-dedicada-a-ladf-clot-de-bou","status":"publish","type":"post","link":"https:\/\/bisbalpenedes.com\/web\/2025\/02\/11\/la-bisbal-del-penedes-estrena-una-nova-obra-dart-urba-dedicada-a-ladf-clot-de-bou\/","title":{"rendered":"La Bisbal del Pened\u00e8s estrena una nova obra d&#8217;art urb\u00e0 dedicada a l&#8217;ADF Clot de Bou"},"content":{"rendered":"\n<p>Amb motiu de la inauguraci\u00f3 de &#8216;La Fassina&#8217;, aquest cap de setmana l&#8217;artista canari Ceser, de l&#8217;equip de Suite of Art, ha creat aquesta preciosa obra d&#8217;art a l&#8217;exterior del nou equipament, concretament en una de les parets de la zona destinada a l&#8217;ADF Clot de Bou.&nbsp;<\/p>\n\n\n\n<p>L&#8217;obra s&#8217;anomena &#8220;Arrels d&#8217;Esperan\u00e7a&#8221; i mostra un voluntari de l&#8217;Agrupaci\u00f3 de Defensa Forestal (ADF) Clot de Bou que ha acabat d&#8217;apagar el foc i que est\u00e0 aguantant un petit arbre amb les mans, amb la intenci\u00f3 de plantar-lo a terra. El seu gest, cansat per\u00f2 determinat, representa l&#8217;esfor\u00e7 i la lluita per a la regeneraci\u00f3 de la natura despr\u00e9s de la destrucci\u00f3. Al seu costat, una nena observa i ajuda el voluntari, amb una mirada plena d&#8217;esperan\u00e7a i aprenentatge, simbolitzant el futur i la import\u00e0ncia d&#8217;educar les noves generacions en el respecte i la cura de la natura. Plegats, mirant l&#8217;arbre que planten, transmeten un missatge de resili\u00e8ncia, esperan\u00e7a i renovaci\u00f3, demostrant que, a trav\u00e9s de l&#8217;esfor\u00e7 col\u00b7lectiu, \u00e9s possible reconstruir i donar vida a all\u00f2 que el foc havia destru\u00eft. El CEO de Suite of Art, Jaume Junqu\u00e9, ha explicat que l&#8217;objectiu de l&#8217;obra era &#8220;representar la connexi\u00f3 entre l&#8217;esfor\u00e7 hum\u00e0, la motivaci\u00f3 i la vida, que sempre es pot tornar a obrir pas&#8221;.<\/p>\n\n\n\n<p>Aquesta nova pintura mural s&#8217;engloba en el GraffTech Fest -tot i que no s&#8217;ha fet en el marc del festival que s&#8217;ha celebrat a la Bisbal del Pened\u00e8s els dos darrers mesos de setembre- i ha estat creada a trav\u00e9s de l&#8217;empresa organitzadora del Festival, Suite of Art.<\/p>\n\n\n\n<hr class=\"wp-block-separator has-alpha-channel-opacity\"\/>\n\n\n\n<p><strong>CASTELLANO |<\/strong> Con motivo de la inauguraci\u00f3n de La Fassina, este fin de semana el artista canario Ceser, del equipo de Suite of Art, ha creado esta preciosa obra de arte en el exterior del nuevo equipamiento, concretamente en una de las paredes de la zona destinada a la ADF Clot de Bou.<\/p>\n\n\n\n<p>La obra se llama &#8220;Arrels d&#8217;Esperan\u00e7a&#8221; y muestra a un voluntario de la Agrupaci\u00f3 de Defensa Forestal (ADF) Clot de Bou que ha terminado de apagar el fuego y sostiene un peque\u00f1o \u00e1rbol en sus manos, con la intenci\u00f3n de plantarlo en la tierra. Su gesto, cansado pero decidido, representa el esfuerzo y la lucha por la regeneraci\u00f3n de la naturaleza despu\u00e9s de la destrucci\u00f3n. A su lado, una ni\u00f1a observa y ayuda al voluntario, con una mirada llena de esperanza y aprendizaje, simbolizando el futuro y la importancia de educar a las nuevas generaciones en el respeto y el cuidado de la naturaleza. Juntos, mirando el \u00e1rbol que est\u00e1n plantando, transmiten un mensaje de resiliencia, esperanza y renovaci\u00f3n, demostrando que, a trav\u00e9s del esfuerzo colectivo, es posible reconstruir y dar vida a lo que el fuego hab\u00eda destruido.<\/p>\n\n\n\n<p>El CEO de Suite of Art, Jaume Junqu\u00e9, ha explicado que el objetivo de la obra era &#8220;representar la conexi\u00f3n entre el esfuerzo humano, la motivaci\u00f3n y la vida, que siempre puede abrirse paso de nuevo&#8221;.<\/p>\n\n\n\n<p>Esta nueva pintura mural se enmarca dentro del GraffTech Fest\u2014aunque no se ha realizado en el marco del festival celebrado en la Bisbal del Pened\u00e8s durante los dos \u00faltimos meses de septiembre\u2014y ha sido creada a trav\u00e9s de la empresa organizadora del festival, Suite of Art.<\/p>\n","protected":false},"excerpt":{"rendered":"<p>Amb motiu de la inauguraci\u00f3 de &#8216;La Fassina&#8217;, aquest cap de setmana l&#8217;artista canari Ceser, de l&#8217;equip de Suite of Art, ha creat aquesta preciosa obra d&#8217;art a l&#8217;exterior del &hellip; <a href=\"https:\/\/bisbalpenedes.com\/web\/2025\/02\/11\/la-bisbal-del-penedes-estrena-una-nova-obra-dart-urba-dedicada-a-ladf-clot-de-bou\/\" class=\"more-link\">Read More<\/a><\/p>\n","protected":false},"author":4,"featured_media":32962,"comment_status":"closed","ping_status":"closed","sticky":false,"template":"","format":"standard","meta":[],"categories":[8],"tags":[1775,510,459,6257,393],"_links":{"self":[{"href":"https:\/\/bisbalpenedes.com\/web\/wp-json\/wp\/v2\/posts\/32961"}],"collection":[{"href":"https:\/\/bisbalpenedes.com\/web\/wp-json\/wp\/v2\/posts"}],"about":[{"href":"https:\/\/bisbalpenedes.com\/web\/wp-json\/wp\/v2\/types\/post"}],"author":[{"embeddable":true,"href":"https:\/\/bisbalpenedes.com\/web\/wp-json\/wp\/v2\/users\/4"}],"replies":[{"embeddable":true,"href":"https:\/\/bisbalpenedes.com\/web\/wp-json\/wp\/v2\/comments?post=32961"}],"version-history":[{"count":3,"href":"https:\/\/bisbalpenedes.com\/web\/wp-json\/wp\/v2\/posts\/32961\/revisions"}],"predecessor-version":[{"id":32965,"href":"https:\/\/bisbalpenedes.com\/web\/wp-json\/wp\/v2\/posts\/32961\/revisions\/32965"}],"wp:featuredmedia":[{"embeddable":true,"href":"https:\/\/bisbalpenedes.com\/web\/wp-json\/wp\/v2\/media\/32962"}],"wp:attachment":[{"href":"https:\/\/bisbalpenedes.com\/web\/wp-json\/wp\/v2\/media?parent=32961"}],"wp:term":[{"taxonomy":"category","embeddable":true,"href":"https:\/\/bisbalpenedes.com\/web\/wp-json\/wp\/v2\/categories?post=32961"},{"taxonomy":"post_tag","embeddable":true,"href":"https:\/\/bisbalpenedes.com\/web\/wp-json\/wp\/v2\/tags?post=32961"}],"curies":[{"name":"wp","href":"https:\/\/api.w.org\/{rel}","templated":true}]}}