{"id":32956,"date":"2025-02-10T14:35:00","date_gmt":"2025-02-10T12:35:00","guid":{"rendered":"https:\/\/bisbalpenedes.com\/web\/?p=32956"},"modified":"2025-02-10T14:35:00","modified_gmt":"2025-02-10T12:35:00","slug":"el-grup-de-cosidores-de-lassociacio-de-dones-la-roca-foradada-va-participar-en-la-60a-edicio-del-concurs-de-vestits-de-paper-de-mollerussa","status":"publish","type":"post","link":"https:\/\/bisbalpenedes.com\/web\/2025\/02\/10\/el-grup-de-cosidores-de-lassociacio-de-dones-la-roca-foradada-va-participar-en-la-60a-edicio-del-concurs-de-vestits-de-paper-de-mollerussa\/","title":{"rendered":"<strong>El grup de cosidores de l\u2019Associaci\u00f3 de dones La Roca Foradada va participar en la 60\u00aa edici\u00f3 del Concurs de Vestits de Paper de Mollerussa<\/strong>"},"content":{"rendered":"\n<p>Despr\u00e9s que el 2023 el grup de cosidores de l\u2019Associaci\u00f3 de dones La Roca Foradada s\u2019endugu\u00e9s la \u201cAgulla d\u2019or\u201d al Concurs de Vestits de Paper de Mollerussa amb \u201cLa fada dels vinyets\u201d, aquest 2024 les bisbalenques van tornar a competir amb un vestit inspirat en el canvi clim\u00e0tic que van anomenar \u201cEl crit de la terra\u201d i, tot i que no s\u2019han endut cap guard\u00f3, estan satisfetes amb el vestit que han fet durant, aproximadament, un total de 900 hores i contentes pel fet d\u2019haver viscut, novament, l\u2019experi\u00e8ncia.<\/p>\n\n\n\n<p>El concurs es va celebrar el 14 de desembre i les bisbalenques van competir amb 50 dissenys m\u00e9s fets \u00edntegrament amb paper. A m\u00e9s, en aquesta nova edici\u00f3 s\u2019inclo\u00efen canvis significatius en la normativa, amb l\u2019objectiu de potenciar la creativitat i l\u2019art en la confecci\u00f3 dels vestits, permetent, per exemple, l\u2019aplicaci\u00f3 de cola&nbsp; altres materials sempre que, en acabat, es detallessin a la descripci\u00f3.<\/p>\n\n\n\n<p>En el cas de les bisbalenques, el vestit s\u2019ha cosit a m\u00e0quina i a m\u00e0, utilitzant paper <em>kraft<\/em> entretelat per la base i amb aplicacions de paper cresp\u00f3 principalment de seda, de diari, de cuina, de forn, de magdalenes, reciclat&#8230; A m\u00e9s, tota la xarxa del vestit estava fet a m\u00e0, a ganxet.<\/p>\n\n\n\n<p>Des del grup de bisbalenques que ha participat en el concurs ens han explicat que enguany <em>\u201cvam aprofitar al m\u00e0xim fins a l\u2019\u00faltim dia, segurament perqu\u00e8 ja ten\u00edem l\u2019experi\u00e8ncia de l\u2019any passat i, en general, vam anar m\u00e9s tranquil\u00b7les. Per\u00f2 la feina no s\u2019acaba mai! Tanmateix, ten\u00edem l\u2019esperan\u00e7a i la il\u00b7lusi\u00f3 de rebre algun premi, per\u00f2 la veritat \u00e9s que va ser molt disputat\u201d<\/em> i han afegit que <em>\u201cencara que no h\u00e0gim guanyat cap premi, el nostre vestit era molt original i bonic\u201d.<\/em><\/p>\n\n\n\n<p>El grup de cosidores, en col\u00b7laboraci\u00f3 de l\u2019Ajuntament de la Bisbal del Pened\u00e8s, ha exposat a la primera planta del Centre Municipal de Cultura, perqu\u00e8 tothom qui vulgui veure\u2019l, ho pugui fer.<\/p>\n\n\n\n<p>El projecte ha estat liderat per l\u2019Asun, la Montse i la Vero. Tamb\u00e9 han format part de la confecci\u00f3 del vestit la M\u00aa Carme, la Isabel, la Nuri, la Roser, la Montserrat, l\u2019Hort\u00e8nsia i la Loli. Des d\u2019aqu\u00ed les felicitem per la feina feta que ben b\u00e9 es pot considerar una obra d\u2019art.<\/p>\n\n\n\n<p>D\u2019altra banda, us informem que estan engegant nous projectes i voldrien comptar amb persones que vulguin aprendre confecci\u00f3 i participar en les seves iniciatives. Per a m\u00e9s informaci\u00f3, adreceu-vos al local de la Roca Foradada (carrer Jacint Verdaguer, 30) els dimarts de 16 a 18h.<\/p>\n\n\n\n<hr class=\"wp-block-separator has-alpha-channel-opacity\"\/>\n\n\n\n<h3><strong>El grupo de costureras de la Associaci\u00f3 de dones La Roca Foradada particip\u00f3 en la 60\u00aa edici\u00f3n del Concurs de Vestits de Paper de Mollerussa<\/strong><\/h3>\n\n\n\n<p>Despu\u00e9s de que en 2023 el grupo de costureras de la Associaci\u00f3 de dones La Roca Foradada se llevara la \u201cAgulla d\u2019or\u201d en el Concurs de Vestits de Paper de Mollerussa con \u201cLa fada dels vinyets\u201d, este 2024 las bisbalenses volvieron a competir con un vestido inspirado en el cambio clim\u00e1tico que llamaron \u201cEl crit de la terra\u201d y, aunque no se han llevado ning\u00fan premio, est\u00e1n satisfechas con el vestido que han elaborado durante, aproximadamente, 900 horas y contentas por haber vivido, nuevamente, la experiencia.<\/p>\n\n\n\n<p>El concurso se celebr\u00f3 el 14 de diciembre y las <em>bisbalenques<\/em> compitieron con otros 50 dise\u00f1os hechos \u00edntegramente de papel. Adem\u00e1s, en esta nueva edici\u00f3n se incluyeron cambios significativos en la normativa con el objetivo de potenciar la creatividad y el arte en la confecci\u00f3n de los vestidos, permitiendo, por ejemplo, la aplicaci\u00f3n de cola y otros materiales, siempre que posteriormente se detallaran en la descripci\u00f3n.<\/p>\n\n\n\n<p>En el caso de las <em>bisbalenques<\/em>, el vestido se ha cosido a m\u00e1quina y a mano, utilizando papel <em>kraft<\/em> entretelado para la base y con aplicaciones de papel cresp\u00f3n principalmente de seda, de peri\u00f3dico, de cocina, de horno, de magdalenas, reciclado\u2026 Adem\u00e1s, toda la red del vestido estaba hecha a mano, con ganchillo.<\/p>\n\n\n\n<p>Desde el grupo de <em>bisbalenques<\/em> que ha participado en el concurso nos han explicado que este a\u00f1o <em>\u201caprovechamos hasta el \u00faltimo d\u00eda, seguramente porque ya ten\u00edamos la experiencia del a\u00f1o pasado y, en general, estuvimos m\u00e1s tranquilas. \u00a1Pero el trabajo nunca se acaba! Ten\u00edamos la esperanza y la ilusi\u00f3n de recibir alg\u00fan premio, pero la verdad es que estuvo muy disputado\u201d<\/em> y han a\u00f1adido que <em>\u201caunque no hayamos ganado ning\u00fan premio, nuestro vestido era muy original y bonito\u201d.<\/em><\/p>\n\n\n\n<p>El grupo de costureras, en colaboraci\u00f3n con el Ajuntament de la Bisbal del Pened\u00e8s, ha expuesto el vestido en la primera planta del Centre Municipal de Cultura para que todas las personas que quieran verlo puedan hacerlo.<\/p>\n\n\n\n<p>El proyecto ha estado liderado por Asun, Montse y Vero. Tambi\u00e9n han formado parte de la confecci\u00f3n del vestido M\u00aa Carme, Isabel, Nuri, Roser, Montserrat, Hort\u00e8nsia y Loli. Desde aqu\u00ed, las felicitamos por el trabajo realizado, que bien puede considerarse una obra de arte.<\/p>\n\n\n\n<p>Por otro lado, os informamos que est\u00e1n iniciando nuevos proyectos y les gustar\u00eda contar con personas que quieran aprender confecci\u00f3n y participar en sus iniciativas. Para m\u00e1s informaci\u00f3n, dirig\u00edos al local de La Roca Foradada (calle Jacint Verdaguer, 30) los martes de 16 a 18 h.<\/p>\n\n\n\n<p class=\"has-text-align-right\"><sup><sub>*Foto: Ra\u00fal Gallego<\/sub><\/sup><\/p>\n","protected":false},"excerpt":{"rendered":"<p>Despr\u00e9s que el 2023 el grup de cosidores de l\u2019Associaci\u00f3 de dones La Roca Foradada s\u2019endugu\u00e9s la \u201cAgulla d\u2019or\u201d al Concurs de Vestits de Paper de Mollerussa amb \u201cLa fada &hellip; <a href=\"https:\/\/bisbalpenedes.com\/web\/2025\/02\/10\/el-grup-de-cosidores-de-lassociacio-de-dones-la-roca-foradada-va-participar-en-la-60a-edicio-del-concurs-de-vestits-de-paper-de-mollerussa\/\" class=\"more-link\">Read More<\/a><\/p>\n","protected":false},"author":4,"featured_media":32958,"comment_status":"closed","ping_status":"closed","sticky":false,"template":"","format":"standard","meta":[],"categories":[13,20,8],"tags":[1624,459,6980,393,6400],"_links":{"self":[{"href":"https:\/\/bisbalpenedes.com\/web\/wp-json\/wp\/v2\/posts\/32956"}],"collection":[{"href":"https:\/\/bisbalpenedes.com\/web\/wp-json\/wp\/v2\/posts"}],"about":[{"href":"https:\/\/bisbalpenedes.com\/web\/wp-json\/wp\/v2\/types\/post"}],"author":[{"embeddable":true,"href":"https:\/\/bisbalpenedes.com\/web\/wp-json\/wp\/v2\/users\/4"}],"replies":[{"embeddable":true,"href":"https:\/\/bisbalpenedes.com\/web\/wp-json\/wp\/v2\/comments?post=32956"}],"version-history":[{"count":2,"href":"https:\/\/bisbalpenedes.com\/web\/wp-json\/wp\/v2\/posts\/32956\/revisions"}],"predecessor-version":[{"id":32959,"href":"https:\/\/bisbalpenedes.com\/web\/wp-json\/wp\/v2\/posts\/32956\/revisions\/32959"}],"wp:featuredmedia":[{"embeddable":true,"href":"https:\/\/bisbalpenedes.com\/web\/wp-json\/wp\/v2\/media\/32958"}],"wp:attachment":[{"href":"https:\/\/bisbalpenedes.com\/web\/wp-json\/wp\/v2\/media?parent=32956"}],"wp:term":[{"taxonomy":"category","embeddable":true,"href":"https:\/\/bisbalpenedes.com\/web\/wp-json\/wp\/v2\/categories?post=32956"},{"taxonomy":"post_tag","embeddable":true,"href":"https:\/\/bisbalpenedes.com\/web\/wp-json\/wp\/v2\/tags?post=32956"}],"curies":[{"name":"wp","href":"https:\/\/api.w.org\/{rel}","templated":true}]}}