{"id":32840,"date":"2025-02-09T12:49:01","date_gmt":"2025-02-09T10:49:01","guid":{"rendered":"https:\/\/bisbalpenedes.com\/web\/?p=32840"},"modified":"2025-02-09T12:49:48","modified_gmt":"2025-02-09T10:49:48","slug":"el-m-h-president-del-parlament-de-catalunya-josep-rull-ha-inaugurat-la-fassina-de-la-bisbal-del-penedes-aquest-dissabte-8-de-febrer","status":"publish","type":"post","link":"https:\/\/bisbalpenedes.com\/web\/2025\/02\/09\/el-m-h-president-del-parlament-de-catalunya-josep-rull-ha-inaugurat-la-fassina-de-la-bisbal-del-penedes-aquest-dissabte-8-de-febrer\/","title":{"rendered":"<strong>El M.H. president del Parlament de Catalunya, Josep Rull, ha inaugurat \u2018La Fassina\u2019 de La Bisbal del Pened\u00e8s aquest dissabte 8 de febrer<\/strong>"},"content":{"rendered":"\n<h4><strong>Es tracta d\u2019un nou equipament que allotjar\u00e0 la Colla Castellera La Bisbal del Pened\u00e8s i l\u2019ADF Clot de Bou<\/strong><\/h4>\n\n\n\n<p>El M.H. president del Parlament de Catalunya, el Josep Rull, ha inaugurat \u2018La Fassina\u2019 de Bisbal del Pened\u00e8s avui dissabte 8 de febrer. Aquest nou equipament est\u00e0 dividit en dues parts: d\u2019una banda acollir\u00e0 el local social -i d\u2019assaig- de la Colla Castellera La Bisbal del Pened\u00e8s (Bous) i de l\u2019altra albergar\u00e0 l\u2019ADF Clot de Bou i els seus vehicles. Les obres han suposat una inversi\u00f3 total d\u20191.039.069,11\u20ac (IVA incl\u00f2s).<\/p>\n\n\n\n<p>L\u2019alcaldessa de la Bisbal del Pened\u00e8s, Agn\u00e8s Ferr\u00e9, ha explicat que \u2018La Fassina\u2019 <em>\u201cocupa el lloc on, antigament, hi havia una f\u00e0brica d\u2019alcohol per cremar. Aquesta instal\u00b7laci\u00f3 va deixar de funcionar abans de la Guerra Civil i, durant d\u00e8cades, l\u2019espai va quedar en des\u00fas\u201d.<\/em> Ferr\u00e9 ha detallat que<em> \u201ctot i que no \u00e9s un edifici protegit, forma part de l\u2019skyline del municipi i, a m\u00e9s, quan l\u2019Ajuntament va adquirir l\u2019edifici ho va fer pensant que seria el lloc ideal per als assajos de la Colla Castellera La Bisbal del Pened\u00e8s, ja que la torre de \u2018La Fassina\u2019 \u00e9s el local de m\u00e9s al\u00e7ada del municipi i, si es tir\u00e9s a terra, no es podria tornar a construir amb la mateixa al\u00e7ada perqu\u00e8 no compliria normes. Per tant, ten\u00edem clar que l\u2019hav\u00edem de conservar\u201d. <\/em>D\u2019altra banda, ha apuntat que <em>\u201cinicialment l\u2019altra part de \u2018La Fassina\u2019 l\u2019hav\u00edem pensat com a magatzem municipal, per\u00f2 despr\u00e9s d\u2019haver de fer canvis en el pati per refor\u00e7ar la torre, l\u2019espai ens va quedar petit per a aquest \u00fas -ja que necessit\u00e0vem tenir l\u2019espai de pati per a la colla castellera- i com que l\u2019ADF Clot de Bou ja feia temps que ens demanava un espai m\u00e9s gran, des de la Regidoria de Medi Ambient vam considerar destinar aquest espai a l\u2019ADF\u201d.<\/em><\/p>\n\n\n\n<p>La regidora de Cultura i Medi Ambient, Judith Vidal, ha confessat que \u00e9s <em>\u201cfeli\u00e7 per la constataci\u00f3 de la feina \u00fatil, que \u00e9s l\u2019obligaci\u00f3 de tot servidor p\u00fablic\u201d <\/em>i ha afegit que <em>\u201cl\u2019ADF Clot de Bou \u00e9s una gran entitat comarcal, fundada tamb\u00e9 per bisbalencs, que fa una gran feina de prevenci\u00f3 i emerg\u00e8ncies i l\u2019equip de govern ha estat sempre conscient d\u2019aix\u00f2 i per aix\u00f2, els hem cedit sempre locals per fer formacions i han tingut sempre la nostra defensa encesa per les seves necessitats en convenis i subvencions. Des de fa un temps, amb el canvi clim\u00e0tic i l\u2019especial orografia del nostre municipi, sab\u00edem que els hav\u00edem de millorar les condicions. Per aix\u00f2, l\u2019anterior regidora de Medi Ambient, Leo Uceda, i l\u2019alcaldessa Agn\u00e8s Ferr\u00e9 ho van tenir clar\u00edssim quan van redefinir aquest espai\u201d. <\/em>Aquest nou espai servir\u00e0 perqu\u00e8 l\u2019ADF Clot de Bou hi pugui guardar vehicles i material i desenvolupar la seva tasca. Quant a la Colla Castellera La Bisbal del Pened\u00e8s, Vidal ha remarcat que els castellers <em>\u201cfan una gran feina de cohesi\u00f3 social i de demostraci\u00f3 de que junts som m\u00e9s forts, una cosa important en un municipi dispers i divers com el nostre\u201d<\/em> i ha afegit que <em>\u201cdes d\u2019un bon comen\u00e7ament tant l\u2019alcaldessa com jo hem sigut conscients de l\u2019especial necessitat de la nostra colla castellera d\u2019un espai singular, nom\u00e9s per a ells. Som un equip de govern comprom\u00e8s amb les entitats i per aix\u00f2, per a nosaltres, avui \u00e9s un gran dia. Complim una promesa feta amb el cor\u201d.<\/em><\/p>\n\n\n\n<p>El president de l\u2019ADF Clot de Bou, Xavier Ortiz, ha comen\u00e7at la seva intervenci\u00f3 fent refer\u00e8ncia al voluntariat de l\u2019entitat <em>\u201caquest acte per a mi no tindria sentit sense vosaltres, els voluntaris i volunt\u00e0ries que amb el vostre temps, esfor\u00e7 i dedicaci\u00f3 feu possible que la nostra comunitat sigui m\u00e9s solid\u00e0ria, m\u00e9s propera i m\u00e9s forta. I aix\u00f2 ho han vist els nostres pol\u00edtics m\u00e9s propers, que s\u00f3n els ajuntaments. El vostre esfor\u00e7 i el vostre altruisme ha fet que confi\u00efn en nosaltres. La nostra tasca ha sigut silenciosa per\u00f2 l\u2019impacte que t\u00e9 \u00e9s immens. Gr\u00e0cies per la vostra generositat i comprom\u00eds i per aix\u00f2 el primer i m\u00e9s gran reconeixement \u00e9s per a vosaltres, els voluntaris\u201d. Tot seguit ha donat les gr\u00e0cies a l\u2019alcaldessa i el seu equip de govern per \u201ctenir-nos en tanta consideraci\u00f3 i que hagin trobat la manera de dotar l\u2019ADF d\u2019un local. \u00c9s un reconeixement que posa en valor la import\u00e0ncia del voluntariat i el treball col\u00b7lectiu\u201d. Ortiz ha aprofitat la pres\u00e8ncia del President del Parlament i de diversos diputats per demanar \u201cvoluntat i fets\u201d als pol\u00edtics del pa\u00eds: \u201cestem demostrant cada dia la nostra capacitat de treball i organitzaci\u00f3. Aix\u00f2 ha estat possible per l\u2019esfor\u00e7 i l\u2019altruisme que representa el voluntariat i \u00e9s per aix\u00f2 que demano que tinguin la mateixa for\u00e7a i adaptin la legislaci\u00f3 a la nova realitat de les ADF i que no defalleixin en recon\u00e8ixer la import\u00e0ncia que tenim al nostre territori i al nostre pa\u00eds\u201d.<\/em><\/p>\n\n\n\n<p>Marc Vi\u00f1as, secretari de la Colla Castellera La Bisbal del Pened\u00e8s (Bous) ha explicat que la colla va n\u00e9ixer el 2015 i que ha hagut d\u2019assajar en diversos llocs durant anys, pel fet de no tenir un local: <em>\u201cens hem hagut d\u2019adaptar a la situaci\u00f3 i a les inclem\u00e8ncies del temps, pel fet d\u2019assajar en un espai exterior, pel fet de no tenir un espai amb al\u00e7ada. Aix\u00f2 ens ha obligat a escur\u00e7ar la temporada o, en algunes ocasions, a haver de suspendre assajos\u201d.<\/em> Vi\u00f1as ha volgut mostrar el seu agra\u00efment cap a l\u2019Ajuntament de la Bisbal del Pened\u00e8s <em>\u201cdurant tots aquests anys nosaltres, com a colla, hem rebut molt de suport de l\u2019Ajuntament: suport econ\u00f2mic, suport administratiu, institucional, un tracte personal excel\u00b7lent\u201d<\/em> i ha afegit que <em>\u201cfinalment ens van proposar l\u2019espai de \u2018La Fassina\u2019, que sembla que s\u00ed que reunia totes les condicions i, tot i que ha estat un p\u00e8l llarg tot el proc\u00e9s, avui inaugurem aquest espai\u201d<\/em>. Per acabar, s\u2019ha mostrat conven\u00e7ut que <em>\u201cpel futur del poble i de la colla, aquest local ha de ser un impuls per fer cr\u00e9ixer socialment la colla, per fer m\u00e9s i millors castells ,i per a la Bisbal, aquest ha de ser un nou espai social obert al poble i a les entitats, per col\u00b7laborar amb tothom, tant social com culturalment\u201d.<\/em><\/p>\n\n\n\n<p>El MH president del Parlament de Catalunya, Josep Rull, ha afirmat que <em>\u201caquest \u00e9s un acte d\u2019autoestima col\u00b7lectiva. \u00c9s un acte en qu\u00e8 posem en valor diversos elements. D\u2019una banda, la capacitat del bon govern, d\u2019un govern d\u2019un Ajuntament que \u00e9s capa\u00e7 de concebre el seu municipi en termes de servei\u201d<\/em>. D\u2019altra banda ha afegit que <em>\u201cun equipament d\u2019aquestes caracter\u00edstiques necessita el m\u00e9s transcendent. All\u00f2 que marca la difer\u00e8ncia i que el fa ser excel\u00b7lent \u00e9s l\u2019\u00e0nima i heu escollit dos elements que subratllen aquesta \u00e0nima que t\u00e9 la Bisbal i que t\u00e9 la naci\u00f3, que t\u00e9 el pa\u00eds, que t\u00e9 Catalunya: a trav\u00e9s del fet casteller que \u00e9s una de les fonts d\u2019orgull col\u00b7lectiu m\u00e9s importants i a trav\u00e9s de les ADFs en uns moments que s\u00f3n absolutament rellevants\u201d. <\/em>En aquest sentit, Rull ha fet refer\u00e8ncia al canvi clim\u00e0tic <em>\u201cel pa\u00eds ha d\u2019estar molt preparat, hem de fer bones pol\u00edtiques de mitigaci\u00f3. Des de Catalunya farem els deures. I sabem que hi ha una amena\u00e7a, ens hem d\u2019anticipar i les feines que fan les ADFs s\u00f3n fonamentals en aquest moment. En un escenari d\u2019emerg\u00e8ncia clim\u00e0tica, l\u2019exist\u00e8ncia de les Agrupacions de Defensa Forestal -que vol dir un coneixement prec\u00eds del territori des del voluntariat- \u00e9s innegociable. I per tant, que h\u00e0giu decidit que en aquesta \u2018Fassina\u2019 hi hagu\u00e9s les ADFs d\u2019aquests tres municipis \u00e9s entendre on som i qu\u00e8 volem ser com a pa\u00eds\u201d.<\/em><\/p>\n\n\n\n<p>Pel que fa a la Colla Castellera La Bisbal del Pened\u00e8s, el President del Parlament ha tra\u00e7at un paral\u00b7lelisme entre la sardana i els castells:<em> \u201cels catalans som especials amb aix\u00f2: amb la sardana, que iguala tothom, que hi balla tothom, independentment de la seva edat i condici\u00f3 social; i amb &nbsp;els castellers, on hi som tots: homes dones&#8230; qu\u00e8 important va ser incorporar les dones en els troncs dels castells! Sense les dones hagu\u00e9s estat impossible fer castells de 9 i de 10! I gent que representa com \u00e9s el pa\u00eds: gent de realitats socioecon\u00f2miques distintes i gent de proced\u00e8ncies diferents. Gent que ha nascut a Catalunya i gent que ha nascut fora de Catalunya i que ha volgut que aquesta fos la seva terra i la terra dels seus fills. I \u00e9s d\u2019una pot\u00e8ncia simb\u00f2lica extraordin\u00e0ria\u201d. <\/em>A m\u00e9s, ha destacat que<em> \u201cnosaltres som el pa\u00eds dels castells, d\u2019aquesta obra col\u00b7lectiva, d\u2019aquesta obra comuna en qu\u00e8 tothom \u00e9s rellevant, tothom \u00e9s important. L\u2019important \u00e9s l\u2019obra col\u00b7lectiva. I aix\u00f2 \u00e9s el que avui el pa\u00eds necessita: mirar-nos al mirall, tornar-nos a agradar, tornar a recuperar aquesta visi\u00f3 col\u00b7lectiva i entendre que, si ens ho proposem, podem&nbsp; aconseguir les fites m\u00e9s ambicioses. Hi ha d\u2019haver generositat, treball en equip i respecte\u201d. Per acabar, Rull ha felicitat l\u2019equip de govern \u201calcaldessa, que b\u00e9 que hagueu triat aquestes dues realitats, les ADFs i els castells per omplir d\u2019\u00e0nima, de vida, de prop\u00f2sit, aquesta \u2018Fassina\u2019\u201d.<\/em><\/p>\n\n\n\n<p>L\u2019any 2019, l\u2019Ajuntament de la Bisbal del Pened\u00e8s va adquirir l\u2019edifici de \u2018La Fassina\u2019 i va procedir a l\u2019enderroc de les construccions existents, preservant \u00fanicament la torre hist\u00f2rica. El febrer de 2023 van comen\u00e7ar les obres de rehabilitaci\u00f3 de la torre i la construcci\u00f3 de dos nous espais diferenciats per acollir la Colla Castellera La Bisbal del Pened\u00e8s (Bous) i l\u2019ADF Clot de Bou. L\u2019espai destinat a la colla castellera inclou un local social, un pati i la torre per als assajos. Per la seva banda, l\u2019ADF disposar\u00e0 d\u2019un garatge, un magatzem i un despatx amb sala de reunions. Ambdues entitats comptaran amb lavabos, i en el cas de l\u2019ADF, tamb\u00e9 amb espai amb dutxa.<\/p>\n\n\n\n<p>El gener de 2025 es va fer la recepci\u00f3 oficial de les obres, que han suposat una inversi\u00f3 total d\u20191.039.069,11 \u20ac (IVA incl\u00f2s), sumant la compra de l\u2019edifici, els projectes, l\u2019enderroc i la construcci\u00f3 del nou espai. Durant la inauguraci\u00f3, la Colla Castellera La Bisbal del Pened\u00e8s (Bous) han fet un pilar de 4 a l\u2019exterior i un a l\u2019interior i, en acabar els parlaments, els grallers de la colla local han interpretat el Cant dels Segadors. Per \u00faltim, els convidats han pogut gaudir d\u2019una copa de cava i un aperitiu a peu dret.<\/p>\n\n\n\n<p>A l\u2019acte d\u2019inauguraci\u00f3 hi han assistit regidors de tots els grups pol\u00edtics que formen part del consistori bisbalenc, diversos alcaldes i regidors de la comarca, nombroses autoritats del territori, integrants de la resta d\u2019entitats del municipi, representants del m\u00f3n casteller i membres de les colles que tenen una relaci\u00f3 m\u00e9s estreta amb el municipi de la Bisbal i la seva colla.<\/p>\n\n\n\n<hr class=\"wp-block-separator has-alpha-channel-opacity\"\/>\n\n\n\n<h2><strong>El M.H. presidente del Parlament de Catalunya, Josep Rull, ha inaugurado \u2018La Fassina\u2019 de La Bisbal del Pened\u00e8s este s\u00e1bado 8 de febrero.<\/strong><\/h2>\n\n\n\n<h4><strong>Se trata de un nuevo equipamiento que albergar\u00e1 a la Colla Castellera La Bisbal del Pened\u00e8s y la ADF Clot de Bou<\/strong><\/h4>\n\n\n\n<p>El M.H. presidente del Parlament de Catalunya, Josep Rull, ha inaugurado \u2018La Fassina\u2019 de La Bisbal del Pened\u00e8s este s\u00e1bado 8 de febrero. Este nuevo equipamiento est\u00e1 dividido en dos partes: por un lado, acoger\u00e1 el local social -y de ensayo- de la Colla Castellera La Bisbal del Pened\u00e8s (Bous) y, por otro, albergar\u00e1 la ADF Clot de Bou y sus veh\u00edculos. Las obras han supuesto una inversi\u00f3n total de 1.039.069,11\u20ac (IVA incluido).<\/p>\n\n\n\n<p>La alcaldesa de La Bisbal del Pened\u00e8s, Agn\u00e8s Ferr\u00e9, ha explicado que \u2018La Fassina\u2019 <em>\u201cocupa el lugar donde, antiguamente, hab\u00eda una f\u00e1brica de alcohol para quemar. Esta instalaci\u00f3n dej\u00f3 de funcionar antes de la Guerra Civil y, durante d\u00e9cadas, el espacio qued\u00f3 en desuso\u201d.<\/em> Ferr\u00e9 ha detallado que <em>\u201caunque no es un edificio protegido, forma parte del skyline del municipio y, adem\u00e1s, cuando el Ayuntamiento adquiri\u00f3 el edificio lo hizo pensando en que ser\u00eda el lugar ideal para los ensayos de la Colla Castellera La Bisbal del Pened\u00e8s, ya que la torre de \u2018La Fassina\u2019 es el local de mayor altura del municipio y, si se derribara, no se podr\u00eda volver a construir con la misma altura porque no cumplir\u00eda las normativas. Por lo tanto, ten\u00edamos claro que deb\u00edamos conservarlo\u201d.<\/em> Por otro lado, ha se\u00f1alado que <em>\u201cinicialmente, la otra parte de \u2018La Fassina\u2019 la hab\u00edamos pensado como almac\u00e9n municipal, pero despu\u00e9s de tener que hacer cambios en el patio para reforzar la torre, el espacio nos qued\u00f3 peque\u00f1o para este uso -ya que necesit\u00e1bamos tener el espacio de patio para la colla castellera- y como la ADF Clot de Bou ya hac\u00eda tiempo que nos ped\u00eda un espacio m\u00e1s grande, desde la Concejal\u00eda de Medio Ambiente consideramos destinar este espacio a la ADF\u201d.<\/em><\/p>\n\n\n\n<p>La concejala de Cultura y Medio Ambiente, Judith Vidal, ha confesado que est\u00e1 <em>\u201cfeliz por la constataci\u00f3n del trabajo \u00fatil, que es la obligaci\u00f3n de todo servidor p\u00fablico\u201d<\/em> y ha a\u00f1adido que <em>\u201cla ADF Clot de Bou es una gran entidad comarcal, fundada tambi\u00e9n por bisbalencs, que realiza una gran labor de prevenci\u00f3n y emergencias, y el equipo de gobierno ha sido siempre consciente de ello y por eso les hemos cedido siempre locales para realizar formaciones y han tenido siempre nuestro apoyo para sus necesidades en convenios y subvenciones. Desde hace un tiempo, con el cambio clim\u00e1tico y la especial orograf\u00eda de nuestro municipio, sab\u00edamos que deb\u00edamos mejorar sus condiciones. Por ello, la anterior concejala de Medio Ambiente, Leo Uceda, y la alcaldesa Agn\u00e8s Ferr\u00e9 lo tuvieron clar\u00edsimo cuando redefinieron este espacio\u201d. <\/em>Este nuevo espacio servir\u00e1 para que la ADF Clot de Bou pueda guardar veh\u00edculos y material y desarrollar su labor. En cuanto a la Colla Castellera La Bisbal del Pened\u00e8s, Vidal ha destacado que los castellers <em>\u201crealizan una gran labor de cohesi\u00f3n social y de demostraci\u00f3n de que juntos somos m\u00e1s fuertes, algo importante en un municipio disperso y diverso como el nuestro\u201d y ha a\u00f1adido que \u201cdesde el principio, tanto la alcaldesa como yo hemos sido conscientes de la especial necesidad de nuestra colla castellera de contar con un espacio singular, solo para ellos. Somos un equipo de gobierno comprometido con las entidades y por eso, para nosotros, hoy es un gran d\u00eda. Cumplimos una promesa hecha con el coraz\u00f3n\u201d.<\/em><\/p>\n\n\n\n<p>El presidente de la ADF Clot de Bou, Xavier Ortiz, ha comenzado su intervenci\u00f3n haciendo referencia al voluntariado de la entidad: <em>\u201ceste acto para m\u00ed no tendr\u00eda sentido sin vosotros, los voluntarios y voluntarias que con vuestro tiempo, esfuerzo y dedicaci\u00f3n hac\u00e9is posible que nuestra comunidad sea m\u00e1s solidaria, m\u00e1s cercana y m\u00e1s fuerte. Y esto lo han visto nuestros pol\u00edticos m\u00e1s cercanos, que son los ayuntamientos. Vuestro esfuerzo y vuestro altruismo han hecho que conf\u00eden en nosotros. Nuestra labor ha sido silenciosa, pero el impacto que tiene es inmenso. Gracias por vuestra generosidad y compromiso y por eso el primer y mayor reconocimiento es para vosotros, los voluntarios\u201d. <\/em>A continuaci\u00f3n, ha agradecido a la alcaldesa y su equipo de gobierno por <em>\u201ctenernos en tanta consideraci\u00f3n y haber encontrado la manera de dotar a la ADF de un local. Es un reconocimiento que pone en valor la importancia del voluntariado y el trabajo colectivo\u201d.<\/em> Ortiz ha aprovechado la presencia del presidente del Parlament y de varios diputados para pedir <em>\u201cvoluntad y hechos\u201d<\/em> a los pol\u00edticos del pa\u00eds: <em>\u201cestamos demostrando cada d\u00eda nuestra capacidad de trabajo y organizaci\u00f3n. Esto ha sido posible por el esfuerzo y el altruismo que representa el voluntariado y es por eso por lo que pido que tengan la misma determinaci\u00f3n y adapten la legislaci\u00f3n a la nueva realidad de las ADF y que no desfallezcan en reconocer la importancia que tenemos en nuestro territorio y en nuestro pa\u00eds\u201d.<\/em><\/p>\n\n\n\n<p>Marc Vi\u00f1as, secretario de la Colla Castellera La Bisbal del Pened\u00e8s (Bous), ha explicado que la colla naci\u00f3 en 2015 y que ha tenido que ensayar en diversos lugares durante a\u00f1os, debido a la falta de un local: <em>\u201cnos hemos tenido que adaptar a la situaci\u00f3n y a las inclemencias del tiempo, al ensayar en un espacio exterior por no contar con un espacio con altura. Esto nos ha obligado a acortar la temporada o, en algunas ocasiones, a suspender ensayos\u201d. <\/em>Vi\u00f1as ha querido mostrar su agradecimiento hacia el Ajuntament de La Bisbal del Pened\u00e8s: <em>\u201cdurante todos estos a\u00f1os nosotros, como colla, hemos recibido mucho apoyo del Ayuntamiento: apoyo econ\u00f3mico, administrativo, institucional, un trato personal excelente\u201d<\/em> y ha a\u00f1adido que <em>\u201cfinalmente nos propusieron el espacio de \u2018La Fassina\u2019, que parece que s\u00ed reun\u00eda todas las condiciones y, aunque todo el proceso ha sido un poco largo, hoy inauguramos este espacio\u201d. <\/em>Para finalizar, se ha mostrado convencido de que<em> \u201cpara el futuro del pueblo y de la colla, este local debe ser un impulso para hacer crecer socialmente la colla, para hacer m\u00e1s y mejores castells y, para La Bisbal, este debe ser un nuevo espacio social abierto al pueblo y a las entidades, para colaborar con todos, tanto social como culturalmente\u201d.<\/em><\/p>\n\n\n\n<p>El M.H. presidente del Parlament de Catalunya, Josep Rull, ha afirmado que <em>\u201ceste es un acto de autoestima colectiva. Es un acto en el que ponemos en valor varios elementos. Por un lado, la capacidad del buen gobierno, de un gobierno de un Ayuntamiento que es capaz de concebir su municipio en t\u00e9rminos de servicio\u201d. <\/em>Por otro lado, ha a\u00f1adido que <em>\u201cun equipamiento de estas caracter\u00edsticas necesita lo m\u00e1s trascendental. Aquello que marca la diferencia y lo hace excelente es el alma, y hab\u00e9is escogido dos elementos que subrayan esta alma que tiene La Bisbal y que tiene la naci\u00f3n, que tiene el pa\u00eds, que tiene Catalu\u00f1a: a trav\u00e9s del hecho casteller, que es una de las fuentes de orgullo colectivo m\u00e1s importantes, y a trav\u00e9s de las ADF en unos momentos absolutamente relevantes\u201d.<\/em><\/p>\n\n\n\n<p>En este sentido, Rull ha hecho referencia al cambio clim\u00e1tico: <em>\u201cel pa\u00eds debe estar muy preparado, debemos hacer buenas pol\u00edticas de mitigaci\u00f3n. Desde Catalu\u00f1a haremos los deberes. Y sabemos que hay una amenaza, debemos anticiparnos y las tareas que realizan las ADF son fundamentales en este momento. En un escenario de emergencia clim\u00e1tica, la existencia de las Agrupaciones de Defensa Forestal \u2013que implica un conocimiento preciso del territorio desde el voluntariado\u2013 es innegociable. Y por lo tanto, que hay\u00e1is decidido que en esta \u2018Fassina\u2019 estuvieran las ADF de estos tres municipios es entender d\u00f3nde estamos y qu\u00e9 queremos ser como pa\u00eds\u201d.<\/em><\/p>\n\n\n\n<p>En cuanto a la Colla Castellera La Bisbal del Pened\u00e8s, el presidente del Parlament ha trazado un paralelismo entre la sardana y los castells: <em>\u201clos catalanes somos especiales en esto: con la sardana, que iguala a todos, donde baila todo el mundo, independientemente de su edad y condici\u00f3n social; y con los castellers, donde estamos todos: hombres, mujeres&#8230; \u00a1Qu\u00e9 importante fue incorporar a las mujeres en los troncos de los castells! Sin las mujeres hubiera sido imposible hacer castells de 9 y de 10. Y gente que representa c\u00f3mo es el pa\u00eds: personas de realidades socioecon\u00f3micas distintas y de procedencias diferentes. Gente que ha nacido en Catalu\u00f1a y gente que ha nacido fuera de Catalu\u00f1a y ha querido que esta fuera su tierra y la tierra de sus hijos. Y eso tiene una potencia simb\u00f3lica extraordinaria\u201d.<\/em> Adem\u00e1s, ha destacado que<em> \u201cnosotros somos el pa\u00eds de los castells, de esta obra colectiva, de esta obra com\u00fan en la que todos son relevantes, todos son importantes. Lo importante es la obra colectiva. Y esto es lo que hoy el pa\u00eds necesita: mirarnos al espejo, volver a gustarnos, recuperar esta visi\u00f3n colectiva y entender que, si nos lo proponemos, podemos alcanzar las metas m\u00e1s ambiciosas. Debe haber generosidad, trabajo en equipo y respeto\u201d.<\/em><\/p>\n\n\n\n<p>Para finalizar, Rull ha felicitado al equipo de gobierno: <em>\u201cAlcaldesa, \u00a1qu\u00e9 bien que hay\u00e1is elegido estas dos realidades, las ADF y los castells, para llenar de alma, de vida, de prop\u00f3sito, esta \u2018Fassina\u2019!\u201d.<\/em><\/p>\n\n\n\n<p>En 2019, el Ayuntamiento de La Bisbal del Pened\u00e8s adquiri\u00f3 el edificio de \u2018La Fassina\u2019 y procedi\u00f3 a la demolici\u00f3n de las construcciones existentes, preservando \u00fanicamente la torre hist\u00f3rica. En febrero de 2023 comenzaron las obras de rehabilitaci\u00f3n de la torre y la construcci\u00f3n de dos nuevos espacios diferenciados para acoger a la Colla Castellera La Bisbal del Pened\u00e8s (Bous) y la ADF Clot de Bou. El espacio destinado a la colla castellera incluye un local social, un patio y la torre para los ensayos. Por su parte, la ADF dispondr\u00e1 de un garaje, un almac\u00e9n y un despacho con sala de reuniones. Ambas entidades contar\u00e1n con ba\u00f1os y, en el caso de la ADF, tambi\u00e9n con un espacio con ducha.<\/p>\n\n\n\n<p>En enero de 2025 se realiz\u00f3 la recepci\u00f3n oficial de las obras, que han supuesto una inversi\u00f3n total de 1.039.069,11 \u20ac (IVA incluido), sumando la compra del edificio, los proyectos, la demolici\u00f3n y la construcci\u00f3n del nuevo espacio. Durante la inauguraci\u00f3n, la Colla Castellera La Bisbal del Pened\u00e8s (Bous) realiz\u00f3 un pilar de 4 en el exterior y otro en el interior, y al finalizar los discursos, los grallers de la colla local interpretaron el \u201cCant dels Segadors\u201d. Finalmente, los invitados pudieron disfrutar de una copa de cava y un aperitivo de pie.<\/p>\n\n\n\n<p>Al acto de inauguraci\u00f3n asistieron concejales de todos los grupos pol\u00edticos que forman parte del consistorio de La Bisbal del Pened\u00e8s, &nbsp;varios alcaldes y concejales de la comarca, numerosas autoridades del territorio, integrantes del resto de entidades del municipio, representantes del mundo casteller y miembros de las colles que tienen una relaci\u00f3n m\u00e1s estrecha con el municipio de La Bisbal y su colla.<br><strong>Fotos: Ra\u00fal Gallego<\/strong><\/p>\n\n\n\n<figure class=\"wp-container-2 wp-block-gallery-1 wp-block-gallery has-nested-images columns-default is-cropped\">\n<figure class=\"wp-block-image size-large\"><img loading=\"lazy\" width=\"1024\" height=\"819\" data-id=\"32852\"  src=\"https:\/\/bisbalpenedes.com\/web\/wp-content\/uploads\/2025\/02\/P2080954-a-mida-gran-1024x819.jpeg\" alt=\"\" class=\"wp-image-32852\" srcset=\"https:\/\/bisbalpenedes.com\/web\/wp-content\/uploads\/2025\/02\/P2080954-a-mida-gran-1024x819.jpeg 1024w, https:\/\/bisbalpenedes.com\/web\/wp-content\/uploads\/2025\/02\/P2080954-a-mida-gran-300x240.jpeg 300w, https:\/\/bisbalpenedes.com\/web\/wp-content\/uploads\/2025\/02\/P2080954-a-mida-gran-768x614.jpeg 768w, https:\/\/bisbalpenedes.com\/web\/wp-content\/uploads\/2025\/02\/P2080954-a-mida-gran-600x480.jpeg 600w, https:\/\/bisbalpenedes.com\/web\/wp-content\/uploads\/2025\/02\/P2080954-a-mida-gran.jpeg 1280w\" sizes=\"(max-width: 1024px) 100vw, 1024px\" \/><\/figure>\n\n\n\n<figure class=\"wp-block-image size-large\"><img loading=\"lazy\" width=\"1024\" height=\"819\" data-id=\"32850\"  src=\"https:\/\/bisbalpenedes.com\/web\/wp-content\/uploads\/2025\/02\/P2080933-a-mida-gran-1024x819.jpeg\" alt=\"\" class=\"wp-image-32850\" srcset=\"https:\/\/bisbalpenedes.com\/web\/wp-content\/uploads\/2025\/02\/P2080933-a-mida-gran-1024x819.jpeg 1024w, https:\/\/bisbalpenedes.com\/web\/wp-content\/uploads\/2025\/02\/P2080933-a-mida-gran-300x240.jpeg 300w, https:\/\/bisbalpenedes.com\/web\/wp-content\/uploads\/2025\/02\/P2080933-a-mida-gran-768x614.jpeg 768w, https:\/\/bisbalpenedes.com\/web\/wp-content\/uploads\/2025\/02\/P2080933-a-mida-gran-600x480.jpeg 600w, https:\/\/bisbalpenedes.com\/web\/wp-content\/uploads\/2025\/02\/P2080933-a-mida-gran.jpeg 1280w\" sizes=\"(max-width: 1024px) 100vw, 1024px\" \/><\/figure>\n\n\n\n<figure class=\"wp-block-image size-large\"><img loading=\"lazy\" width=\"1024\" height=\"819\" data-id=\"32849\"  src=\"https:\/\/bisbalpenedes.com\/web\/wp-content\/uploads\/2025\/02\/P2080924-a-mida-gran-1024x819.jpeg\" alt=\"\" class=\"wp-image-32849\" srcset=\"https:\/\/bisbalpenedes.com\/web\/wp-content\/uploads\/2025\/02\/P2080924-a-mida-gran-1024x819.jpeg 1024w, https:\/\/bisbalpenedes.com\/web\/wp-content\/uploads\/2025\/02\/P2080924-a-mida-gran-300x240.jpeg 300w, https:\/\/bisbalpenedes.com\/web\/wp-content\/uploads\/2025\/02\/P2080924-a-mida-gran-768x614.jpeg 768w, https:\/\/bisbalpenedes.com\/web\/wp-content\/uploads\/2025\/02\/P2080924-a-mida-gran-600x480.jpeg 600w, https:\/\/bisbalpenedes.com\/web\/wp-content\/uploads\/2025\/02\/P2080924-a-mida-gran.jpeg 1280w\" sizes=\"(max-width: 1024px) 100vw, 1024px\" \/><\/figure>\n\n\n\n<figure class=\"wp-block-image size-large\"><img loading=\"lazy\" width=\"1024\" height=\"819\" data-id=\"32847\"  src=\"https:\/\/bisbalpenedes.com\/web\/wp-content\/uploads\/2025\/02\/P2080918-a-mida-gran-1024x819.jpeg\" alt=\"\" class=\"wp-image-32847\" srcset=\"https:\/\/bisbalpenedes.com\/web\/wp-content\/uploads\/2025\/02\/P2080918-a-mida-gran-1024x819.jpeg 1024w, https:\/\/bisbalpenedes.com\/web\/wp-content\/uploads\/2025\/02\/P2080918-a-mida-gran-300x240.jpeg 300w, https:\/\/bisbalpenedes.com\/web\/wp-content\/uploads\/2025\/02\/P2080918-a-mida-gran-768x614.jpeg 768w, https:\/\/bisbalpenedes.com\/web\/wp-content\/uploads\/2025\/02\/P2080918-a-mida-gran-600x480.jpeg 600w, https:\/\/bisbalpenedes.com\/web\/wp-content\/uploads\/2025\/02\/P2080918-a-mida-gran.jpeg 1280w\" sizes=\"(max-width: 1024px) 100vw, 1024px\" \/><\/figure>\n\n\n\n<figure class=\"wp-block-image size-large\"><img loading=\"lazy\" width=\"1024\" height=\"819\" data-id=\"32848\"  src=\"https:\/\/bisbalpenedes.com\/web\/wp-content\/uploads\/2025\/02\/P2080909-a-mida-gran-1024x819.jpeg\" alt=\"\" class=\"wp-image-32848\" srcset=\"https:\/\/bisbalpenedes.com\/web\/wp-content\/uploads\/2025\/02\/P2080909-a-mida-gran-1024x819.jpeg 1024w, https:\/\/bisbalpenedes.com\/web\/wp-content\/uploads\/2025\/02\/P2080909-a-mida-gran-300x240.jpeg 300w, https:\/\/bisbalpenedes.com\/web\/wp-content\/uploads\/2025\/02\/P2080909-a-mida-gran-768x614.jpeg 768w, https:\/\/bisbalpenedes.com\/web\/wp-content\/uploads\/2025\/02\/P2080909-a-mida-gran-600x480.jpeg 600w, https:\/\/bisbalpenedes.com\/web\/wp-content\/uploads\/2025\/02\/P2080909-a-mida-gran.jpeg 1280w\" sizes=\"(max-width: 1024px) 100vw, 1024px\" \/><\/figure>\n\n\n\n<figure class=\"wp-block-image size-large\"><img loading=\"lazy\" width=\"1024\" height=\"819\" data-id=\"32854\"  src=\"https:\/\/bisbalpenedes.com\/web\/wp-content\/uploads\/2025\/02\/P2080907-a-mida-gran-1024x819.jpeg\" alt=\"\" class=\"wp-image-32854\" srcset=\"https:\/\/bisbalpenedes.com\/web\/wp-content\/uploads\/2025\/02\/P2080907-a-mida-gran-1024x819.jpeg 1024w, https:\/\/bisbalpenedes.com\/web\/wp-content\/uploads\/2025\/02\/P2080907-a-mida-gran-300x240.jpeg 300w, https:\/\/bisbalpenedes.com\/web\/wp-content\/uploads\/2025\/02\/P2080907-a-mida-gran-768x614.jpeg 768w, https:\/\/bisbalpenedes.com\/web\/wp-content\/uploads\/2025\/02\/P2080907-a-mida-gran-600x480.jpeg 600w, https:\/\/bisbalpenedes.com\/web\/wp-content\/uploads\/2025\/02\/P2080907-a-mida-gran.jpeg 1280w\" sizes=\"(max-width: 1024px) 100vw, 1024px\" \/><\/figure>\n\n\n\n<figure class=\"wp-block-image size-large\"><img loading=\"lazy\" width=\"1024\" height=\"819\" data-id=\"32859\"  src=\"https:\/\/bisbalpenedes.com\/web\/wp-content\/uploads\/2025\/02\/P2080898-a-mida-gran-1024x819.jpeg\" alt=\"\" class=\"wp-image-32859\" srcset=\"https:\/\/bisbalpenedes.com\/web\/wp-content\/uploads\/2025\/02\/P2080898-a-mida-gran-1024x819.jpeg 1024w, https:\/\/bisbalpenedes.com\/web\/wp-content\/uploads\/2025\/02\/P2080898-a-mida-gran-300x240.jpeg 300w, https:\/\/bisbalpenedes.com\/web\/wp-content\/uploads\/2025\/02\/P2080898-a-mida-gran-768x614.jpeg 768w, https:\/\/bisbalpenedes.com\/web\/wp-content\/uploads\/2025\/02\/P2080898-a-mida-gran-600x480.jpeg 600w, https:\/\/bisbalpenedes.com\/web\/wp-content\/uploads\/2025\/02\/P2080898-a-mida-gran.jpeg 1280w\" sizes=\"(max-width: 1024px) 100vw, 1024px\" \/><\/figure>\n\n\n\n<figure class=\"wp-block-image size-large\"><img loading=\"lazy\" width=\"1024\" height=\"819\" data-id=\"32861\"  src=\"https:\/\/bisbalpenedes.com\/web\/wp-content\/uploads\/2025\/02\/P2080879-a-mida-gran-1024x819.jpeg\" alt=\"\" class=\"wp-image-32861\" srcset=\"https:\/\/bisbalpenedes.com\/web\/wp-content\/uploads\/2025\/02\/P2080879-a-mida-gran-1024x819.jpeg 1024w, https:\/\/bisbalpenedes.com\/web\/wp-content\/uploads\/2025\/02\/P2080879-a-mida-gran-300x240.jpeg 300w, https:\/\/bisbalpenedes.com\/web\/wp-content\/uploads\/2025\/02\/P2080879-a-mida-gran-768x614.jpeg 768w, https:\/\/bisbalpenedes.com\/web\/wp-content\/uploads\/2025\/02\/P2080879-a-mida-gran-600x480.jpeg 600w, https:\/\/bisbalpenedes.com\/web\/wp-content\/uploads\/2025\/02\/P2080879-a-mida-gran.jpeg 1280w\" sizes=\"(max-width: 1024px) 100vw, 1024px\" \/><\/figure>\n\n\n\n<figure class=\"wp-block-image size-large\"><img loading=\"lazy\" width=\"1024\" height=\"819\" data-id=\"32855\"  src=\"https:\/\/bisbalpenedes.com\/web\/wp-content\/uploads\/2025\/02\/P2080848-a-mida-gran-1024x819.jpeg\" alt=\"\" class=\"wp-image-32855\" srcset=\"https:\/\/bisbalpenedes.com\/web\/wp-content\/uploads\/2025\/02\/P2080848-a-mida-gran-1024x819.jpeg 1024w, https:\/\/bisbalpenedes.com\/web\/wp-content\/uploads\/2025\/02\/P2080848-a-mida-gran-300x240.jpeg 300w, https:\/\/bisbalpenedes.com\/web\/wp-content\/uploads\/2025\/02\/P2080848-a-mida-gran-768x614.jpeg 768w, https:\/\/bisbalpenedes.com\/web\/wp-content\/uploads\/2025\/02\/P2080848-a-mida-gran-600x480.jpeg 600w, https:\/\/bisbalpenedes.com\/web\/wp-content\/uploads\/2025\/02\/P2080848-a-mida-gran.jpeg 1280w\" sizes=\"(max-width: 1024px) 100vw, 1024px\" \/><\/figure>\n\n\n\n<figure class=\"wp-block-image size-large\"><img loading=\"lazy\" width=\"1024\" height=\"819\" data-id=\"32858\"  src=\"https:\/\/bisbalpenedes.com\/web\/wp-content\/uploads\/2025\/02\/P2080845-a-mida-gran-1024x819.jpeg\" alt=\"\" class=\"wp-image-32858\" srcset=\"https:\/\/bisbalpenedes.com\/web\/wp-content\/uploads\/2025\/02\/P2080845-a-mida-gran-1024x819.jpeg 1024w, https:\/\/bisbalpenedes.com\/web\/wp-content\/uploads\/2025\/02\/P2080845-a-mida-gran-300x240.jpeg 300w, https:\/\/bisbalpenedes.com\/web\/wp-content\/uploads\/2025\/02\/P2080845-a-mida-gran-768x614.jpeg 768w, https:\/\/bisbalpenedes.com\/web\/wp-content\/uploads\/2025\/02\/P2080845-a-mida-gran-600x480.jpeg 600w, https:\/\/bisbalpenedes.com\/web\/wp-content\/uploads\/2025\/02\/P2080845-a-mida-gran.jpeg 1280w\" sizes=\"(max-width: 1024px) 100vw, 1024px\" \/><\/figure>\n\n\n\n<figure class=\"wp-block-image size-large\"><img loading=\"lazy\" width=\"1024\" height=\"819\" data-id=\"32860\"  src=\"https:\/\/bisbalpenedes.com\/web\/wp-content\/uploads\/2025\/02\/P2080835-a-mida-gran-1024x819.jpeg\" alt=\"\" class=\"wp-image-32860\" srcset=\"https:\/\/bisbalpenedes.com\/web\/wp-content\/uploads\/2025\/02\/P2080835-a-mida-gran-1024x819.jpeg 1024w, https:\/\/bisbalpenedes.com\/web\/wp-content\/uploads\/2025\/02\/P2080835-a-mida-gran-300x240.jpeg 300w, https:\/\/bisbalpenedes.com\/web\/wp-content\/uploads\/2025\/02\/P2080835-a-mida-gran-768x614.jpeg 768w, https:\/\/bisbalpenedes.com\/web\/wp-content\/uploads\/2025\/02\/P2080835-a-mida-gran-600x480.jpeg 600w, https:\/\/bisbalpenedes.com\/web\/wp-content\/uploads\/2025\/02\/P2080835-a-mida-gran.jpeg 1280w\" sizes=\"(max-width: 1024px) 100vw, 1024px\" \/><\/figure>\n\n\n\n<figure class=\"wp-block-image size-large\"><img loading=\"lazy\" width=\"1024\" height=\"819\" data-id=\"32863\"  src=\"https:\/\/bisbalpenedes.com\/web\/wp-content\/uploads\/2025\/02\/P2080834-a-mida-gran-1024x819.jpeg\" alt=\"\" class=\"wp-image-32863\" srcset=\"https:\/\/bisbalpenedes.com\/web\/wp-content\/uploads\/2025\/02\/P2080834-a-mida-gran-1024x819.jpeg 1024w, https:\/\/bisbalpenedes.com\/web\/wp-content\/uploads\/2025\/02\/P2080834-a-mida-gran-300x240.jpeg 300w, https:\/\/bisbalpenedes.com\/web\/wp-content\/uploads\/2025\/02\/P2080834-a-mida-gran-768x614.jpeg 768w, https:\/\/bisbalpenedes.com\/web\/wp-content\/uploads\/2025\/02\/P2080834-a-mida-gran-600x480.jpeg 600w, https:\/\/bisbalpenedes.com\/web\/wp-content\/uploads\/2025\/02\/P2080834-a-mida-gran.jpeg 1280w\" sizes=\"(max-width: 1024px) 100vw, 1024px\" \/><\/figure>\n\n\n\n<figure class=\"wp-block-image size-large\"><img loading=\"lazy\" width=\"1024\" height=\"819\" data-id=\"32857\"  src=\"https:\/\/bisbalpenedes.com\/web\/wp-content\/uploads\/2025\/02\/P2080810-a-mida-gran-1024x819.jpeg\" alt=\"\" class=\"wp-image-32857\" srcset=\"https:\/\/bisbalpenedes.com\/web\/wp-content\/uploads\/2025\/02\/P2080810-a-mida-gran-1024x819.jpeg 1024w, https:\/\/bisbalpenedes.com\/web\/wp-content\/uploads\/2025\/02\/P2080810-a-mida-gran-300x240.jpeg 300w, https:\/\/bisbalpenedes.com\/web\/wp-content\/uploads\/2025\/02\/P2080810-a-mida-gran-768x614.jpeg 768w, https:\/\/bisbalpenedes.com\/web\/wp-content\/uploads\/2025\/02\/P2080810-a-mida-gran-600x480.jpeg 600w, https:\/\/bisbalpenedes.com\/web\/wp-content\/uploads\/2025\/02\/P2080810-a-mida-gran.jpeg 1280w\" sizes=\"(max-width: 1024px) 100vw, 1024px\" \/><\/figure>\n\n\n\n<figure class=\"wp-block-image size-large\"><img loading=\"lazy\" width=\"1024\" height=\"819\" data-id=\"32868\"  src=\"https:\/\/bisbalpenedes.com\/web\/wp-content\/uploads\/2025\/02\/P2080789-a-mida-gran-1024x819.jpeg\" alt=\"\" class=\"wp-image-32868\" srcset=\"https:\/\/bisbalpenedes.com\/web\/wp-content\/uploads\/2025\/02\/P2080789-a-mida-gran-1024x819.jpeg 1024w, https:\/\/bisbalpenedes.com\/web\/wp-content\/uploads\/2025\/02\/P2080789-a-mida-gran-300x240.jpeg 300w, https:\/\/bisbalpenedes.com\/web\/wp-content\/uploads\/2025\/02\/P2080789-a-mida-gran-768x614.jpeg 768w, https:\/\/bisbalpenedes.com\/web\/wp-content\/uploads\/2025\/02\/P2080789-a-mida-gran-600x480.jpeg 600w, https:\/\/bisbalpenedes.com\/web\/wp-content\/uploads\/2025\/02\/P2080789-a-mida-gran.jpeg 1280w\" sizes=\"(max-width: 1024px) 100vw, 1024px\" \/><\/figure>\n\n\n\n<figure class=\"wp-block-image size-large\"><img loading=\"lazy\" width=\"1024\" height=\"819\" data-id=\"32867\"  src=\"https:\/\/bisbalpenedes.com\/web\/wp-content\/uploads\/2025\/02\/P2080783-a-mida-gran-1024x819.jpeg\" alt=\"\" class=\"wp-image-32867\" srcset=\"https:\/\/bisbalpenedes.com\/web\/wp-content\/uploads\/2025\/02\/P2080783-a-mida-gran-1024x819.jpeg 1024w, https:\/\/bisbalpenedes.com\/web\/wp-content\/uploads\/2025\/02\/P2080783-a-mida-gran-300x240.jpeg 300w, https:\/\/bisbalpenedes.com\/web\/wp-content\/uploads\/2025\/02\/P2080783-a-mida-gran-768x614.jpeg 768w, https:\/\/bisbalpenedes.com\/web\/wp-content\/uploads\/2025\/02\/P2080783-a-mida-gran-600x480.jpeg 600w, https:\/\/bisbalpenedes.com\/web\/wp-content\/uploads\/2025\/02\/P2080783-a-mida-gran.jpeg 1280w\" sizes=\"(max-width: 1024px) 100vw, 1024px\" \/><\/figure>\n\n\n\n<figure class=\"wp-block-image size-large\"><img loading=\"lazy\" width=\"1024\" height=\"819\" data-id=\"32869\"  src=\"https:\/\/bisbalpenedes.com\/web\/wp-content\/uploads\/2025\/02\/P2080776-a-mida-gran-1024x819.jpeg\" alt=\"\" class=\"wp-image-32869\" srcset=\"https:\/\/bisbalpenedes.com\/web\/wp-content\/uploads\/2025\/02\/P2080776-a-mida-gran-1024x819.jpeg 1024w, https:\/\/bisbalpenedes.com\/web\/wp-content\/uploads\/2025\/02\/P2080776-a-mida-gran-300x240.jpeg 300w, https:\/\/bisbalpenedes.com\/web\/wp-content\/uploads\/2025\/02\/P2080776-a-mida-gran-768x614.jpeg 768w, https:\/\/bisbalpenedes.com\/web\/wp-content\/uploads\/2025\/02\/P2080776-a-mida-gran-600x480.jpeg 600w, https:\/\/bisbalpenedes.com\/web\/wp-content\/uploads\/2025\/02\/P2080776-a-mida-gran.jpeg 1280w\" sizes=\"(max-width: 1024px) 100vw, 1024px\" \/><\/figure>\n\n\n\n<figure class=\"wp-block-image size-large\"><img loading=\"lazy\" width=\"1024\" height=\"819\" data-id=\"32871\"  src=\"https:\/\/bisbalpenedes.com\/web\/wp-content\/uploads\/2025\/02\/P2080768-a-mida-gran-1024x819.jpeg\" alt=\"\" class=\"wp-image-32871\" srcset=\"https:\/\/bisbalpenedes.com\/web\/wp-content\/uploads\/2025\/02\/P2080768-a-mida-gran-1024x819.jpeg 1024w, https:\/\/bisbalpenedes.com\/web\/wp-content\/uploads\/2025\/02\/P2080768-a-mida-gran-300x240.jpeg 300w, https:\/\/bisbalpenedes.com\/web\/wp-content\/uploads\/2025\/02\/P2080768-a-mida-gran-768x614.jpeg 768w, https:\/\/bisbalpenedes.com\/web\/wp-content\/uploads\/2025\/02\/P2080768-a-mida-gran-600x480.jpeg 600w, https:\/\/bisbalpenedes.com\/web\/wp-content\/uploads\/2025\/02\/P2080768-a-mida-gran.jpeg 1280w\" sizes=\"(max-width: 1024px) 100vw, 1024px\" \/><\/figure>\n\n\n\n<figure class=\"wp-block-image size-large\"><img loading=\"lazy\" width=\"1024\" height=\"819\" data-id=\"32870\"  src=\"https:\/\/bisbalpenedes.com\/web\/wp-content\/uploads\/2025\/02\/P2080759-a-mida-gran-1024x819.jpeg\" alt=\"\" class=\"wp-image-32870\" srcset=\"https:\/\/bisbalpenedes.com\/web\/wp-content\/uploads\/2025\/02\/P2080759-a-mida-gran-1024x819.jpeg 1024w, https:\/\/bisbalpenedes.com\/web\/wp-content\/uploads\/2025\/02\/P2080759-a-mida-gran-300x240.jpeg 300w, https:\/\/bisbalpenedes.com\/web\/wp-content\/uploads\/2025\/02\/P2080759-a-mida-gran-768x614.jpeg 768w, https:\/\/bisbalpenedes.com\/web\/wp-content\/uploads\/2025\/02\/P2080759-a-mida-gran-600x480.jpeg 600w, https:\/\/bisbalpenedes.com\/web\/wp-content\/uploads\/2025\/02\/P2080759-a-mida-gran.jpeg 1280w\" sizes=\"(max-width: 1024px) 100vw, 1024px\" \/><\/figure>\n\n\n\n<figure class=\"wp-block-image size-large\"><img loading=\"lazy\" width=\"1024\" height=\"819\" data-id=\"32872\"  src=\"https:\/\/bisbalpenedes.com\/web\/wp-content\/uploads\/2025\/02\/P2080754-a-mida-gran-1024x819.jpeg\" alt=\"\" class=\"wp-image-32872\" srcset=\"https:\/\/bisbalpenedes.com\/web\/wp-content\/uploads\/2025\/02\/P2080754-a-mida-gran-1024x819.jpeg 1024w, https:\/\/bisbalpenedes.com\/web\/wp-content\/uploads\/2025\/02\/P2080754-a-mida-gran-300x240.jpeg 300w, https:\/\/bisbalpenedes.com\/web\/wp-content\/uploads\/2025\/02\/P2080754-a-mida-gran-768x614.jpeg 768w, https:\/\/bisbalpenedes.com\/web\/wp-content\/uploads\/2025\/02\/P2080754-a-mida-gran-600x480.jpeg 600w, https:\/\/bisbalpenedes.com\/web\/wp-content\/uploads\/2025\/02\/P2080754-a-mida-gran.jpeg 1280w\" sizes=\"(max-width: 1024px) 100vw, 1024px\" \/><\/figure>\n\n\n\n<figure class=\"wp-block-image size-large\"><img loading=\"lazy\" width=\"1024\" height=\"819\" data-id=\"32874\"  src=\"https:\/\/bisbalpenedes.com\/web\/wp-content\/uploads\/2025\/02\/P2080742-a-mida-gran-1024x819.jpeg\" alt=\"\" class=\"wp-image-32874\" srcset=\"https:\/\/bisbalpenedes.com\/web\/wp-content\/uploads\/2025\/02\/P2080742-a-mida-gran-1024x819.jpeg 1024w, https:\/\/bisbalpenedes.com\/web\/wp-content\/uploads\/2025\/02\/P2080742-a-mida-gran-300x240.jpeg 300w, https:\/\/bisbalpenedes.com\/web\/wp-content\/uploads\/2025\/02\/P2080742-a-mida-gran-768x614.jpeg 768w, https:\/\/bisbalpenedes.com\/web\/wp-content\/uploads\/2025\/02\/P2080742-a-mida-gran-600x480.jpeg 600w, https:\/\/bisbalpenedes.com\/web\/wp-content\/uploads\/2025\/02\/P2080742-a-mida-gran.jpeg 1280w\" sizes=\"(max-width: 1024px) 100vw, 1024px\" \/><\/figure>\n\n\n\n<figure class=\"wp-block-image size-large\"><img loading=\"lazy\" width=\"1024\" height=\"819\" data-id=\"32875\"  src=\"https:\/\/bisbalpenedes.com\/web\/wp-content\/uploads\/2025\/02\/P2080735-a-mida-gran-1024x819.jpeg\" alt=\"\" class=\"wp-image-32875\" srcset=\"https:\/\/bisbalpenedes.com\/web\/wp-content\/uploads\/2025\/02\/P2080735-a-mida-gran-1024x819.jpeg 1024w, https:\/\/bisbalpenedes.com\/web\/wp-content\/uploads\/2025\/02\/P2080735-a-mida-gran-300x240.jpeg 300w, https:\/\/bisbalpenedes.com\/web\/wp-content\/uploads\/2025\/02\/P2080735-a-mida-gran-768x614.jpeg 768w, https:\/\/bisbalpenedes.com\/web\/wp-content\/uploads\/2025\/02\/P2080735-a-mida-gran-600x480.jpeg 600w, https:\/\/bisbalpenedes.com\/web\/wp-content\/uploads\/2025\/02\/P2080735-a-mida-gran.jpeg 1280w\" sizes=\"(max-width: 1024px) 100vw, 1024px\" \/><\/figure>\n\n\n\n<figure class=\"wp-block-image size-large\"><img loading=\"lazy\" width=\"819\" height=\"1024\" data-id=\"32878\"  src=\"https:\/\/bisbalpenedes.com\/web\/wp-content\/uploads\/2025\/02\/P2080731-a-mida-gran-819x1024.jpeg\" alt=\"\" class=\"wp-image-32878\" srcset=\"https:\/\/bisbalpenedes.com\/web\/wp-content\/uploads\/2025\/02\/P2080731-a-mida-gran-819x1024.jpeg 819w, https:\/\/bisbalpenedes.com\/web\/wp-content\/uploads\/2025\/02\/P2080731-a-mida-gran-240x300.jpeg 240w, https:\/\/bisbalpenedes.com\/web\/wp-content\/uploads\/2025\/02\/P2080731-a-mida-gran-768x960.jpeg 768w, https:\/\/bisbalpenedes.com\/web\/wp-content\/uploads\/2025\/02\/P2080731-a-mida-gran-600x750.jpeg 600w, https:\/\/bisbalpenedes.com\/web\/wp-content\/uploads\/2025\/02\/P2080731-a-mida-gran.jpeg 1024w\" sizes=\"(max-width: 819px) 100vw, 819px\" \/><\/figure>\n\n\n\n<figure class=\"wp-block-image size-large\"><img loading=\"lazy\" width=\"819\" height=\"1024\" data-id=\"32876\"  src=\"https:\/\/bisbalpenedes.com\/web\/wp-content\/uploads\/2025\/02\/P2080676-a-mida-gran-819x1024.jpeg\" alt=\"\" class=\"wp-image-32876\" srcset=\"https:\/\/bisbalpenedes.com\/web\/wp-content\/uploads\/2025\/02\/P2080676-a-mida-gran-819x1024.jpeg 819w, https:\/\/bisbalpenedes.com\/web\/wp-content\/uploads\/2025\/02\/P2080676-a-mida-gran-240x300.jpeg 240w, https:\/\/bisbalpenedes.com\/web\/wp-content\/uploads\/2025\/02\/P2080676-a-mida-gran-768x960.jpeg 768w, https:\/\/bisbalpenedes.com\/web\/wp-content\/uploads\/2025\/02\/P2080676-a-mida-gran-600x750.jpeg 600w, https:\/\/bisbalpenedes.com\/web\/wp-content\/uploads\/2025\/02\/P2080676-a-mida-gran.jpeg 1024w\" sizes=\"(max-width: 819px) 100vw, 819px\" \/><\/figure>\n\n\n\n<figure class=\"wp-block-image size-large\"><img loading=\"lazy\" width=\"1024\" height=\"819\" data-id=\"32882\"  src=\"https:\/\/bisbalpenedes.com\/web\/wp-content\/uploads\/2025\/02\/P2080652-a-mida-gran-1024x819.jpeg\" alt=\"\" class=\"wp-image-32882\" srcset=\"https:\/\/bisbalpenedes.com\/web\/wp-content\/uploads\/2025\/02\/P2080652-a-mida-gran-1024x819.jpeg 1024w, https:\/\/bisbalpenedes.com\/web\/wp-content\/uploads\/2025\/02\/P2080652-a-mida-gran-300x240.jpeg 300w, https:\/\/bisbalpenedes.com\/web\/wp-content\/uploads\/2025\/02\/P2080652-a-mida-gran-768x614.jpeg 768w, https:\/\/bisbalpenedes.com\/web\/wp-content\/uploads\/2025\/02\/P2080652-a-mida-gran-600x480.jpeg 600w, https:\/\/bisbalpenedes.com\/web\/wp-content\/uploads\/2025\/02\/P2080652-a-mida-gran.jpeg 1280w\" sizes=\"(max-width: 1024px) 100vw, 1024px\" \/><\/figure>\n\n\n\n<figure class=\"wp-block-image size-large\"><img loading=\"lazy\" width=\"1024\" height=\"819\" data-id=\"32879\"  src=\"https:\/\/bisbalpenedes.com\/web\/wp-content\/uploads\/2025\/02\/P2080647-a-mida-gran-1024x819.jpeg\" alt=\"\" class=\"wp-image-32879\" srcset=\"https:\/\/bisbalpenedes.com\/web\/wp-content\/uploads\/2025\/02\/P2080647-a-mida-gran-1024x819.jpeg 1024w, https:\/\/bisbalpenedes.com\/web\/wp-content\/uploads\/2025\/02\/P2080647-a-mida-gran-300x240.jpeg 300w, https:\/\/bisbalpenedes.com\/web\/wp-content\/uploads\/2025\/02\/P2080647-a-mida-gran-768x614.jpeg 768w, https:\/\/bisbalpenedes.com\/web\/wp-content\/uploads\/2025\/02\/P2080647-a-mida-gran-600x480.jpeg 600w, https:\/\/bisbalpenedes.com\/web\/wp-content\/uploads\/2025\/02\/P2080647-a-mida-gran.jpeg 1280w\" sizes=\"(max-width: 1024px) 100vw, 1024px\" \/><\/figure>\n\n\n\n<figure class=\"wp-block-image size-large\"><img loading=\"lazy\" width=\"1024\" height=\"819\" data-id=\"32880\"  src=\"https:\/\/bisbalpenedes.com\/web\/wp-content\/uploads\/2025\/02\/P2080642-a-mida-gran-1024x819.jpeg\" alt=\"\" class=\"wp-image-32880\" srcset=\"https:\/\/bisbalpenedes.com\/web\/wp-content\/uploads\/2025\/02\/P2080642-a-mida-gran-1024x819.jpeg 1024w, https:\/\/bisbalpenedes.com\/web\/wp-content\/uploads\/2025\/02\/P2080642-a-mida-gran-300x240.jpeg 300w, https:\/\/bisbalpenedes.com\/web\/wp-content\/uploads\/2025\/02\/P2080642-a-mida-gran-768x614.jpeg 768w, https:\/\/bisbalpenedes.com\/web\/wp-content\/uploads\/2025\/02\/P2080642-a-mida-gran-600x480.jpeg 600w, https:\/\/bisbalpenedes.com\/web\/wp-content\/uploads\/2025\/02\/P2080642-a-mida-gran.jpeg 1280w\" sizes=\"(max-width: 1024px) 100vw, 1024px\" \/><\/figure>\n\n\n\n<figure class=\"wp-block-image size-large\"><img loading=\"lazy\" width=\"1024\" height=\"819\" data-id=\"32890\"  src=\"https:\/\/bisbalpenedes.com\/web\/wp-content\/uploads\/2025\/02\/P2080631-a-mida-gran-1024x819.jpeg\" alt=\"\" class=\"wp-image-32890\" srcset=\"https:\/\/bisbalpenedes.com\/web\/wp-content\/uploads\/2025\/02\/P2080631-a-mida-gran-1024x819.jpeg 1024w, https:\/\/bisbalpenedes.com\/web\/wp-content\/uploads\/2025\/02\/P2080631-a-mida-gran-300x240.jpeg 300w, https:\/\/bisbalpenedes.com\/web\/wp-content\/uploads\/2025\/02\/P2080631-a-mida-gran-768x614.jpeg 768w, https:\/\/bisbalpenedes.com\/web\/wp-content\/uploads\/2025\/02\/P2080631-a-mida-gran-600x480.jpeg 600w, https:\/\/bisbalpenedes.com\/web\/wp-content\/uploads\/2025\/02\/P2080631-a-mida-gran.jpeg 1280w\" sizes=\"(max-width: 1024px) 100vw, 1024px\" \/><\/figure>\n\n\n\n<figure class=\"wp-block-image size-large\"><img loading=\"lazy\" width=\"1024\" height=\"819\" data-id=\"32877\"  src=\"https:\/\/bisbalpenedes.com\/web\/wp-content\/uploads\/2025\/02\/P2080623-a-mida-gran-1024x819.jpeg\" alt=\"\" class=\"wp-image-32877\" srcset=\"https:\/\/bisbalpenedes.com\/web\/wp-content\/uploads\/2025\/02\/P2080623-a-mida-gran-1024x819.jpeg 1024w, https:\/\/bisbalpenedes.com\/web\/wp-content\/uploads\/2025\/02\/P2080623-a-mida-gran-300x240.jpeg 300w, https:\/\/bisbalpenedes.com\/web\/wp-content\/uploads\/2025\/02\/P2080623-a-mida-gran-768x614.jpeg 768w, https:\/\/bisbalpenedes.com\/web\/wp-content\/uploads\/2025\/02\/P2080623-a-mida-gran-600x480.jpeg 600w, https:\/\/bisbalpenedes.com\/web\/wp-content\/uploads\/2025\/02\/P2080623-a-mida-gran.jpeg 1280w\" sizes=\"(max-width: 1024px) 100vw, 1024px\" \/><\/figure>\n\n\n\n<figure class=\"wp-block-image size-large\"><img loading=\"lazy\" width=\"1024\" height=\"819\" data-id=\"32886\"  src=\"https:\/\/bisbalpenedes.com\/web\/wp-content\/uploads\/2025\/02\/P2080616-a-mida-gran-1024x819.jpeg\" alt=\"\" class=\"wp-image-32886\" srcset=\"https:\/\/bisbalpenedes.com\/web\/wp-content\/uploads\/2025\/02\/P2080616-a-mida-gran-1024x819.jpeg 1024w, https:\/\/bisbalpenedes.com\/web\/wp-content\/uploads\/2025\/02\/P2080616-a-mida-gran-300x240.jpeg 300w, https:\/\/bisbalpenedes.com\/web\/wp-content\/uploads\/2025\/02\/P2080616-a-mida-gran-768x614.jpeg 768w, https:\/\/bisbalpenedes.com\/web\/wp-content\/uploads\/2025\/02\/P2080616-a-mida-gran-600x480.jpeg 600w, https:\/\/bisbalpenedes.com\/web\/wp-content\/uploads\/2025\/02\/P2080616-a-mida-gran.jpeg 1280w\" sizes=\"(max-width: 1024px) 100vw, 1024px\" \/><\/figure>\n\n\n\n<figure class=\"wp-block-image size-large\"><img loading=\"lazy\" width=\"1024\" height=\"819\" data-id=\"32884\"  src=\"https:\/\/bisbalpenedes.com\/web\/wp-content\/uploads\/2025\/02\/P2080605-a-mida-gran-1024x819.jpeg\" alt=\"\" class=\"wp-image-32884\" srcset=\"https:\/\/bisbalpenedes.com\/web\/wp-content\/uploads\/2025\/02\/P2080605-a-mida-gran-1024x819.jpeg 1024w, https:\/\/bisbalpenedes.com\/web\/wp-content\/uploads\/2025\/02\/P2080605-a-mida-gran-300x240.jpeg 300w, https:\/\/bisbalpenedes.com\/web\/wp-content\/uploads\/2025\/02\/P2080605-a-mida-gran-768x614.jpeg 768w, https:\/\/bisbalpenedes.com\/web\/wp-content\/uploads\/2025\/02\/P2080605-a-mida-gran-600x480.jpeg 600w, https:\/\/bisbalpenedes.com\/web\/wp-content\/uploads\/2025\/02\/P2080605-a-mida-gran.jpeg 1280w\" sizes=\"(max-width: 1024px) 100vw, 1024px\" \/><\/figure>\n\n\n\n<figure class=\"wp-block-image size-large\"><img loading=\"lazy\" width=\"1024\" height=\"819\" data-id=\"32883\"  src=\"https:\/\/bisbalpenedes.com\/web\/wp-content\/uploads\/2025\/02\/P2080600-a-mida-gran-1024x819.jpeg\" alt=\"\" class=\"wp-image-32883\" srcset=\"https:\/\/bisbalpenedes.com\/web\/wp-content\/uploads\/2025\/02\/P2080600-a-mida-gran-1024x819.jpeg 1024w, https:\/\/bisbalpenedes.com\/web\/wp-content\/uploads\/2025\/02\/P2080600-a-mida-gran-300x240.jpeg 300w, https:\/\/bisbalpenedes.com\/web\/wp-content\/uploads\/2025\/02\/P2080600-a-mida-gran-768x614.jpeg 768w, https:\/\/bisbalpenedes.com\/web\/wp-content\/uploads\/2025\/02\/P2080600-a-mida-gran-600x480.jpeg 600w, https:\/\/bisbalpenedes.com\/web\/wp-content\/uploads\/2025\/02\/P2080600-a-mida-gran.jpeg 1280w\" sizes=\"(max-width: 1024px) 100vw, 1024px\" \/><\/figure>\n\n\n\n<figure class=\"wp-block-image size-large\"><img loading=\"lazy\" width=\"1024\" height=\"819\" data-id=\"32881\"  src=\"https:\/\/bisbalpenedes.com\/web\/wp-content\/uploads\/2025\/02\/P2080597-a-mida-gran-1024x819.jpeg\" alt=\"\" class=\"wp-image-32881\" srcset=\"https:\/\/bisbalpenedes.com\/web\/wp-content\/uploads\/2025\/02\/P2080597-a-mida-gran-1024x819.jpeg 1024w, https:\/\/bisbalpenedes.com\/web\/wp-content\/uploads\/2025\/02\/P2080597-a-mida-gran-300x240.jpeg 300w, https:\/\/bisbalpenedes.com\/web\/wp-content\/uploads\/2025\/02\/P2080597-a-mida-gran-768x614.jpeg 768w, https:\/\/bisbalpenedes.com\/web\/wp-content\/uploads\/2025\/02\/P2080597-a-mida-gran-600x480.jpeg 600w, https:\/\/bisbalpenedes.com\/web\/wp-content\/uploads\/2025\/02\/P2080597-a-mida-gran.jpeg 1280w\" sizes=\"(max-width: 1024px) 100vw, 1024px\" \/><\/figure>\n\n\n\n<figure class=\"wp-block-image size-large\"><img loading=\"lazy\" width=\"1024\" height=\"819\" data-id=\"32889\"  src=\"https:\/\/bisbalpenedes.com\/web\/wp-content\/uploads\/2025\/02\/P2080581-a-mida-gran-1024x819.jpeg\" alt=\"\" class=\"wp-image-32889\" srcset=\"https:\/\/bisbalpenedes.com\/web\/wp-content\/uploads\/2025\/02\/P2080581-a-mida-gran-1024x819.jpeg 1024w, https:\/\/bisbalpenedes.com\/web\/wp-content\/uploads\/2025\/02\/P2080581-a-mida-gran-300x240.jpeg 300w, https:\/\/bisbalpenedes.com\/web\/wp-content\/uploads\/2025\/02\/P2080581-a-mida-gran-768x614.jpeg 768w, https:\/\/bisbalpenedes.com\/web\/wp-content\/uploads\/2025\/02\/P2080581-a-mida-gran-600x480.jpeg 600w, https:\/\/bisbalpenedes.com\/web\/wp-content\/uploads\/2025\/02\/P2080581-a-mida-gran.jpeg 1280w\" sizes=\"(max-width: 1024px) 100vw, 1024px\" \/><\/figure>\n\n\n\n<figure class=\"wp-block-image size-large\"><img loading=\"lazy\" width=\"1024\" height=\"819\" data-id=\"32885\"  src=\"https:\/\/bisbalpenedes.com\/web\/wp-content\/uploads\/2025\/02\/P2080573-a-mida-gran-1024x819.jpeg\" alt=\"\" class=\"wp-image-32885\" srcset=\"https:\/\/bisbalpenedes.com\/web\/wp-content\/uploads\/2025\/02\/P2080573-a-mida-gran-1024x819.jpeg 1024w, https:\/\/bisbalpenedes.com\/web\/wp-content\/uploads\/2025\/02\/P2080573-a-mida-gran-300x240.jpeg 300w, https:\/\/bisbalpenedes.com\/web\/wp-content\/uploads\/2025\/02\/P2080573-a-mida-gran-768x614.jpeg 768w, https:\/\/bisbalpenedes.com\/web\/wp-content\/uploads\/2025\/02\/P2080573-a-mida-gran-600x480.jpeg 600w, https:\/\/bisbalpenedes.com\/web\/wp-content\/uploads\/2025\/02\/P2080573-a-mida-gran.jpeg 1280w\" sizes=\"(max-width: 1024px) 100vw, 1024px\" \/><\/figure>\n\n\n\n<figure class=\"wp-block-image size-large\"><img loading=\"lazy\" width=\"1024\" height=\"819\" data-id=\"32893\"  src=\"https:\/\/bisbalpenedes.com\/web\/wp-content\/uploads\/2025\/02\/P2080568-a-mida-gran-1024x819.jpeg\" alt=\"\" class=\"wp-image-32893\" srcset=\"https:\/\/bisbalpenedes.com\/web\/wp-content\/uploads\/2025\/02\/P2080568-a-mida-gran-1024x819.jpeg 1024w, https:\/\/bisbalpenedes.com\/web\/wp-content\/uploads\/2025\/02\/P2080568-a-mida-gran-300x240.jpeg 300w, https:\/\/bisbalpenedes.com\/web\/wp-content\/uploads\/2025\/02\/P2080568-a-mida-gran-768x614.jpeg 768w, https:\/\/bisbalpenedes.com\/web\/wp-content\/uploads\/2025\/02\/P2080568-a-mida-gran-600x480.jpeg 600w, https:\/\/bisbalpenedes.com\/web\/wp-content\/uploads\/2025\/02\/P2080568-a-mida-gran.jpeg 1280w\" sizes=\"(max-width: 1024px) 100vw, 1024px\" \/><\/figure>\n\n\n\n<figure class=\"wp-block-image size-large\"><img loading=\"lazy\" width=\"1024\" height=\"819\" data-id=\"32887\"  src=\"https:\/\/bisbalpenedes.com\/web\/wp-content\/uploads\/2025\/02\/P2080560-a-mida-gran-1024x819.jpeg\" alt=\"\" class=\"wp-image-32887\" srcset=\"https:\/\/bisbalpenedes.com\/web\/wp-content\/uploads\/2025\/02\/P2080560-a-mida-gran-1024x819.jpeg 1024w, https:\/\/bisbalpenedes.com\/web\/wp-content\/uploads\/2025\/02\/P2080560-a-mida-gran-300x240.jpeg 300w, https:\/\/bisbalpenedes.com\/web\/wp-content\/uploads\/2025\/02\/P2080560-a-mida-gran-768x614.jpeg 768w, https:\/\/bisbalpenedes.com\/web\/wp-content\/uploads\/2025\/02\/P2080560-a-mida-gran-600x480.jpeg 600w, https:\/\/bisbalpenedes.com\/web\/wp-content\/uploads\/2025\/02\/P2080560-a-mida-gran.jpeg 1280w\" sizes=\"(max-width: 1024px) 100vw, 1024px\" \/><\/figure>\n\n\n\n<figure class=\"wp-block-image size-large\"><img loading=\"lazy\" width=\"1024\" height=\"819\" data-id=\"32892\"  src=\"https:\/\/bisbalpenedes.com\/web\/wp-content\/uploads\/2025\/02\/P2080557-a-mida-gran-1024x819.jpeg\" alt=\"\" class=\"wp-image-32892\" srcset=\"https:\/\/bisbalpenedes.com\/web\/wp-content\/uploads\/2025\/02\/P2080557-a-mida-gran-1024x819.jpeg 1024w, https:\/\/bisbalpenedes.com\/web\/wp-content\/uploads\/2025\/02\/P2080557-a-mida-gran-300x240.jpeg 300w, https:\/\/bisbalpenedes.com\/web\/wp-content\/uploads\/2025\/02\/P2080557-a-mida-gran-768x614.jpeg 768w, https:\/\/bisbalpenedes.com\/web\/wp-content\/uploads\/2025\/02\/P2080557-a-mida-gran-600x480.jpeg 600w, https:\/\/bisbalpenedes.com\/web\/wp-content\/uploads\/2025\/02\/P2080557-a-mida-gran.jpeg 1280w\" sizes=\"(max-width: 1024px) 100vw, 1024px\" \/><\/figure>\n\n\n\n<figure class=\"wp-block-image size-large\"><img loading=\"lazy\" width=\"1024\" height=\"819\" data-id=\"32894\"  src=\"https:\/\/bisbalpenedes.com\/web\/wp-content\/uploads\/2025\/02\/P2080540-a-mida-gran-1024x819.jpeg\" alt=\"\" class=\"wp-image-32894\" srcset=\"https:\/\/bisbalpenedes.com\/web\/wp-content\/uploads\/2025\/02\/P2080540-a-mida-gran-1024x819.jpeg 1024w, https:\/\/bisbalpenedes.com\/web\/wp-content\/uploads\/2025\/02\/P2080540-a-mida-gran-300x240.jpeg 300w, https:\/\/bisbalpenedes.com\/web\/wp-content\/uploads\/2025\/02\/P2080540-a-mida-gran-768x614.jpeg 768w, https:\/\/bisbalpenedes.com\/web\/wp-content\/uploads\/2025\/02\/P2080540-a-mida-gran-600x480.jpeg 600w, https:\/\/bisbalpenedes.com\/web\/wp-content\/uploads\/2025\/02\/P2080540-a-mida-gran.jpeg 1280w\" sizes=\"(max-width: 1024px) 100vw, 1024px\" \/><\/figure>\n\n\n\n<figure class=\"wp-block-image size-large\"><img loading=\"lazy\" width=\"1024\" height=\"819\" data-id=\"32896\"  src=\"https:\/\/bisbalpenedes.com\/web\/wp-content\/uploads\/2025\/02\/P2080539-a-mida-gran-1024x819.jpeg\" alt=\"\" class=\"wp-image-32896\" srcset=\"https:\/\/bisbalpenedes.com\/web\/wp-content\/uploads\/2025\/02\/P2080539-a-mida-gran-1024x819.jpeg 1024w, https:\/\/bisbalpenedes.com\/web\/wp-content\/uploads\/2025\/02\/P2080539-a-mida-gran-300x240.jpeg 300w, https:\/\/bisbalpenedes.com\/web\/wp-content\/uploads\/2025\/02\/P2080539-a-mida-gran-768x614.jpeg 768w, https:\/\/bisbalpenedes.com\/web\/wp-content\/uploads\/2025\/02\/P2080539-a-mida-gran-600x480.jpeg 600w, https:\/\/bisbalpenedes.com\/web\/wp-content\/uploads\/2025\/02\/P2080539-a-mida-gran.jpeg 1280w\" sizes=\"(max-width: 1024px) 100vw, 1024px\" \/><\/figure>\n\n\n\n<figure class=\"wp-block-image size-large\"><img loading=\"lazy\" width=\"1024\" height=\"819\" data-id=\"32898\"  src=\"https:\/\/bisbalpenedes.com\/web\/wp-content\/uploads\/2025\/02\/P2080512-a-mida-gran-1024x819.jpeg\" alt=\"\" class=\"wp-image-32898\" srcset=\"https:\/\/bisbalpenedes.com\/web\/wp-content\/uploads\/2025\/02\/P2080512-a-mida-gran-1024x819.jpeg 1024w, https:\/\/bisbalpenedes.com\/web\/wp-content\/uploads\/2025\/02\/P2080512-a-mida-gran-300x240.jpeg 300w, https:\/\/bisbalpenedes.com\/web\/wp-content\/uploads\/2025\/02\/P2080512-a-mida-gran-768x614.jpeg 768w, https:\/\/bisbalpenedes.com\/web\/wp-content\/uploads\/2025\/02\/P2080512-a-mida-gran-600x480.jpeg 600w, https:\/\/bisbalpenedes.com\/web\/wp-content\/uploads\/2025\/02\/P2080512-a-mida-gran.jpeg 1280w\" sizes=\"(max-width: 1024px) 100vw, 1024px\" \/><\/figure>\n\n\n\n<figure class=\"wp-block-image size-large\"><img loading=\"lazy\" width=\"1024\" height=\"819\" data-id=\"32900\"  src=\"https:\/\/bisbalpenedes.com\/web\/wp-content\/uploads\/2025\/02\/P2080495-a-mida-gran-1024x819.jpeg\" alt=\"\" class=\"wp-image-32900\" srcset=\"https:\/\/bisbalpenedes.com\/web\/wp-content\/uploads\/2025\/02\/P2080495-a-mida-gran-1024x819.jpeg 1024w, https:\/\/bisbalpenedes.com\/web\/wp-content\/uploads\/2025\/02\/P2080495-a-mida-gran-300x240.jpeg 300w, https:\/\/bisbalpenedes.com\/web\/wp-content\/uploads\/2025\/02\/P2080495-a-mida-gran-768x614.jpeg 768w, https:\/\/bisbalpenedes.com\/web\/wp-content\/uploads\/2025\/02\/P2080495-a-mida-gran-600x480.jpeg 600w, https:\/\/bisbalpenedes.com\/web\/wp-content\/uploads\/2025\/02\/P2080495-a-mida-gran.jpeg 1280w\" sizes=\"(max-width: 1024px) 100vw, 1024px\" \/><\/figure>\n\n\n\n<figure class=\"wp-block-image size-large\"><img loading=\"lazy\" width=\"1024\" height=\"819\" data-id=\"32902\"  src=\"https:\/\/bisbalpenedes.com\/web\/wp-content\/uploads\/2025\/02\/P2080480-a-mida-gran-1024x819.jpeg\" alt=\"\" class=\"wp-image-32902\" srcset=\"https:\/\/bisbalpenedes.com\/web\/wp-content\/uploads\/2025\/02\/P2080480-a-mida-gran-1024x819.jpeg 1024w, https:\/\/bisbalpenedes.com\/web\/wp-content\/uploads\/2025\/02\/P2080480-a-mida-gran-300x240.jpeg 300w, https:\/\/bisbalpenedes.com\/web\/wp-content\/uploads\/2025\/02\/P2080480-a-mida-gran-768x614.jpeg 768w, https:\/\/bisbalpenedes.com\/web\/wp-content\/uploads\/2025\/02\/P2080480-a-mida-gran-600x480.jpeg 600w, https:\/\/bisbalpenedes.com\/web\/wp-content\/uploads\/2025\/02\/P2080480-a-mida-gran.jpeg 1280w\" sizes=\"(max-width: 1024px) 100vw, 1024px\" \/><\/figure>\n\n\n\n<figure class=\"wp-block-image size-large\"><img loading=\"lazy\" width=\"1024\" height=\"819\" data-id=\"32903\"  src=\"https:\/\/bisbalpenedes.com\/web\/wp-content\/uploads\/2025\/02\/P2080464-a-mida-gran-1024x819.jpeg\" alt=\"\" class=\"wp-image-32903\" srcset=\"https:\/\/bisbalpenedes.com\/web\/wp-content\/uploads\/2025\/02\/P2080464-a-mida-gran-1024x819.jpeg 1024w, https:\/\/bisbalpenedes.com\/web\/wp-content\/uploads\/2025\/02\/P2080464-a-mida-gran-300x240.jpeg 300w, https:\/\/bisbalpenedes.com\/web\/wp-content\/uploads\/2025\/02\/P2080464-a-mida-gran-768x614.jpeg 768w, https:\/\/bisbalpenedes.com\/web\/wp-content\/uploads\/2025\/02\/P2080464-a-mida-gran-600x480.jpeg 600w, https:\/\/bisbalpenedes.com\/web\/wp-content\/uploads\/2025\/02\/P2080464-a-mida-gran.jpeg 1280w\" sizes=\"(max-width: 1024px) 100vw, 1024px\" \/><\/figure>\n\n\n\n<figure class=\"wp-block-image size-large\"><img loading=\"lazy\" width=\"1024\" height=\"819\" data-id=\"32906\"  src=\"https:\/\/bisbalpenedes.com\/web\/wp-content\/uploads\/2025\/02\/P2080455-a-mida-gran-1024x819.jpeg\" alt=\"\" class=\"wp-image-32906\" srcset=\"https:\/\/bisbalpenedes.com\/web\/wp-content\/uploads\/2025\/02\/P2080455-a-mida-gran-1024x819.jpeg 1024w, https:\/\/bisbalpenedes.com\/web\/wp-content\/uploads\/2025\/02\/P2080455-a-mida-gran-300x240.jpeg 300w, https:\/\/bisbalpenedes.com\/web\/wp-content\/uploads\/2025\/02\/P2080455-a-mida-gran-768x614.jpeg 768w, https:\/\/bisbalpenedes.com\/web\/wp-content\/uploads\/2025\/02\/P2080455-a-mida-gran-600x480.jpeg 600w, https:\/\/bisbalpenedes.com\/web\/wp-content\/uploads\/2025\/02\/P2080455-a-mida-gran.jpeg 1280w\" sizes=\"(max-width: 1024px) 100vw, 1024px\" \/><\/figure>\n\n\n\n<figure class=\"wp-block-image size-large\"><img loading=\"lazy\" width=\"1024\" height=\"819\" data-id=\"32907\"  src=\"https:\/\/bisbalpenedes.com\/web\/wp-content\/uploads\/2025\/02\/P2080446-a-mida-gran-1024x819.jpeg\" alt=\"\" class=\"wp-image-32907\" srcset=\"https:\/\/bisbalpenedes.com\/web\/wp-content\/uploads\/2025\/02\/P2080446-a-mida-gran-1024x819.jpeg 1024w, https:\/\/bisbalpenedes.com\/web\/wp-content\/uploads\/2025\/02\/P2080446-a-mida-gran-300x240.jpeg 300w, https:\/\/bisbalpenedes.com\/web\/wp-content\/uploads\/2025\/02\/P2080446-a-mida-gran-768x614.jpeg 768w, https:\/\/bisbalpenedes.com\/web\/wp-content\/uploads\/2025\/02\/P2080446-a-mida-gran-600x480.jpeg 600w, https:\/\/bisbalpenedes.com\/web\/wp-content\/uploads\/2025\/02\/P2080446-a-mida-gran.jpeg 1280w\" sizes=\"(max-width: 1024px) 100vw, 1024px\" \/><\/figure>\n\n\n\n<figure class=\"wp-block-image size-large\"><img loading=\"lazy\" width=\"1024\" height=\"819\" data-id=\"32908\"  src=\"https:\/\/bisbalpenedes.com\/web\/wp-content\/uploads\/2025\/02\/P2080446-2-a-mida-gran-1024x819.jpeg\" alt=\"\" class=\"wp-image-32908\" srcset=\"https:\/\/bisbalpenedes.com\/web\/wp-content\/uploads\/2025\/02\/P2080446-2-a-mida-gran-1024x819.jpeg 1024w, https:\/\/bisbalpenedes.com\/web\/wp-content\/uploads\/2025\/02\/P2080446-2-a-mida-gran-300x240.jpeg 300w, https:\/\/bisbalpenedes.com\/web\/wp-content\/uploads\/2025\/02\/P2080446-2-a-mida-gran-768x614.jpeg 768w, https:\/\/bisbalpenedes.com\/web\/wp-content\/uploads\/2025\/02\/P2080446-2-a-mida-gran-600x480.jpeg 600w, https:\/\/bisbalpenedes.com\/web\/wp-content\/uploads\/2025\/02\/P2080446-2-a-mida-gran.jpeg 1280w\" sizes=\"(max-width: 1024px) 100vw, 1024px\" \/><\/figure>\n\n\n\n<figure class=\"wp-block-image size-large\"><img loading=\"lazy\" width=\"1024\" height=\"819\" data-id=\"32909\"  src=\"https:\/\/bisbalpenedes.com\/web\/wp-content\/uploads\/2025\/02\/P2080445-a-mida-gran-1024x819.jpeg\" alt=\"\" class=\"wp-image-32909\" srcset=\"https:\/\/bisbalpenedes.com\/web\/wp-content\/uploads\/2025\/02\/P2080445-a-mida-gran-1024x819.jpeg 1024w, https:\/\/bisbalpenedes.com\/web\/wp-content\/uploads\/2025\/02\/P2080445-a-mida-gran-300x240.jpeg 300w, https:\/\/bisbalpenedes.com\/web\/wp-content\/uploads\/2025\/02\/P2080445-a-mida-gran-768x614.jpeg 768w, https:\/\/bisbalpenedes.com\/web\/wp-content\/uploads\/2025\/02\/P2080445-a-mida-gran-600x480.jpeg 600w, https:\/\/bisbalpenedes.com\/web\/wp-content\/uploads\/2025\/02\/P2080445-a-mida-gran.jpeg 1280w\" sizes=\"(max-width: 1024px) 100vw, 1024px\" \/><\/figure>\n\n\n\n<figure class=\"wp-block-image size-large\"><img loading=\"lazy\" width=\"1024\" height=\"819\" data-id=\"32910\"  src=\"https:\/\/bisbalpenedes.com\/web\/wp-content\/uploads\/2025\/02\/P2080440-a-mida-gran-1024x819.jpeg\" alt=\"\" class=\"wp-image-32910\" srcset=\"https:\/\/bisbalpenedes.com\/web\/wp-content\/uploads\/2025\/02\/P2080440-a-mida-gran-1024x819.jpeg 1024w, https:\/\/bisbalpenedes.com\/web\/wp-content\/uploads\/2025\/02\/P2080440-a-mida-gran-300x240.jpeg 300w, https:\/\/bisbalpenedes.com\/web\/wp-content\/uploads\/2025\/02\/P2080440-a-mida-gran-768x614.jpeg 768w, https:\/\/bisbalpenedes.com\/web\/wp-content\/uploads\/2025\/02\/P2080440-a-mida-gran-600x480.jpeg 600w, https:\/\/bisbalpenedes.com\/web\/wp-content\/uploads\/2025\/02\/P2080440-a-mida-gran.jpeg 1280w\" sizes=\"(max-width: 1024px) 100vw, 1024px\" \/><\/figure>\n\n\n\n<figure class=\"wp-block-image size-large\"><img loading=\"lazy\" width=\"1024\" height=\"819\" data-id=\"32911\"  src=\"https:\/\/bisbalpenedes.com\/web\/wp-content\/uploads\/2025\/02\/P2080429-a-mida-gran-1024x819.jpeg\" alt=\"\" class=\"wp-image-32911\" srcset=\"https:\/\/bisbalpenedes.com\/web\/wp-content\/uploads\/2025\/02\/P2080429-a-mida-gran-1024x819.jpeg 1024w, https:\/\/bisbalpenedes.com\/web\/wp-content\/uploads\/2025\/02\/P2080429-a-mida-gran-300x240.jpeg 300w, https:\/\/bisbalpenedes.com\/web\/wp-content\/uploads\/2025\/02\/P2080429-a-mida-gran-768x614.jpeg 768w, https:\/\/bisbalpenedes.com\/web\/wp-content\/uploads\/2025\/02\/P2080429-a-mida-gran-600x480.jpeg 600w, https:\/\/bisbalpenedes.com\/web\/wp-content\/uploads\/2025\/02\/P2080429-a-mida-gran.jpeg 1280w\" sizes=\"(max-width: 1024px) 100vw, 1024px\" \/><\/figure>\n\n\n\n<figure class=\"wp-block-image size-large\"><img loading=\"lazy\" width=\"1024\" height=\"819\" data-id=\"32912\"  src=\"https:\/\/bisbalpenedes.com\/web\/wp-content\/uploads\/2025\/02\/P2080426-a-mida-gran-1024x819.jpeg\" alt=\"\" class=\"wp-image-32912\" srcset=\"https:\/\/bisbalpenedes.com\/web\/wp-content\/uploads\/2025\/02\/P2080426-a-mida-gran-1024x819.jpeg 1024w, https:\/\/bisbalpenedes.com\/web\/wp-content\/uploads\/2025\/02\/P2080426-a-mida-gran-300x240.jpeg 300w, https:\/\/bisbalpenedes.com\/web\/wp-content\/uploads\/2025\/02\/P2080426-a-mida-gran-768x614.jpeg 768w, https:\/\/bisbalpenedes.com\/web\/wp-content\/uploads\/2025\/02\/P2080426-a-mida-gran-600x480.jpeg 600w, https:\/\/bisbalpenedes.com\/web\/wp-content\/uploads\/2025\/02\/P2080426-a-mida-gran.jpeg 1280w\" sizes=\"(max-width: 1024px) 100vw, 1024px\" \/><\/figure>\n\n\n\n<figure class=\"wp-block-image size-large\"><img loading=\"lazy\" width=\"1024\" height=\"819\" data-id=\"32913\"  src=\"https:\/\/bisbalpenedes.com\/web\/wp-content\/uploads\/2025\/02\/P2080416-a-mida-gran-1024x819.jpeg\" alt=\"\" class=\"wp-image-32913\" srcset=\"https:\/\/bisbalpenedes.com\/web\/wp-content\/uploads\/2025\/02\/P2080416-a-mida-gran-1024x819.jpeg 1024w, https:\/\/bisbalpenedes.com\/web\/wp-content\/uploads\/2025\/02\/P2080416-a-mida-gran-300x240.jpeg 300w, https:\/\/bisbalpenedes.com\/web\/wp-content\/uploads\/2025\/02\/P2080416-a-mida-gran-768x614.jpeg 768w, https:\/\/bisbalpenedes.com\/web\/wp-content\/uploads\/2025\/02\/P2080416-a-mida-gran-600x480.jpeg 600w, https:\/\/bisbalpenedes.com\/web\/wp-content\/uploads\/2025\/02\/P2080416-a-mida-gran.jpeg 1280w\" sizes=\"(max-width: 1024px) 100vw, 1024px\" \/><\/figure>\n\n\n\n<figure class=\"wp-block-image size-large\"><img loading=\"lazy\" width=\"819\" height=\"1024\" data-id=\"32947\"  src=\"https:\/\/bisbalpenedes.com\/web\/wp-content\/uploads\/2025\/02\/PILAR-COLLA-CASTELLERA-819x1024.jpeg\" alt=\"\" class=\"wp-image-32947\" srcset=\"https:\/\/bisbalpenedes.com\/web\/wp-content\/uploads\/2025\/02\/PILAR-COLLA-CASTELLERA-819x1024.jpeg 819w, https:\/\/bisbalpenedes.com\/web\/wp-content\/uploads\/2025\/02\/PILAR-COLLA-CASTELLERA-240x300.jpeg 240w, https:\/\/bisbalpenedes.com\/web\/wp-content\/uploads\/2025\/02\/PILAR-COLLA-CASTELLERA-768x960.jpeg 768w, https:\/\/bisbalpenedes.com\/web\/wp-content\/uploads\/2025\/02\/PILAR-COLLA-CASTELLERA-1229x1536.jpeg 1229w, https:\/\/bisbalpenedes.com\/web\/wp-content\/uploads\/2025\/02\/PILAR-COLLA-CASTELLERA-1638x2048.jpeg 1638w, https:\/\/bisbalpenedes.com\/web\/wp-content\/uploads\/2025\/02\/PILAR-COLLA-CASTELLERA-600x750.jpeg 600w, https:\/\/bisbalpenedes.com\/web\/wp-content\/uploads\/2025\/02\/PILAR-COLLA-CASTELLERA-scaled.jpeg 2048w\" sizes=\"(max-width: 819px) 100vw, 819px\" \/><\/figure>\n\n\n\n<figure class=\"wp-block-image size-large\"><img loading=\"lazy\" width=\"1024\" height=\"819\" data-id=\"32916\"  src=\"https:\/\/bisbalpenedes.com\/web\/wp-content\/uploads\/2025\/02\/P2080351-a-mida-gran-1024x819.jpeg\" alt=\"\" class=\"wp-image-32916\" srcset=\"https:\/\/bisbalpenedes.com\/web\/wp-content\/uploads\/2025\/02\/P2080351-a-mida-gran-1024x819.jpeg 1024w, https:\/\/bisbalpenedes.com\/web\/wp-content\/uploads\/2025\/02\/P2080351-a-mida-gran-300x240.jpeg 300w, https:\/\/bisbalpenedes.com\/web\/wp-content\/uploads\/2025\/02\/P2080351-a-mida-gran-768x614.jpeg 768w, https:\/\/bisbalpenedes.com\/web\/wp-content\/uploads\/2025\/02\/P2080351-a-mida-gran-600x480.jpeg 600w, https:\/\/bisbalpenedes.com\/web\/wp-content\/uploads\/2025\/02\/P2080351-a-mida-gran.jpeg 1280w\" sizes=\"(max-width: 1024px) 100vw, 1024px\" \/><\/figure>\n\n\n\n<figure class=\"wp-block-image size-large\"><img loading=\"lazy\" width=\"819\" height=\"1024\" data-id=\"32943\"  src=\"https:\/\/bisbalpenedes.com\/web\/wp-content\/uploads\/2025\/02\/P2080313-a-mida-gran-819x1024.jpeg\" alt=\"\" class=\"wp-image-32943\" srcset=\"https:\/\/bisbalpenedes.com\/web\/wp-content\/uploads\/2025\/02\/P2080313-a-mida-gran-819x1024.jpeg 819w, https:\/\/bisbalpenedes.com\/web\/wp-content\/uploads\/2025\/02\/P2080313-a-mida-gran-240x300.jpeg 240w, https:\/\/bisbalpenedes.com\/web\/wp-content\/uploads\/2025\/02\/P2080313-a-mida-gran-768x960.jpeg 768w, https:\/\/bisbalpenedes.com\/web\/wp-content\/uploads\/2025\/02\/P2080313-a-mida-gran-600x750.jpeg 600w, https:\/\/bisbalpenedes.com\/web\/wp-content\/uploads\/2025\/02\/P2080313-a-mida-gran.jpeg 1024w\" sizes=\"(max-width: 819px) 100vw, 819px\" \/><\/figure>\n\n\n\n<figure class=\"wp-block-image size-large\"><img loading=\"lazy\" width=\"1024\" height=\"819\" data-id=\"32942\"  src=\"https:\/\/bisbalpenedes.com\/web\/wp-content\/uploads\/2025\/02\/P2080306-a-mida-gran-1024x819.jpeg\" alt=\"\" class=\"wp-image-32942\" srcset=\"https:\/\/bisbalpenedes.com\/web\/wp-content\/uploads\/2025\/02\/P2080306-a-mida-gran-1024x819.jpeg 1024w, https:\/\/bisbalpenedes.com\/web\/wp-content\/uploads\/2025\/02\/P2080306-a-mida-gran-300x240.jpeg 300w, https:\/\/bisbalpenedes.com\/web\/wp-content\/uploads\/2025\/02\/P2080306-a-mida-gran-768x614.jpeg 768w, https:\/\/bisbalpenedes.com\/web\/wp-content\/uploads\/2025\/02\/P2080306-a-mida-gran-600x480.jpeg 600w, https:\/\/bisbalpenedes.com\/web\/wp-content\/uploads\/2025\/02\/P2080306-a-mida-gran.jpeg 1280w\" sizes=\"(max-width: 1024px) 100vw, 1024px\" \/><\/figure>\n\n\n\n<figure class=\"wp-block-image size-large\"><img loading=\"lazy\" width=\"1024\" height=\"819\" data-id=\"32920\"  src=\"https:\/\/bisbalpenedes.com\/web\/wp-content\/uploads\/2025\/02\/P2080287-a-mida-gran-1024x819.jpeg\" alt=\"\" class=\"wp-image-32920\" srcset=\"https:\/\/bisbalpenedes.com\/web\/wp-content\/uploads\/2025\/02\/P2080287-a-mida-gran-1024x819.jpeg 1024w, https:\/\/bisbalpenedes.com\/web\/wp-content\/uploads\/2025\/02\/P2080287-a-mida-gran-300x240.jpeg 300w, https:\/\/bisbalpenedes.com\/web\/wp-content\/uploads\/2025\/02\/P2080287-a-mida-gran-768x614.jpeg 768w, https:\/\/bisbalpenedes.com\/web\/wp-content\/uploads\/2025\/02\/P2080287-a-mida-gran-600x480.jpeg 600w, https:\/\/bisbalpenedes.com\/web\/wp-content\/uploads\/2025\/02\/P2080287-a-mida-gran.jpeg 1280w\" sizes=\"(max-width: 1024px) 100vw, 1024px\" \/><\/figure>\n\n\n\n<figure class=\"wp-block-image size-large\"><img loading=\"lazy\" width=\"1024\" height=\"819\" data-id=\"32923\"  src=\"https:\/\/bisbalpenedes.com\/web\/wp-content\/uploads\/2025\/02\/P2080263-a-mida-gran-1024x819.jpeg\" alt=\"\" class=\"wp-image-32923\" srcset=\"https:\/\/bisbalpenedes.com\/web\/wp-content\/uploads\/2025\/02\/P2080263-a-mida-gran-1024x819.jpeg 1024w, https:\/\/bisbalpenedes.com\/web\/wp-content\/uploads\/2025\/02\/P2080263-a-mida-gran-300x240.jpeg 300w, https:\/\/bisbalpenedes.com\/web\/wp-content\/uploads\/2025\/02\/P2080263-a-mida-gran-768x614.jpeg 768w, https:\/\/bisbalpenedes.com\/web\/wp-content\/uploads\/2025\/02\/P2080263-a-mida-gran-600x480.jpeg 600w, https:\/\/bisbalpenedes.com\/web\/wp-content\/uploads\/2025\/02\/P2080263-a-mida-gran.jpeg 1280w\" sizes=\"(max-width: 1024px) 100vw, 1024px\" \/><\/figure>\n\n\n\n<figure class=\"wp-block-image size-large\"><img loading=\"lazy\" width=\"819\" height=\"1024\" data-id=\"32921\"  src=\"https:\/\/bisbalpenedes.com\/web\/wp-content\/uploads\/2025\/02\/P2080252-a-mida-gran-819x1024.jpeg\" alt=\"\" class=\"wp-image-32921\" srcset=\"https:\/\/bisbalpenedes.com\/web\/wp-content\/uploads\/2025\/02\/P2080252-a-mida-gran-819x1024.jpeg 819w, https:\/\/bisbalpenedes.com\/web\/wp-content\/uploads\/2025\/02\/P2080252-a-mida-gran-240x300.jpeg 240w, https:\/\/bisbalpenedes.com\/web\/wp-content\/uploads\/2025\/02\/P2080252-a-mida-gran-768x960.jpeg 768w, https:\/\/bisbalpenedes.com\/web\/wp-content\/uploads\/2025\/02\/P2080252-a-mida-gran-600x750.jpeg 600w, https:\/\/bisbalpenedes.com\/web\/wp-content\/uploads\/2025\/02\/P2080252-a-mida-gran.jpeg 1024w\" sizes=\"(max-width: 819px) 100vw, 819px\" \/><\/figure>\n\n\n\n<figure class=\"wp-block-image size-large\"><img loading=\"lazy\" width=\"1024\" height=\"819\" data-id=\"32935\"  src=\"https:\/\/bisbalpenedes.com\/web\/wp-content\/uploads\/2025\/02\/P2080217-Mejorado-NR-a-mida-gran-1024x819.jpeg\" alt=\"\" class=\"wp-image-32935\" srcset=\"https:\/\/bisbalpenedes.com\/web\/wp-content\/uploads\/2025\/02\/P2080217-Mejorado-NR-a-mida-gran-1024x819.jpeg 1024w, https:\/\/bisbalpenedes.com\/web\/wp-content\/uploads\/2025\/02\/P2080217-Mejorado-NR-a-mida-gran-300x240.jpeg 300w, https:\/\/bisbalpenedes.com\/web\/wp-content\/uploads\/2025\/02\/P2080217-Mejorado-NR-a-mida-gran-768x614.jpeg 768w, https:\/\/bisbalpenedes.com\/web\/wp-content\/uploads\/2025\/02\/P2080217-Mejorado-NR-a-mida-gran-600x480.jpeg 600w, https:\/\/bisbalpenedes.com\/web\/wp-content\/uploads\/2025\/02\/P2080217-Mejorado-NR-a-mida-gran.jpeg 1280w\" sizes=\"(max-width: 1024px) 100vw, 1024px\" \/><\/figure>\n\n\n\n<figure class=\"wp-block-image size-large\"><img loading=\"lazy\" width=\"1024\" height=\"819\" data-id=\"32924\"  src=\"https:\/\/bisbalpenedes.com\/web\/wp-content\/uploads\/2025\/02\/P2080211-Mejorado-NR-a-mida-gran-1024x819.jpeg\" alt=\"\" class=\"wp-image-32924\" srcset=\"https:\/\/bisbalpenedes.com\/web\/wp-content\/uploads\/2025\/02\/P2080211-Mejorado-NR-a-mida-gran-1024x819.jpeg 1024w, https:\/\/bisbalpenedes.com\/web\/wp-content\/uploads\/2025\/02\/P2080211-Mejorado-NR-a-mida-gran-300x240.jpeg 300w, https:\/\/bisbalpenedes.com\/web\/wp-content\/uploads\/2025\/02\/P2080211-Mejorado-NR-a-mida-gran-768x614.jpeg 768w, https:\/\/bisbalpenedes.com\/web\/wp-content\/uploads\/2025\/02\/P2080211-Mejorado-NR-a-mida-gran-600x480.jpeg 600w, https:\/\/bisbalpenedes.com\/web\/wp-content\/uploads\/2025\/02\/P2080211-Mejorado-NR-a-mida-gran.jpeg 1280w\" sizes=\"(max-width: 1024px) 100vw, 1024px\" \/><\/figure>\n\n\n\n<figure class=\"wp-block-image size-large\"><img loading=\"lazy\" width=\"1024\" height=\"819\" data-id=\"32936\"  src=\"https:\/\/bisbalpenedes.com\/web\/wp-content\/uploads\/2025\/02\/P2080200-Mejorado-NR-a-mida-gran-1024x819.jpeg\" alt=\"\" class=\"wp-image-32936\" srcset=\"https:\/\/bisbalpenedes.com\/web\/wp-content\/uploads\/2025\/02\/P2080200-Mejorado-NR-a-mida-gran-1024x819.jpeg 1024w, https:\/\/bisbalpenedes.com\/web\/wp-content\/uploads\/2025\/02\/P2080200-Mejorado-NR-a-mida-gran-300x240.jpeg 300w, https:\/\/bisbalpenedes.com\/web\/wp-content\/uploads\/2025\/02\/P2080200-Mejorado-NR-a-mida-gran-768x614.jpeg 768w, https:\/\/bisbalpenedes.com\/web\/wp-content\/uploads\/2025\/02\/P2080200-Mejorado-NR-a-mida-gran-600x480.jpeg 600w, https:\/\/bisbalpenedes.com\/web\/wp-content\/uploads\/2025\/02\/P2080200-Mejorado-NR-a-mida-gran.jpeg 1280w\" sizes=\"(max-width: 1024px) 100vw, 1024px\" \/><\/figure>\n\n\n\n<figure class=\"wp-block-image size-large\"><img loading=\"lazy\" width=\"1024\" height=\"819\" data-id=\"32925\"  src=\"https:\/\/bisbalpenedes.com\/web\/wp-content\/uploads\/2025\/02\/P2080188-Mejorado-NR-a-mida-gran-1024x819.jpeg\" alt=\"\" class=\"wp-image-32925\" srcset=\"https:\/\/bisbalpenedes.com\/web\/wp-content\/uploads\/2025\/02\/P2080188-Mejorado-NR-a-mida-gran-1024x819.jpeg 1024w, https:\/\/bisbalpenedes.com\/web\/wp-content\/uploads\/2025\/02\/P2080188-Mejorado-NR-a-mida-gran-300x240.jpeg 300w, https:\/\/bisbalpenedes.com\/web\/wp-content\/uploads\/2025\/02\/P2080188-Mejorado-NR-a-mida-gran-768x614.jpeg 768w, https:\/\/bisbalpenedes.com\/web\/wp-content\/uploads\/2025\/02\/P2080188-Mejorado-NR-a-mida-gran-600x480.jpeg 600w, https:\/\/bisbalpenedes.com\/web\/wp-content\/uploads\/2025\/02\/P2080188-Mejorado-NR-a-mida-gran.jpeg 1280w\" sizes=\"(max-width: 1024px) 100vw, 1024px\" \/><\/figure>\n\n\n\n<figure class=\"wp-block-image size-large\"><img loading=\"lazy\" width=\"1024\" height=\"819\" data-id=\"32945\"  src=\"https:\/\/bisbalpenedes.com\/web\/wp-content\/uploads\/2025\/02\/P2080162-Mejorado-NR-a-mida-gran-1024x819.jpeg\" alt=\"\" class=\"wp-image-32945\" srcset=\"https:\/\/bisbalpenedes.com\/web\/wp-content\/uploads\/2025\/02\/P2080162-Mejorado-NR-a-mida-gran-1024x819.jpeg 1024w, https:\/\/bisbalpenedes.com\/web\/wp-content\/uploads\/2025\/02\/P2080162-Mejorado-NR-a-mida-gran-300x240.jpeg 300w, https:\/\/bisbalpenedes.com\/web\/wp-content\/uploads\/2025\/02\/P2080162-Mejorado-NR-a-mida-gran-768x614.jpeg 768w, https:\/\/bisbalpenedes.com\/web\/wp-content\/uploads\/2025\/02\/P2080162-Mejorado-NR-a-mida-gran-600x480.jpeg 600w, https:\/\/bisbalpenedes.com\/web\/wp-content\/uploads\/2025\/02\/P2080162-Mejorado-NR-a-mida-gran.jpeg 1280w\" sizes=\"(max-width: 1024px) 100vw, 1024px\" \/><\/figure>\n\n\n\n<figure class=\"wp-block-image size-large\"><img loading=\"lazy\" width=\"1024\" height=\"819\" data-id=\"32937\"  src=\"https:\/\/bisbalpenedes.com\/web\/wp-content\/uploads\/2025\/02\/P2080157-Mejorado-NR-a-mida-gran-1024x819.jpeg\" alt=\"\" class=\"wp-image-32937\" srcset=\"https:\/\/bisbalpenedes.com\/web\/wp-content\/uploads\/2025\/02\/P2080157-Mejorado-NR-a-mida-gran-1024x819.jpeg 1024w, https:\/\/bisbalpenedes.com\/web\/wp-content\/uploads\/2025\/02\/P2080157-Mejorado-NR-a-mida-gran-300x240.jpeg 300w, https:\/\/bisbalpenedes.com\/web\/wp-content\/uploads\/2025\/02\/P2080157-Mejorado-NR-a-mida-gran-768x614.jpeg 768w, https:\/\/bisbalpenedes.com\/web\/wp-content\/uploads\/2025\/02\/P2080157-Mejorado-NR-a-mida-gran-600x480.jpeg 600w, https:\/\/bisbalpenedes.com\/web\/wp-content\/uploads\/2025\/02\/P2080157-Mejorado-NR-a-mida-gran.jpeg 1280w\" sizes=\"(max-width: 1024px) 100vw, 1024px\" \/><\/figure>\n\n\n\n<figure class=\"wp-block-image size-large\"><img loading=\"lazy\" width=\"1024\" height=\"819\" data-id=\"32927\"  src=\"https:\/\/bisbalpenedes.com\/web\/wp-content\/uploads\/2025\/02\/P2080144-Mejorado-NR-a-mida-gran-1024x819.jpeg\" alt=\"\" class=\"wp-image-32927\" srcset=\"https:\/\/bisbalpenedes.com\/web\/wp-content\/uploads\/2025\/02\/P2080144-Mejorado-NR-a-mida-gran-1024x819.jpeg 1024w, https:\/\/bisbalpenedes.com\/web\/wp-content\/uploads\/2025\/02\/P2080144-Mejorado-NR-a-mida-gran-300x240.jpeg 300w, https:\/\/bisbalpenedes.com\/web\/wp-content\/uploads\/2025\/02\/P2080144-Mejorado-NR-a-mida-gran-768x614.jpeg 768w, https:\/\/bisbalpenedes.com\/web\/wp-content\/uploads\/2025\/02\/P2080144-Mejorado-NR-a-mida-gran-600x480.jpeg 600w, https:\/\/bisbalpenedes.com\/web\/wp-content\/uploads\/2025\/02\/P2080144-Mejorado-NR-a-mida-gran.jpeg 1280w\" sizes=\"(max-width: 1024px) 100vw, 1024px\" \/><\/figure>\n\n\n\n<figure class=\"wp-block-image size-large\"><img loading=\"lazy\" width=\"1024\" height=\"819\" data-id=\"32946\"  src=\"https:\/\/bisbalpenedes.com\/web\/wp-content\/uploads\/2025\/02\/P2080137-Mejorado-NR-a-mida-gran-1024x819.jpeg\" alt=\"\" class=\"wp-image-32946\" srcset=\"https:\/\/bisbalpenedes.com\/web\/wp-content\/uploads\/2025\/02\/P2080137-Mejorado-NR-a-mida-gran-1024x819.jpeg 1024w, https:\/\/bisbalpenedes.com\/web\/wp-content\/uploads\/2025\/02\/P2080137-Mejorado-NR-a-mida-gran-300x240.jpeg 300w, https:\/\/bisbalpenedes.com\/web\/wp-content\/uploads\/2025\/02\/P2080137-Mejorado-NR-a-mida-gran-768x614.jpeg 768w, https:\/\/bisbalpenedes.com\/web\/wp-content\/uploads\/2025\/02\/P2080137-Mejorado-NR-a-mida-gran-600x480.jpeg 600w, https:\/\/bisbalpenedes.com\/web\/wp-content\/uploads\/2025\/02\/P2080137-Mejorado-NR-a-mida-gran.jpeg 1280w\" sizes=\"(max-width: 1024px) 100vw, 1024px\" \/><\/figure>\n\n\n\n<figure class=\"wp-block-image size-large\"><img loading=\"lazy\" width=\"1024\" height=\"819\" data-id=\"32938\"  src=\"https:\/\/bisbalpenedes.com\/web\/wp-content\/uploads\/2025\/02\/P2080132-Mejorado-NR-a-mida-gran-1024x819.jpeg\" alt=\"\" class=\"wp-image-32938\" srcset=\"https:\/\/bisbalpenedes.com\/web\/wp-content\/uploads\/2025\/02\/P2080132-Mejorado-NR-a-mida-gran-1024x819.jpeg 1024w, https:\/\/bisbalpenedes.com\/web\/wp-content\/uploads\/2025\/02\/P2080132-Mejorado-NR-a-mida-gran-300x240.jpeg 300w, https:\/\/bisbalpenedes.com\/web\/wp-content\/uploads\/2025\/02\/P2080132-Mejorado-NR-a-mida-gran-768x614.jpeg 768w, https:\/\/bisbalpenedes.com\/web\/wp-content\/uploads\/2025\/02\/P2080132-Mejorado-NR-a-mida-gran-600x480.jpeg 600w, https:\/\/bisbalpenedes.com\/web\/wp-content\/uploads\/2025\/02\/P2080132-Mejorado-NR-a-mida-gran.jpeg 1280w\" sizes=\"(max-width: 1024px) 100vw, 1024px\" \/><\/figure>\n\n\n\n<figure class=\"wp-block-image size-large\"><img loading=\"lazy\" width=\"1024\" height=\"819\" data-id=\"32929\"  src=\"https:\/\/bisbalpenedes.com\/web\/wp-content\/uploads\/2025\/02\/P2080113-Mejorado-NR-a-mida-gran-1024x819.jpeg\" alt=\"\" class=\"wp-image-32929\" srcset=\"https:\/\/bisbalpenedes.com\/web\/wp-content\/uploads\/2025\/02\/P2080113-Mejorado-NR-a-mida-gran-1024x819.jpeg 1024w, https:\/\/bisbalpenedes.com\/web\/wp-content\/uploads\/2025\/02\/P2080113-Mejorado-NR-a-mida-gran-300x240.jpeg 300w, https:\/\/bisbalpenedes.com\/web\/wp-content\/uploads\/2025\/02\/P2080113-Mejorado-NR-a-mida-gran-768x614.jpeg 768w, https:\/\/bisbalpenedes.com\/web\/wp-content\/uploads\/2025\/02\/P2080113-Mejorado-NR-a-mida-gran-600x480.jpeg 600w, https:\/\/bisbalpenedes.com\/web\/wp-content\/uploads\/2025\/02\/P2080113-Mejorado-NR-a-mida-gran.jpeg 1280w\" sizes=\"(max-width: 1024px) 100vw, 1024px\" \/><\/figure>\n\n\n\n<figure class=\"wp-block-image size-large\"><img loading=\"lazy\" width=\"1024\" height=\"819\" data-id=\"32930\"  src=\"https:\/\/bisbalpenedes.com\/web\/wp-content\/uploads\/2025\/02\/P2080080-Mejorado-NR-a-mida-gran-1024x819.jpeg\" alt=\"\" class=\"wp-image-32930\" srcset=\"https:\/\/bisbalpenedes.com\/web\/wp-content\/uploads\/2025\/02\/P2080080-Mejorado-NR-a-mida-gran-1024x819.jpeg 1024w, https:\/\/bisbalpenedes.com\/web\/wp-content\/uploads\/2025\/02\/P2080080-Mejorado-NR-a-mida-gran-300x240.jpeg 300w, https:\/\/bisbalpenedes.com\/web\/wp-content\/uploads\/2025\/02\/P2080080-Mejorado-NR-a-mida-gran-768x614.jpeg 768w, https:\/\/bisbalpenedes.com\/web\/wp-content\/uploads\/2025\/02\/P2080080-Mejorado-NR-a-mida-gran-600x480.jpeg 600w, https:\/\/bisbalpenedes.com\/web\/wp-content\/uploads\/2025\/02\/P2080080-Mejorado-NR-a-mida-gran.jpeg 1280w\" sizes=\"(max-width: 1024px) 100vw, 1024px\" \/><\/figure>\n\n\n\n<figure class=\"wp-block-image size-large\"><img loading=\"lazy\" width=\"1024\" height=\"819\" data-id=\"32940\"  src=\"https:\/\/bisbalpenedes.com\/web\/wp-content\/uploads\/2025\/02\/P2080074-Mejorado-NR-a-mida-gran-1024x819.jpeg\" alt=\"\" class=\"wp-image-32940\" srcset=\"https:\/\/bisbalpenedes.com\/web\/wp-content\/uploads\/2025\/02\/P2080074-Mejorado-NR-a-mida-gran-1024x819.jpeg 1024w, https:\/\/bisbalpenedes.com\/web\/wp-content\/uploads\/2025\/02\/P2080074-Mejorado-NR-a-mida-gran-300x240.jpeg 300w, https:\/\/bisbalpenedes.com\/web\/wp-content\/uploads\/2025\/02\/P2080074-Mejorado-NR-a-mida-gran-768x614.jpeg 768w, https:\/\/bisbalpenedes.com\/web\/wp-content\/uploads\/2025\/02\/P2080074-Mejorado-NR-a-mida-gran-600x480.jpeg 600w, https:\/\/bisbalpenedes.com\/web\/wp-content\/uploads\/2025\/02\/P2080074-Mejorado-NR-a-mida-gran.jpeg 1280w\" sizes=\"(max-width: 1024px) 100vw, 1024px\" \/><\/figure>\n\n\n\n<figure class=\"wp-block-image size-large\"><img loading=\"lazy\" width=\"1024\" height=\"819\" data-id=\"32931\"  src=\"https:\/\/bisbalpenedes.com\/web\/wp-content\/uploads\/2025\/02\/P2080058-a-mida-gran-1024x819.jpeg\" alt=\"\" class=\"wp-image-32931\" srcset=\"https:\/\/bisbalpenedes.com\/web\/wp-content\/uploads\/2025\/02\/P2080058-a-mida-gran-1024x819.jpeg 1024w, https:\/\/bisbalpenedes.com\/web\/wp-content\/uploads\/2025\/02\/P2080058-a-mida-gran-300x240.jpeg 300w, https:\/\/bisbalpenedes.com\/web\/wp-content\/uploads\/2025\/02\/P2080058-a-mida-gran-768x614.jpeg 768w, https:\/\/bisbalpenedes.com\/web\/wp-content\/uploads\/2025\/02\/P2080058-a-mida-gran-600x480.jpeg 600w, https:\/\/bisbalpenedes.com\/web\/wp-content\/uploads\/2025\/02\/P2080058-a-mida-gran.jpeg 1280w\" sizes=\"(max-width: 1024px) 100vw, 1024px\" \/><\/figure>\n\n\n\n<figure class=\"wp-block-image size-large\"><img loading=\"lazy\" width=\"1024\" height=\"819\" data-id=\"32932\"  src=\"https:\/\/bisbalpenedes.com\/web\/wp-content\/uploads\/2025\/02\/P2080040-a-mida-gran-1024x819.jpeg\" alt=\"\" class=\"wp-image-32932\" srcset=\"https:\/\/bisbalpenedes.com\/web\/wp-content\/uploads\/2025\/02\/P2080040-a-mida-gran-1024x819.jpeg 1024w, https:\/\/bisbalpenedes.com\/web\/wp-content\/uploads\/2025\/02\/P2080040-a-mida-gran-300x240.jpeg 300w, https:\/\/bisbalpenedes.com\/web\/wp-content\/uploads\/2025\/02\/P2080040-a-mida-gran-768x614.jpeg 768w, https:\/\/bisbalpenedes.com\/web\/wp-content\/uploads\/2025\/02\/P2080040-a-mida-gran-600x480.jpeg 600w, https:\/\/bisbalpenedes.com\/web\/wp-content\/uploads\/2025\/02\/P2080040-a-mida-gran.jpeg 1280w\" sizes=\"(max-width: 1024px) 100vw, 1024px\" \/><\/figure>\n\n\n\n<figure class=\"wp-block-image size-large\"><img loading=\"lazy\" width=\"1024\" height=\"819\" data-id=\"32941\"  src=\"https:\/\/bisbalpenedes.com\/web\/wp-content\/uploads\/2025\/02\/P2080035-a-mida-gran-1024x819.jpeg\" alt=\"\" class=\"wp-image-32941\" srcset=\"https:\/\/bisbalpenedes.com\/web\/wp-content\/uploads\/2025\/02\/P2080035-a-mida-gran-1024x819.jpeg 1024w, https:\/\/bisbalpenedes.com\/web\/wp-content\/uploads\/2025\/02\/P2080035-a-mida-gran-300x240.jpeg 300w, https:\/\/bisbalpenedes.com\/web\/wp-content\/uploads\/2025\/02\/P2080035-a-mida-gran-768x614.jpeg 768w, https:\/\/bisbalpenedes.com\/web\/wp-content\/uploads\/2025\/02\/P2080035-a-mida-gran-600x480.jpeg 600w, https:\/\/bisbalpenedes.com\/web\/wp-content\/uploads\/2025\/02\/P2080035-a-mida-gran.jpeg 1280w\" sizes=\"(max-width: 1024px) 100vw, 1024px\" \/><\/figure>\n\n\n\n<figure class=\"wp-block-image size-large\"><img loading=\"lazy\" width=\"1024\" height=\"819\" data-id=\"32934\"  src=\"https:\/\/bisbalpenedes.com\/web\/wp-content\/uploads\/2025\/02\/P2080033-a-mida-gran-1024x819.jpeg\" alt=\"\" class=\"wp-image-32934\" srcset=\"https:\/\/bisbalpenedes.com\/web\/wp-content\/uploads\/2025\/02\/P2080033-a-mida-gran-1024x819.jpeg 1024w, https:\/\/bisbalpenedes.com\/web\/wp-content\/uploads\/2025\/02\/P2080033-a-mida-gran-300x240.jpeg 300w, https:\/\/bisbalpenedes.com\/web\/wp-content\/uploads\/2025\/02\/P2080033-a-mida-gran-768x614.jpeg 768w, https:\/\/bisbalpenedes.com\/web\/wp-content\/uploads\/2025\/02\/P2080033-a-mida-gran-600x480.jpeg 600w, https:\/\/bisbalpenedes.com\/web\/wp-content\/uploads\/2025\/02\/P2080033-a-mida-gran.jpeg 1280w\" sizes=\"(max-width: 1024px) 100vw, 1024px\" \/><\/figure>\n\n\n\n<figure class=\"wp-block-image size-large\"><img loading=\"lazy\" width=\"1024\" height=\"819\" data-id=\"32933\"  src=\"https:\/\/bisbalpenedes.com\/web\/wp-content\/uploads\/2025\/02\/P2080023-a-mida-gran-1024x819.jpeg\" alt=\"\" class=\"wp-image-32933\" srcset=\"https:\/\/bisbalpenedes.com\/web\/wp-content\/uploads\/2025\/02\/P2080023-a-mida-gran-1024x819.jpeg 1024w, https:\/\/bisbalpenedes.com\/web\/wp-content\/uploads\/2025\/02\/P2080023-a-mida-gran-300x240.jpeg 300w, https:\/\/bisbalpenedes.com\/web\/wp-content\/uploads\/2025\/02\/P2080023-a-mida-gran-768x614.jpeg 768w, https:\/\/bisbalpenedes.com\/web\/wp-content\/uploads\/2025\/02\/P2080023-a-mida-gran-600x480.jpeg 600w, https:\/\/bisbalpenedes.com\/web\/wp-content\/uploads\/2025\/02\/P2080023-a-mida-gran.jpeg 1280w\" sizes=\"(max-width: 1024px) 100vw, 1024px\" \/><\/figure>\n<figcaption class=\"blocks-gallery-caption\">Inauguraci\u00f3 de &#8216;La Fassina&#8217; &#8211; Fotos: Ra\u00fal Gallego<\/figcaption><\/figure>\n\n\n\n<p><\/p>\n","protected":false},"excerpt":{"rendered":"<p>Es tracta d\u2019un nou equipament que allotjar\u00e0 la Colla Castellera La Bisbal del Pened\u00e8s i l\u2019ADF Clot de Bou El M.H. president del Parlament de Catalunya, el Josep Rull, ha &hellip; <a href=\"https:\/\/bisbalpenedes.com\/web\/2025\/02\/09\/el-m-h-president-del-parlament-de-catalunya-josep-rull-ha-inaugurat-la-fassina-de-la-bisbal-del-penedes-aquest-dissabte-8-de-febrer\/\" class=\"more-link\">Read More<\/a><\/p>\n","protected":false},"author":4,"featured_media":32842,"comment_status":"closed","ping_status":"closed","sticky":false,"template":"","format":"standard","meta":[],"categories":[13,20,32,8],"tags":[1775,459,378,3977,1895,393,3504,1374],"_links":{"self":[{"href":"https:\/\/bisbalpenedes.com\/web\/wp-json\/wp\/v2\/posts\/32840"}],"collection":[{"href":"https:\/\/bisbalpenedes.com\/web\/wp-json\/wp\/v2\/posts"}],"about":[{"href":"https:\/\/bisbalpenedes.com\/web\/wp-json\/wp\/v2\/types\/post"}],"author":[{"embeddable":true,"href":"https:\/\/bisbalpenedes.com\/web\/wp-json\/wp\/v2\/users\/4"}],"replies":[{"embeddable":true,"href":"https:\/\/bisbalpenedes.com\/web\/wp-json\/wp\/v2\/comments?post=32840"}],"version-history":[{"count":3,"href":"https:\/\/bisbalpenedes.com\/web\/wp-json\/wp\/v2\/posts\/32840\/revisions"}],"predecessor-version":[{"id":32949,"href":"https:\/\/bisbalpenedes.com\/web\/wp-json\/wp\/v2\/posts\/32840\/revisions\/32949"}],"wp:featuredmedia":[{"embeddable":true,"href":"https:\/\/bisbalpenedes.com\/web\/wp-json\/wp\/v2\/media\/32842"}],"wp:attachment":[{"href":"https:\/\/bisbalpenedes.com\/web\/wp-json\/wp\/v2\/media?parent=32840"}],"wp:term":[{"taxonomy":"category","embeddable":true,"href":"https:\/\/bisbalpenedes.com\/web\/wp-json\/wp\/v2\/categories?post=32840"},{"taxonomy":"post_tag","embeddable":true,"href":"https:\/\/bisbalpenedes.com\/web\/wp-json\/wp\/v2\/tags?post=32840"}],"curies":[{"name":"wp","href":"https:\/\/api.w.org\/{rel}","templated":true}]}}