{"id":32836,"date":"2025-02-07T19:51:50","date_gmt":"2025-02-07T17:51:50","guid":{"rendered":"https:\/\/bisbalpenedes.com\/web\/?p=32836"},"modified":"2025-02-07T19:53:05","modified_gmt":"2025-02-07T17:53:05","slug":"lalumna-alba-craig-de-lescola-ull-de-vent-ha-quedat-finalista-del-22e-concurs-digital-educatiu-infantil-daqualia","status":"publish","type":"post","link":"https:\/\/bisbalpenedes.com\/web\/2025\/02\/07\/lalumna-alba-craig-de-lescola-ull-de-vent-ha-quedat-finalista-del-22e-concurs-digital-educatiu-infantil-daqualia\/","title":{"rendered":"L\u2019alumna Alba Craig de l\u2019Escola Ull de Vent ha quedat finalista en el 22\u00e8 Concurs Digital Educatiu Infantil d\u2019Aqualia"},"content":{"rendered":"\n<p>Alba Craig, alumna de prim\u00e0ria de l\u2019Escola Ull de Vent, ha quedat finalista en el 22\u00e8 Concurs Digital Educatiu Infantil d\u2019Aqualia i ha rebut un diploma i una targeta de 30\u20ac per a material esportiu de mans d\u2019Isabel Chaparro i Pau Gonz\u00e1lez en representaci\u00f3 d\u2019Aqualia. L\u2019entrega s\u2019ha fet aquest divendres a l\u2019escola centen\u00e0ria en pres\u00e8ncia de l\u2019alcaldessa Agn\u00e8s Ferr\u00e9, el regidor d\u2019Ensenyament, Daniel Caballero; i la directora de l\u2019escola Ull de Vent, Agn\u00e8s Sol\u00e9.<\/p>\n\n\n\n<p>En aquesta edici\u00f3, l\u2019alumnat havia de demostrar la seva creativitat dibuixant sistemes per salvar el planeta i tenir cura de l\u2019aigua. Aquesta iniciativa, que aquest 2025 arribar\u00e0 a la seva 23a edici\u00f3, contribueix a l\u2019educaci\u00f3 ambiental de l\u2019alumnat de prim\u00e0ria, amb l\u2019objectiu que valorin i conservin els recursos naturals, com ara l\u2019aigua, que \u00e9s un b\u00e9 esc\u00e0s i necessari per a la vida al planeta.<\/p>\n\n\n\n<hr class=\"wp-block-separator has-alpha-channel-opacity\"\/>\n\n\n\n<h4><strong>La alumna Alba Craig de la Escola Ull de Vent ha quedado finalista del 22\u00ba Concurso Digital Educativo Infantil de Aqualia<\/strong><\/h4>\n\n\n\n<p>Alba Craig, alumna de primaria de la Escola Ull de Vent, ha quedado finalista en el 22\u00ba Concurso Digital Educativo Infantil de Aqualia y ha recibido un diploma y una tarjeta de 30\u20ac para material deportivo de manos de Isabel Chaparro y Pau Gonz\u00e1lez en representaci\u00f3n de Aqualia. La entrega se ha hecho este viernes en la escuela centenaria en presencia de la alcaldesa Agn\u00e8s Ferr\u00e9, el concejal de Educaci\u00f3n, Daniel Caballero; y la directora de la Escola Ull de Vent, Agn\u00e8s Sol\u00e9.<\/p>\n\n\n\n<p>En esta edici\u00f3n, el alumnado deb\u00eda demostrar su creatividad dibujando sistemas para salvar el planeta y cuidar el agua. Esta iniciativa, que en 2025 alcanzar\u00e1 su 23\u00aa edici\u00f3n, contribuye a la educaci\u00f3n ambiental del alumnado de primaria, con el objetivo de que valoren y conserven los recursos naturales, como el agua, que es un bien escaso y necesario para la vida en el planeta.<\/p>\n","protected":false},"excerpt":{"rendered":"<p>Alba Craig, alumna de prim\u00e0ria de l\u2019Escola Ull de Vent, ha quedat finalista en el 22\u00e8 Concurs Digital Educatiu Infantil d\u2019Aqualia i ha rebut un diploma i una targeta de &hellip; <a href=\"https:\/\/bisbalpenedes.com\/web\/2025\/02\/07\/lalumna-alba-craig-de-lescola-ull-de-vent-ha-quedat-finalista-del-22e-concurs-digital-educatiu-infantil-daqualia\/\" class=\"more-link\">Read More<\/a><\/p>\n","protected":false},"author":4,"featured_media":32837,"comment_status":"closed","ping_status":"closed","sticky":false,"template":"","format":"standard","meta":[],"categories":[3456,8,3352],"tags":[649,459,4380,393,1374],"_links":{"self":[{"href":"https:\/\/bisbalpenedes.com\/web\/wp-json\/wp\/v2\/posts\/32836"}],"collection":[{"href":"https:\/\/bisbalpenedes.com\/web\/wp-json\/wp\/v2\/posts"}],"about":[{"href":"https:\/\/bisbalpenedes.com\/web\/wp-json\/wp\/v2\/types\/post"}],"author":[{"embeddable":true,"href":"https:\/\/bisbalpenedes.com\/web\/wp-json\/wp\/v2\/users\/4"}],"replies":[{"embeddable":true,"href":"https:\/\/bisbalpenedes.com\/web\/wp-json\/wp\/v2\/comments?post=32836"}],"version-history":[{"count":2,"href":"https:\/\/bisbalpenedes.com\/web\/wp-json\/wp\/v2\/posts\/32836\/revisions"}],"predecessor-version":[{"id":32839,"href":"https:\/\/bisbalpenedes.com\/web\/wp-json\/wp\/v2\/posts\/32836\/revisions\/32839"}],"wp:featuredmedia":[{"embeddable":true,"href":"https:\/\/bisbalpenedes.com\/web\/wp-json\/wp\/v2\/media\/32837"}],"wp:attachment":[{"href":"https:\/\/bisbalpenedes.com\/web\/wp-json\/wp\/v2\/media?parent=32836"}],"wp:term":[{"taxonomy":"category","embeddable":true,"href":"https:\/\/bisbalpenedes.com\/web\/wp-json\/wp\/v2\/categories?post=32836"},{"taxonomy":"post_tag","embeddable":true,"href":"https:\/\/bisbalpenedes.com\/web\/wp-json\/wp\/v2\/tags?post=32836"}],"curies":[{"name":"wp","href":"https:\/\/api.w.org\/{rel}","templated":true}]}}