{"id":32830,"date":"2025-02-07T13:25:29","date_gmt":"2025-02-07T11:25:29","guid":{"rendered":"https:\/\/bisbalpenedes.com\/web\/?p=32830"},"modified":"2025-02-07T13:25:29","modified_gmt":"2025-02-07T11:25:29","slug":"lalcaldessa-agnes-ferre-la-primera-tinenta-dalcaldia-judith-vidal-i-el-regidor-densenyament-daniel-caballero-han-assistit-al-lliurament-dels-primers-premis-cat","status":"publish","type":"post","link":"https:\/\/bisbalpenedes.com\/web\/2025\/02\/07\/lalcaldessa-agnes-ferre-la-primera-tinenta-dalcaldia-judith-vidal-i-el-regidor-densenyament-daniel-caballero-han-assistit-al-lliurament-dels-primers-premis-cat\/","title":{"rendered":"<strong>L\u2019alcaldessa Agn\u00e8s Ferr\u00e9, la primera tinenta d\u2019alcaldia, Judith Vidal, i el regidor d\u2019Ensenyament, Daniel Caballero, han assistit al lliurament dels primers premis \u2018Catalonia FP Biz Day\u2019<\/strong>"},"content":{"rendered":"\n<p>El passat dimarts 4 de febrer a la tarda, l&#8217;alcaldessa de la Bisbal del Pened\u00e8s, Agn\u00e8s Ferr\u00e9, juntament amb la primera tinenta d&#8217;alcalde, Judith Vidal, i el regidor d&#8217;Ensenyament, Daniel Caballero, va assistir al lliurament dels primers Premis \u2018Catalonia FP Biz Day\u2019, que van recon\u00e8ixer bones pr\u00e0ctiques empresarials en formaci\u00f3 professional dual. L&#8217;esdeveniment, celebrat al Paranimf de l&#8217;Escola Industrial, va comptar amb la pres\u00e8ncia de la consellera d&#8217;Educaci\u00f3 de la Generalitat de Catalunya, Esther Niub\u00f3.<\/p>\n\n\n\n<p>Durant l&#8217;acte, organitzat pel Departament d&#8217;Educaci\u00f3 i Formaci\u00f3 Professional, es van lliurar 27 premis a empreses, administracions p\u00fabliques i entitats que han destacat per la seva col\u00b7laboraci\u00f3 en la formaci\u00f3 i acompanyament de l&#8217;alumnat, l&#8217;acollida d&#8217;estudiants en estades formatives i la realitzaci\u00f3 de projectes conjunts. A m\u00e9s, es van atorgar certificacions de qualitat per la formaci\u00f3 en alternan\u00e7a dual que ofereixen les empreses en col\u00b7laboraci\u00f3 amb els centres educatius.<\/p>\n\n\n\n<p>Aquests guardons tenen com a objectiu recon\u00e8ixer les bones pr\u00e0ctiques en la gesti\u00f3 de l&#8217;alumnat d&#8217;FP dual, un model de formaci\u00f3 que combina l&#8217;aprenentatge en centres educatius amb l&#8217;experi\u00e8ncia en empreses, millorant la inserci\u00f3 laboral i la qualificaci\u00f3 professional dels estudiants.<\/p>\n\n\n\n<p>La pres\u00e8ncia de l\u2019equip de govern reafirma la implicaci\u00f3 i el comprom\u00eds de l&#8217;Ajuntament de la Bisbal del Pened\u00e8s en la formaci\u00f3 i l&#8217;ocupabilitat dels joves, promovent la col\u00b7laboraci\u00f3 entre el teixit empresarial i els centres educatius per garantir una formaci\u00f3 de qualitat adaptada a les necessitats del mercat laboral.<\/p>\n\n\n\n<p><em><sup>*A la foto, d\u2019esquerra a dreta: Judith Vidal, primera tinenta d\u2019alcaldia; Daniel Caballero, regidor d\u2019Ensenyament; Esther Niub\u00f3, consellera d\u2019Educaci\u00f3 de la Generalitat de Catalunya; Agn\u00e8s Ferr\u00e9, alcaldessa de la Bisbal del Pened\u00e8s.<\/sup><\/em><\/p>\n\n\n\n<hr class=\"wp-block-separator has-alpha-channel-opacity\"\/>\n\n\n\n<h2><strong>La alcaldesa Agn\u00e8s Ferr\u00e9, la primera teniente de alcald\u00eda, Judith Vidal, y el concejal de Educaci\u00f3n, Daniel Caballero, han asistido a la entrega de los primeros premios \u2018Catalonia FP Biz Day\u2019<\/strong><\/h2>\n\n\n\n<p>El pasado martes 4 de febrero por la tarde, la alcaldesa de la Bisbal del Pened\u00e8s, Agn\u00e8s Ferr\u00e9, junto con la primera teniente de alcalde, Judith Vidal, y el concejal de Ense\u00f1anza, Daniel Caballero, asisti\u00f3 a la entrega de los primeros Premios \u2018Catalonia FP Biz Day\u2019, que reconocieron buenas pr\u00e1cticas empresariales en formaci\u00f3n profesional dual. El evento, celebrado en el Paraninfo de la Escola Industrial, cont\u00f3 con la presencia de la consejera de Educaci\u00f3n de la Generalitat de Catalunya, Esther Niub\u00f3.<\/p>\n\n\n\n<p>Durante el acto, organizado por el Departament d&#8217;Educaci\u00f3 i Formaci\u00f3 Professional, se entregaron 27 premios a empresas, administraciones p\u00fablicas y entidades que han destacado por su colaboraci\u00f3n en la formaci\u00f3n y acompa\u00f1amiento del alumnado, la acogida de estudiantes en estancias formativas y la realizaci\u00f3n de proyectos conjuntos. Adem\u00e1s, se otorgaron certificaciones de calidad por la formaci\u00f3n en alternancia dual que ofrecen las empresas en colaboraci\u00f3n con los centros educativos.<\/p>\n\n\n\n<p>Estos galardones tienen como objetivo reconocer las buenas pr\u00e1cticas en la gesti\u00f3n del alumnado de FP dual, un modelo de formaci\u00f3n que combina el aprendizaje en centros educativos con la experiencia en empresas, mejorando la inserci\u00f3n laboral y la cualificaci\u00f3n profesional de los estudiantes.<\/p>\n\n\n\n<p>La presencia del equipo de gobierno reafirma la implicaci\u00f3n y el compromiso del Ajuntament de la Bisbal del Pened\u00e8s con la formaci\u00f3n y la empleabilidad de los j\u00f3venes, promoviendo la colaboraci\u00f3n entre el tejido empresarial y los centros educativos para garantizar una formaci\u00f3n de calidad adaptada a las necesidades del mercado laboral.<\/p>\n","protected":false},"excerpt":{"rendered":"<p>El passat dimarts 4 de febrer a la tarda, l&#8217;alcaldessa de la Bisbal del Pened\u00e8s, Agn\u00e8s Ferr\u00e9, juntament amb la primera tinenta d&#8217;alcalde, Judith Vidal, i el regidor d&#8217;Ensenyament, Daniel &hellip; <a href=\"https:\/\/bisbalpenedes.com\/web\/2025\/02\/07\/lalcaldessa-agnes-ferre-la-primera-tinenta-dalcaldia-judith-vidal-i-el-regidor-densenyament-daniel-caballero-han-assistit-al-lliurament-dels-primers-premis-cat\/\" class=\"more-link\">Read More<\/a><\/p>\n","protected":false},"author":4,"featured_media":32831,"comment_status":"closed","ping_status":"closed","sticky":false,"template":"","format":"standard","meta":[],"categories":[2057,3456,8],"tags":[459,6979,6313,393],"_links":{"self":[{"href":"https:\/\/bisbalpenedes.com\/web\/wp-json\/wp\/v2\/posts\/32830"}],"collection":[{"href":"https:\/\/bisbalpenedes.com\/web\/wp-json\/wp\/v2\/posts"}],"about":[{"href":"https:\/\/bisbalpenedes.com\/web\/wp-json\/wp\/v2\/types\/post"}],"author":[{"embeddable":true,"href":"https:\/\/bisbalpenedes.com\/web\/wp-json\/wp\/v2\/users\/4"}],"replies":[{"embeddable":true,"href":"https:\/\/bisbalpenedes.com\/web\/wp-json\/wp\/v2\/comments?post=32830"}],"version-history":[{"count":1,"href":"https:\/\/bisbalpenedes.com\/web\/wp-json\/wp\/v2\/posts\/32830\/revisions"}],"predecessor-version":[{"id":32832,"href":"https:\/\/bisbalpenedes.com\/web\/wp-json\/wp\/v2\/posts\/32830\/revisions\/32832"}],"wp:featuredmedia":[{"embeddable":true,"href":"https:\/\/bisbalpenedes.com\/web\/wp-json\/wp\/v2\/media\/32831"}],"wp:attachment":[{"href":"https:\/\/bisbalpenedes.com\/web\/wp-json\/wp\/v2\/media?parent=32830"}],"wp:term":[{"taxonomy":"category","embeddable":true,"href":"https:\/\/bisbalpenedes.com\/web\/wp-json\/wp\/v2\/categories?post=32830"},{"taxonomy":"post_tag","embeddable":true,"href":"https:\/\/bisbalpenedes.com\/web\/wp-json\/wp\/v2\/tags?post=32830"}],"curies":[{"name":"wp","href":"https:\/\/api.w.org\/{rel}","templated":true}]}}