{"id":32826,"date":"2025-02-06T12:52:59","date_gmt":"2025-02-06T10:52:59","guid":{"rendered":"https:\/\/bisbalpenedes.com\/web\/?p=32826"},"modified":"2025-02-06T17:30:15","modified_gmt":"2025-02-06T15:30:15","slug":"aquest-dissabte-8-de-febrer-sinaugurara-la-fassina-un-nou-espai-per-a-la-colla-castellera-de-la-bisbal-del-penedes-i-ladf-clot-de-bou","status":"publish","type":"post","link":"https:\/\/bisbalpenedes.com\/web\/2025\/02\/06\/aquest-dissabte-8-de-febrer-sinaugurara-la-fassina-un-nou-espai-per-a-la-colla-castellera-de-la-bisbal-del-penedes-i-ladf-clot-de-bou\/","title":{"rendered":"Aquest dissabte 8 de febrer s\u2019inaugurar\u00e0 \u2018La Fassina\u2019: un nou espai per a la Colla Castellera de la Bisbal del Pened\u00e8s i l\u2019ADF Clot de Bou"},"content":{"rendered":"\n<p>L\u2019Ajuntament de la Bisbal del Pened\u00e8s inaugurar\u00e0 aquest dissabte, 8 de febrer de 2025, a les 12 h, l\u2019edifici de \u2018La Fassina\u2019, un espai que ser\u00e0 cedit a dues entitats locals: la Colla Castellera de la Bisbal del Pened\u00e8s (Bous) i l\u2019ADF Clot de Bou. L\u2019acte tindr\u00e0 lloc al mateix edifici, situat al carrer Barcelona de la Bisbal del Pened\u00e8s, i estar\u00e0 presidit pel Molt Honorable Sr. Josep Rull, President del Parlament de Catalunya, i per l\u2019alcaldessa de la Bisbal del Pened\u00e8s, Agn\u00e8s Ferr\u00e9.<\/p>\n\n\n\n<p>L\u2019esdeveniment comptar\u00e0 amb les intervencions del President del Parlament, el Sr. Josep Rull; de l\u2019alcaldessa Agn\u00e8s Ferr\u00e9; de la regidora de Cultura, la Sra. Judith Vidal; i de representants de les entitats que s\u2019instal\u00b7laran en aquest nou espai. Tamb\u00e9 hi assistiran diverses autoritats i colles castelleres del territori.<\/p>\n\n\n\n<p>L\u2019acte \u00e9s obert a tota la ciutadania, amb l\u2019objectiu que tothom pugui con\u00e8ixer de primera m\u00e0 aquest nou espai del municipi. A m\u00e9s. Durant de 17h a 19h tamb\u00e9 s\u2019obriran les portes per qui vulgui venir a visitar l\u2019equipament.<\/p>\n\n\n\n<p><strong>Un espai amb hist\u00f2ria i nova vida<\/strong><\/p>\n\n\n\n<p>\u2018La Fassina\u2019 ocupa el lloc on, antigament, hi havia una f\u00e0brica d\u2019alcohol per cremar. Aquesta instal\u00b7laci\u00f3 va deixar de funcionar abans de la Guerra Civil i, durant d\u00e8cades, l\u2019espai va quedar en des\u00fas. L\u2019any 2019, l\u2019Ajuntament de la Bisbal del Pened\u00e8s va adquirir l\u2019edifici i va procedir a l\u2019enderroc de les construccions existents, preservant \u00fanicament la torre hist\u00f2rica.<\/p>\n\n\n\n<p>El febrer de 2023 van comen\u00e7ar les obres de rehabilitaci\u00f3 de la torre i la construcci\u00f3 de dos nous espais diferenciats per acollir la Colla Castellera de la Bisbal del Pened\u00e8s (Bous) i l\u2019ADF Clot de Bou. L\u2019espai destinat a la colla castellera inclou un local social, un pati i la torre per als assajos. Per la seva banda, l\u2019ADF disposar\u00e0 d\u2019un garatge, un magatzem i un despatx amb sala de reunions. Ambdues entitats comptaran amb serveis sanitaris, i en el cas de l\u2019ADF, tamb\u00e9 amb espai amb dutxa.<\/p>\n\n\n\n<p>El gener de 2025 es va fer la recepci\u00f3 oficial de les obres, que han suposat una inversi\u00f3 total d\u20191.039.069,11 \u20ac (IVA incl\u00f2s), sumant la compra de l\u2019edifici, els projectes, l\u2019enderroc i la construcci\u00f3 del nou espai.<\/p>\n\n\n\n<p>Amb aquesta inauguraci\u00f3, la Bisbal del Pened\u00e8s fa un pas endavant en la millora d\u2019infraestructures destinades a les seves entitats, refor\u00e7ant el suport a la cultura popular i la protecci\u00f3 del territori.<\/p>\n\n\n\n<hr class=\"wp-block-separator has-alpha-channel-opacity\"\/>\n\n\n\n<h3><strong>Este s\u00e1bado 8 de febrero se inaugurar\u00e1 \u2018La Fassina\u2019: un nuevo espacio para la Colla Castellera de la Bisbal del Pened\u00e8s y la ADF Clot de Bou<\/strong><\/h3>\n\n\n\n<p>El Ajuntament de la Bisbal del Pened\u00e8s inaugurar\u00e1 este s\u00e1bado, 8 de febrero de 2025, a las 12 h, el edificio de \u2018La Fassina\u2019, un espacio que ser\u00e1 cedido a dos entidades locales: la Colla Castellera de la Bisbal del Pened\u00e8s (Bous) y la ADF Clot de Bou. El acto tendr\u00e1 lugar en el mismo edificio, situado en la calle Barcelona de la Bisbal del Pened\u00e8s, y estar\u00e1 presidido por el Muy Honorable Sr. Josep Rull, President del Parlament de Catalunya, y por la alcaldesa de la Bisbal del Pened\u00e8s, Agn\u00e8s Ferr\u00e9.<\/p>\n\n\n\n<p>El evento contar\u00e1 con las intervenciones del President del Parlament, el Sr. Josep Rull; de la alcaldesa Agn\u00e8s Ferr\u00e9; de la regidora de Cultura, la Sra. Judith Vidal; y de representantes de las entidades que se instalar\u00e1n en este nuevo espacio. Tambi\u00e9n asistir\u00e1n autoridades y <em>colles castelleres<\/em> del territorio.<\/p>\n\n\n\n<p>El acto es abierto a toda la ciudadan\u00eda, con el objetivo que todo el mundo pueda conocer de primera mano este nuevo espacio del&nbsp; municipio. Adem\u00e1s, de 17 h a 19 h, tambi\u00e9n se abrir\u00e1n las puertas para quienes quieran visitar el equipamiento.<\/p>\n\n\n\n<p><strong>Un espacio con historia y nueva vida<\/strong><\/p>\n\n\n\n<p>\u2018La Fassina\u2019 ocupa el lugar donde, antiguamente, se encontraba una f\u00e1brica de alcohol para quemar (una destiler\u00eda). Esta instalaci\u00f3n dej\u00f3 de funcionar antes de la Guerra Civil y, durante d\u00e9cadas, el espacio qued\u00f3 en desuso. En el a\u00f1o 2019, el Ajuntament de la Bisbal del Pened\u00e8s adquiri\u00f3 el edificio y procedi\u00f3 a la demolici\u00f3n de las construcciones existentes, preservando \u00fanicamente la torre hist\u00f3rica.<\/p>\n\n\n\n<p>En febrero de 2023, comenzaron las obras de rehabilitaci\u00f3n de la torre y la construcci\u00f3n de dos nuevos espacios diferenciados para acoger a la Colla Castellera de la Bisbal del Pened\u00e8s (Bous) y a la ADF Clot de Bou.<\/p>\n\n\n\n<p>El espacio destinado a la colla castellera incluye un local social, un patio y la torre para los ensayos. Por su parte, la ADF dispondr\u00e1 de un garaje, un almac\u00e9n y un despacho con sala de reuniones. Ambas entidades contar\u00e1n con servicios sanitarios, y en el caso de la ADF, tambi\u00e9n con un espacio con ducha.<\/p>\n\n\n\n<p>En enero de 2025, se llev\u00f3 a cabo la recepci\u00f3n oficial de las obras, que han supuesto una inversi\u00f3n total de 1.039.069,11 \u20ac (IVA incluido), sumando la compra del edificio, los proyectos, la demolici\u00f3n y la construcci\u00f3n del nuevo espacio.<\/p>\n\n\n\n<p>Con esta inauguraci\u00f3n, la Bisbal del Pened\u00e8s da un paso adelante en la mejora de infraestructuras destinadas a sus entidades, reforzando el apoyo a la cultura popular y la protecci\u00f3n del territorio.<\/p>\n","protected":false},"excerpt":{"rendered":"<p>L\u2019Ajuntament de la Bisbal del Pened\u00e8s inaugurar\u00e0 aquest dissabte, 8 de febrer de 2025, a les 12 h, l\u2019edifici de \u2018La Fassina\u2019, un espai que ser\u00e0 cedit a dues entitats &hellip; <a href=\"https:\/\/bisbalpenedes.com\/web\/2025\/02\/06\/aquest-dissabte-8-de-febrer-sinaugurara-la-fassina-un-nou-espai-per-a-la-colla-castellera-de-la-bisbal-del-penedes-i-ladf-clot-de-bou\/\" class=\"more-link\">Read More<\/a><\/p>\n","protected":false},"author":4,"featured_media":32828,"comment_status":"closed","ping_status":"closed","sticky":false,"template":"","format":"standard","meta":[],"categories":[8],"tags":[1775,459,4302,393,3504,1374],"_links":{"self":[{"href":"https:\/\/bisbalpenedes.com\/web\/wp-json\/wp\/v2\/posts\/32826"}],"collection":[{"href":"https:\/\/bisbalpenedes.com\/web\/wp-json\/wp\/v2\/posts"}],"about":[{"href":"https:\/\/bisbalpenedes.com\/web\/wp-json\/wp\/v2\/types\/post"}],"author":[{"embeddable":true,"href":"https:\/\/bisbalpenedes.com\/web\/wp-json\/wp\/v2\/users\/4"}],"replies":[{"embeddable":true,"href":"https:\/\/bisbalpenedes.com\/web\/wp-json\/wp\/v2\/comments?post=32826"}],"version-history":[{"count":2,"href":"https:\/\/bisbalpenedes.com\/web\/wp-json\/wp\/v2\/posts\/32826\/revisions"}],"predecessor-version":[{"id":32829,"href":"https:\/\/bisbalpenedes.com\/web\/wp-json\/wp\/v2\/posts\/32826\/revisions\/32829"}],"wp:featuredmedia":[{"embeddable":true,"href":"https:\/\/bisbalpenedes.com\/web\/wp-json\/wp\/v2\/media\/32828"}],"wp:attachment":[{"href":"https:\/\/bisbalpenedes.com\/web\/wp-json\/wp\/v2\/media?parent=32826"}],"wp:term":[{"taxonomy":"category","embeddable":true,"href":"https:\/\/bisbalpenedes.com\/web\/wp-json\/wp\/v2\/categories?post=32826"},{"taxonomy":"post_tag","embeddable":true,"href":"https:\/\/bisbalpenedes.com\/web\/wp-json\/wp\/v2\/tags?post=32826"}],"curies":[{"name":"wp","href":"https:\/\/api.w.org\/{rel}","templated":true}]}}