{"id":32820,"date":"2025-02-05T18:58:28","date_gmt":"2025-02-05T16:58:28","guid":{"rendered":"https:\/\/bisbalpenedes.com\/web\/?p=32820"},"modified":"2025-02-05T20:04:32","modified_gmt":"2025-02-05T18:04:32","slug":"el-passat-17-de-gener-de-2024-es-va-celebrar-un-ple-extraordinari-a-lajuntament-de-la-bisbal-del-penedes","status":"publish","type":"post","link":"https:\/\/bisbalpenedes.com\/web\/2025\/02\/05\/el-passat-17-de-gener-de-2024-es-va-celebrar-un-ple-extraordinari-a-lajuntament-de-la-bisbal-del-penedes\/","title":{"rendered":"El passat 17 de gener de 2024 es va celebrar un Ple extraordinari a l\u2019Ajuntament de la Bisbal del Pened\u00e8s"},"content":{"rendered":"\n<p>El passat 17 de gener de 2024 es va celebrar un Ple extraordinari a l\u2019Ajuntament de la Bisbal del Pened\u00e8s. A l\u2019inici del Ple, es va excusar l\u2019assist\u00e8ncia del regidor Ra\u00fal Cort\u00e9s del grup municipal Tots som la Bisbal -Urbanizaciones Unidas.<\/p>\n\n\n\n<p>El v\u00eddeo de la sessi\u00f3 es pot veure en aquest enlla\u00e7: <a href=\"https:\/\/actes.bisbalpenedes.com\/session\/sessionDetail\/8a8180889481868a01948e41a8b50009\" target=\"_blank\" rel=\"noreferrer noopener\">https:\/\/actes.bisbalpenedes.com\/session\/sessionDetail\/8a8180889481868a01948e41a8b50009<\/a><\/p>\n\n\n\n<p>El Ple tenia un \u00fanic punt a l\u2019ordre del dia:<\/p>\n\n\n\n<p><strong>1.-Reconeixement d\u2019obligacions pendents de l\u2019exercici 2024.<\/strong><\/p>\n\n\n\n<p>Es va aprovar amb els vots a favor de Comprom\u00eds amb la Bisbal (5), PSC (1), ERC (1) i La Bisbal Decideix (2) i l&#8217;abstenci\u00f3 de Tots som la Bisbal-Urbanizaciones Unidas (1).<\/p>\n\n\n\n<p>Es van aprovar factures de l\u2019any 2024 per un total de 143.093,19\u20ac i tamb\u00e9 es va aprovar el pagament d\u2019aquestes. Concretament:<\/p>\n\n\n\n<ul><li>5 factures d\u2019octubre per un total de 18.529,10\u20ac<\/li><li>61 factures de novembre, per un total de 33.955,98\u20ac<\/li><li>46 factures de l\u20191 al 15 de desembre, per un total de 24.766,90\u20ac<\/li><li>53 factures del 16 al 31 de desembre, per un total de 65.841,21\u20ac<\/li><\/ul>\n\n\n\n<p>Durant el Ple, l\u2019alcaldessa de la Bisbal del Pened\u00e8s, Agn\u00e8s Ferr\u00e9, va argumentar que <em>\u201ccal tenir en compte que bona part dels imports totals de cada despesa s\u00f3n poc significatius respecte al pressupost municipal i que, d\u2019haver pogut fer modificaci\u00f3 de cr\u00e8dit entre les diferents partides i seguint els procediments de contractaci\u00f3, s\u2019haguessin pogut pagar, ja que l\u2019Ajuntament t\u00e9 bona salut financera i de tresoreria. L\u2019important \u00e9s que s\u00f3n compres i serveis realitzats efectivament\u201d <\/em>i va afegir que <em>\u201cdurant els primers mesos de l\u2019any sempre s\u2019aprova per Ple el pagament de factures d\u2019anys anteriors que, per diversos motius, no s\u2019han pogut pagar el mateix any\u201d.<\/em><\/p>\n\n\n\n<p>Aix\u00ed, segons l\u2019explicaci\u00f3 que va fer la batllessa bisbalenca, es tractava de factures per compres o serveis realitzats que no es van pagar dins del mateix any per diversos motius:<\/p>\n\n\n\n<ul><li>Algunes perqu\u00e8 no hi havia partida pressupost\u00e0ria i, a final d\u2019any, no es va poder fer cap modificaci\u00f3 de cr\u00e8dit.<\/li><li>Algunes perqu\u00e8 s\u2019havia iniciat la tramitaci\u00f3 de la despesa, per\u00f2 pel fet que faltava algun document o justificant d\u2019estar al corrent de pagament, ja s\u2019havia fet el servei i, per tant, no es podia aprovar.<\/li><li>Algunes perqu\u00e8 es tracta de petit material per a reparacions i s\u2019havia de comprar amb celeritat i, per aix\u00f2, no hi havia temps per fer tot el procediment de la despesa.<\/li><li>En altres casos perqu\u00e8 s\u2019est\u00e0 pendent d\u2019aprovar licitacions de serveis, com \u00e9s el cas de la telefonia i la wifi, que hi havia diverses factures.<\/li><\/ul>\n\n\n\n<hr class=\"wp-block-separator has-alpha-channel-opacity\"\/>\n\n\n\n<p><strong>CASTELLANO |<\/strong>&nbsp;El pasado 17 de enero de 2024 se celebr\u00f3 un Pleno extraordinario en el Ajuntament de la Bisbal del Pened\u00e8s.<\/p>\n\n\n\n<p>El pasado 17 de enero de 2024 se celebr\u00f3 un Pleno extraordinario en el Ajuntament de la Bisbal del Pened\u00e8s. Al inicio del Pleno, se excus\u00f3 la asistencia del concejal Ra\u00fal Cort\u00e9s, del grupo municipal <em>Tots som la Bisbal &#8211; Urbanizaciones Unidas<\/em>.<\/p>\n\n\n\n<p>El v\u00eddeo de la sesi\u00f3n se puede ver en este enlace:<br><a href=\"https:\/\/actes.bisbalpenedes.com\/session\/sessionDetail\/8a8180889481868a01948e41a8b50009\">https:\/\/actes.bisbalpenedes.com\/session\/sessionDetail\/8a8180889481868a01948e41a8b50009<\/a><\/p>\n\n\n\n<p>El Pleno ten\u00eda un \u00fanico punto en el orden del d\u00eda:<\/p>\n\n\n\n<p><strong>1.- Reconocimiento de obligaciones pendientes del ejercicio 2024.<br><\/strong>Se aprob\u00f3<strong> <\/strong>con los votos a favor de <em>Comprom\u00eds amb la Bisbal<\/em> (5), <em>PSC<\/em> (1), <em>ERC<\/em> (1) y <em>La Bisbal Decideix<\/em> (2), y la abstenci\u00f3n de <em>Tots som la Bisbal &#8211; Urbanizaciones Unidas<\/em> (1).<\/p>\n\n\n\n<p>Se aprobaron facturas del a\u00f1o 2024 por un total de <strong>143.093,19\u20ac<\/strong><strong>, <\/strong>y tambi\u00e9n se aprob\u00f3 el pago de estas. Concretamente:<\/p>\n\n\n\n<ul><li>5 facturas de octubre, por un total de <strong>18.529,10\u20ac<\/strong><\/li><li>61 facturas de noviembre, por un total de <strong>33.955,98\u20ac<\/strong><\/li><li>46 facturas del 1 al 15 de diciembre, por un total de <strong>24.766,90\u20ac<\/strong><\/li><li>53 facturas del 16 al 31 de diciembre, por un total de <strong>65.841,21\u20ac<\/strong><\/li><\/ul>\n\n\n\n<p>Durante el Pleno, la alcaldesa de la Bisbal del Pened\u00e8s, Agn\u00e8s Ferr\u00e9, argument\u00f3 que <em>&#8220;hay que tener en cuenta que buena parte de los importes totales de cada gasto <\/em><em>son<\/em><em> poco <\/em><em>significativos<\/em><em> respecto al presupuesto municipal y que, de haber podido hacer modificaciones de cr\u00e9dito entre las diferentes partidas y siguiendo los procedimientos de contrataci\u00f3n, se habr\u00edan podido pagar, ya que el Ayuntamiento tiene buena salud financiera y de tesorer\u00eda. Lo importante es que son compras y servicios realizados efectivamente&#8221;<\/em>, y a\u00f1adi\u00f3 que <em>&#8220;durante los primeros meses del a\u00f1o siempre se aprueba en Pleno el pago de facturas de a\u00f1os anteriores que, por diversos motivos, no se han podido pagar en el mismo a\u00f1o&#8221;<\/em>.<\/p>\n\n\n\n<p>As\u00ed, seg\u00fan la explicaci\u00f3n de la alcaldesa bisbalenca, se trataba de facturas por compras o servicios realizados que no se pagaron dentro del mismo a\u00f1o por distintos motivos:<\/p>\n\n\n\n<ul><li>Algunas porque no hab\u00eda partida presupuestaria y, a final de a\u00f1o, no se pudo hacer ninguna modificaci\u00f3n de cr\u00e9dito.<\/li><li>Algunas porque se hab\u00eda iniciado la tramitaci\u00f3n del gasto, pero al faltar alg\u00fan documento o justificante de estar al corriente de pago, ya se hab\u00eda realizado el servicio y, por tanto, no se pod\u00eda aprobar.<\/li><li>Algunas porque se trataba de peque\u00f1o material para reparaciones y se tuvo que comprar con cierta celeridad, por lo que no hubo tiempo de completar todo el procedimiento del gasto.<\/li><li>En otros casos, porque est\u00e1n pendientes de aprobarse licitaciones de servicios, como es el caso de la telefon\u00eda y el wifi, en el que hab\u00eda varias facturas.<\/li><\/ul>\n","protected":false},"excerpt":{"rendered":"<p>El passat 17 de gener de 2024 es va celebrar un Ple extraordinari a l\u2019Ajuntament de la Bisbal del Pened\u00e8s. A l\u2019inici del Ple, es va excusar l\u2019assist\u00e8ncia del regidor &hellip; <a href=\"https:\/\/bisbalpenedes.com\/web\/2025\/02\/05\/el-passat-17-de-gener-de-2024-es-va-celebrar-un-ple-extraordinari-a-lajuntament-de-la-bisbal-del-penedes\/\" class=\"more-link\">Read More<\/a><\/p>\n","protected":false},"author":4,"featured_media":32821,"comment_status":"closed","ping_status":"closed","sticky":false,"template":"","format":"standard","meta":[],"categories":[8,2250],"tags":[459,393,1374,423],"_links":{"self":[{"href":"https:\/\/bisbalpenedes.com\/web\/wp-json\/wp\/v2\/posts\/32820"}],"collection":[{"href":"https:\/\/bisbalpenedes.com\/web\/wp-json\/wp\/v2\/posts"}],"about":[{"href":"https:\/\/bisbalpenedes.com\/web\/wp-json\/wp\/v2\/types\/post"}],"author":[{"embeddable":true,"href":"https:\/\/bisbalpenedes.com\/web\/wp-json\/wp\/v2\/users\/4"}],"replies":[{"embeddable":true,"href":"https:\/\/bisbalpenedes.com\/web\/wp-json\/wp\/v2\/comments?post=32820"}],"version-history":[{"count":3,"href":"https:\/\/bisbalpenedes.com\/web\/wp-json\/wp\/v2\/posts\/32820\/revisions"}],"predecessor-version":[{"id":32824,"href":"https:\/\/bisbalpenedes.com\/web\/wp-json\/wp\/v2\/posts\/32820\/revisions\/32824"}],"wp:featuredmedia":[{"embeddable":true,"href":"https:\/\/bisbalpenedes.com\/web\/wp-json\/wp\/v2\/media\/32821"}],"wp:attachment":[{"href":"https:\/\/bisbalpenedes.com\/web\/wp-json\/wp\/v2\/media?parent=32820"}],"wp:term":[{"taxonomy":"category","embeddable":true,"href":"https:\/\/bisbalpenedes.com\/web\/wp-json\/wp\/v2\/categories?post=32820"},{"taxonomy":"post_tag","embeddable":true,"href":"https:\/\/bisbalpenedes.com\/web\/wp-json\/wp\/v2\/tags?post=32820"}],"curies":[{"name":"wp","href":"https:\/\/api.w.org\/{rel}","templated":true}]}}