{"id":32802,"date":"2025-02-04T13:06:21","date_gmt":"2025-02-04T11:06:21","guid":{"rendered":"https:\/\/bisbalpenedes.com\/web\/?p=32802"},"modified":"2025-02-04T13:06:21","modified_gmt":"2025-02-04T11:06:21","slug":"del-5-al-26-de-febrer-podeu-visitar-lexposicio-joan-salvat-papasseit-lirradiador-de-lavantguarda-al-cmc","status":"publish","type":"post","link":"https:\/\/bisbalpenedes.com\/web\/2025\/02\/04\/del-5-al-26-de-febrer-podeu-visitar-lexposicio-joan-salvat-papasseit-lirradiador-de-lavantguarda-al-cmc\/","title":{"rendered":"Del 5 al 26 de febrer podeu visitar l&#8217;exposici\u00f3 &#8220;Joan Salvat-Papasseit: l&#8217;irradiador de l&#8217;avantguarda&#8221; al CMC"},"content":{"rendered":"\n<p>Del 5 al 26 de febrer, el Centre Municipal de Cultura, situat a la pla\u00e7a Major 11-15, acollir\u00e0 l\u2019exposici\u00f3 itinerant <strong>&#8220;Joan Salvat-Papasseit: l\u2019irradiador de l\u2019avantguarda&#8221;<\/strong>.<\/p>\n\n\n\n<p>L\u2019horari de visita ser\u00e0:<\/p>\n\n\n\n<ul><li>De dilluns a divendres, de 16.30 h a 20.30 h<\/li><li>Dimecres, tamb\u00e9 de 10.30 h a 13.30 h<\/li><\/ul>\n\n\n\n<p>Aquesta mostra est\u00e0 dedicada a <strong>Joan Salvat-Papasseit<\/strong>, un dels escriptors m\u00e9s destacats de la literatura catalana del segle XX. Considerat un referent po\u00e8tic i una figura clau de l\u2019avantguarda a Catalunya, l\u2019exposici\u00f3 ofereix un recorregut per la seva traject\u00f2ria liter\u00e0ria, humana i art\u00edstica a trav\u00e9s de les seves pr\u00f2pies paraules.<\/p>\n\n\n\n<p>Una oportunitat \u00fanica per con\u00e8ixer de prop l\u2019obra i el llegat d\u2019un poeta imprescindible.<\/p>\n\n\n\n<hr class=\"wp-block-separator has-alpha-channel-opacity\"\/>\n\n\n\n<p><strong>CASTELLANO |<\/strong>\u00a0Del 5 al 26 de febrero, el Centre Municipal de Cultura, situado en la plaza Major 11-15, acoger\u00e1 la exposici\u00f3n itinerante <strong>&#8220;Joan Salvat-Papasseit: el irradiador de la vanguardia&#8221;<\/strong>.<\/p>\n\n\n\n<p>El horario de visita ser\u00e1:<\/p>\n\n\n\n<ul><li>De lunes a viernes, de 16:30 h a 20:30 h<\/li><li>Mi\u00e9rcoles, tambi\u00e9n de 10:30 h a 13:30 h<\/li><\/ul>\n\n\n\n<p>Esta muestra est\u00e1 dedicada a <strong>Joan Salvat-Papasseit<\/strong>, uno de los escritores m\u00e1s destacados de la literatura catalana del siglo XX. Considerado un referente po\u00e9tico y una figura clave de la vanguardia en Catalunya, la exposici\u00f3n ofrece un recorrido por su trayectoria literaria, humana y art\u00edstica a trav\u00e9s de sus propias palabras.<\/p>\n\n\n\n<p>Una oportunidad \u00fanica para conocer de cerca la obra y el legado de un poeta imprescindible.<\/p>\n","protected":false},"excerpt":{"rendered":"<p>Del 5 al 26 de febrer, el Centre Municipal de Cultura, situat a la pla\u00e7a Major 11-15, acollir\u00e0 l\u2019exposici\u00f3 itinerant &#8220;Joan Salvat-Papasseit: l\u2019irradiador de l\u2019avantguarda&#8221;. L\u2019horari de visita ser\u00e0: De &hellip; <a href=\"https:\/\/bisbalpenedes.com\/web\/2025\/02\/04\/del-5-al-26-de-febrer-podeu-visitar-lexposicio-joan-salvat-papasseit-lirradiador-de-lavantguarda-al-cmc\/\" class=\"more-link\">Read More<\/a><\/p>\n","protected":false},"author":4,"featured_media":32804,"comment_status":"closed","ping_status":"closed","sticky":false,"template":"","format":"standard","meta":[],"categories":[13,8],"tags":[2930,86,6976,393,1374],"_links":{"self":[{"href":"https:\/\/bisbalpenedes.com\/web\/wp-json\/wp\/v2\/posts\/32802"}],"collection":[{"href":"https:\/\/bisbalpenedes.com\/web\/wp-json\/wp\/v2\/posts"}],"about":[{"href":"https:\/\/bisbalpenedes.com\/web\/wp-json\/wp\/v2\/types\/post"}],"author":[{"embeddable":true,"href":"https:\/\/bisbalpenedes.com\/web\/wp-json\/wp\/v2\/users\/4"}],"replies":[{"embeddable":true,"href":"https:\/\/bisbalpenedes.com\/web\/wp-json\/wp\/v2\/comments?post=32802"}],"version-history":[{"count":1,"href":"https:\/\/bisbalpenedes.com\/web\/wp-json\/wp\/v2\/posts\/32802\/revisions"}],"predecessor-version":[{"id":32805,"href":"https:\/\/bisbalpenedes.com\/web\/wp-json\/wp\/v2\/posts\/32802\/revisions\/32805"}],"wp:featuredmedia":[{"embeddable":true,"href":"https:\/\/bisbalpenedes.com\/web\/wp-json\/wp\/v2\/media\/32804"}],"wp:attachment":[{"href":"https:\/\/bisbalpenedes.com\/web\/wp-json\/wp\/v2\/media?parent=32802"}],"wp:term":[{"taxonomy":"category","embeddable":true,"href":"https:\/\/bisbalpenedes.com\/web\/wp-json\/wp\/v2\/categories?post=32802"},{"taxonomy":"post_tag","embeddable":true,"href":"https:\/\/bisbalpenedes.com\/web\/wp-json\/wp\/v2\/tags?post=32802"}],"curies":[{"name":"wp","href":"https:\/\/api.w.org\/{rel}","templated":true}]}}