{"id":32797,"date":"2025-02-04T13:00:38","date_gmt":"2025-02-04T11:00:38","guid":{"rendered":"https:\/\/bisbalpenedes.com\/web\/?p=32797"},"modified":"2025-02-04T13:01:03","modified_gmt":"2025-02-04T11:01:03","slug":"el-dissabte-8-de-febrer-podreu-donar-sang-a-la-bisbal-del-penedes","status":"publish","type":"post","link":"https:\/\/bisbalpenedes.com\/web\/2025\/02\/04\/el-dissabte-8-de-febrer-podreu-donar-sang-a-la-bisbal-del-penedes\/","title":{"rendered":"El dissabte 8 de febrer podreu donar sang a la Bisbal del Pened\u00e8s"},"content":{"rendered":"\n<p>El dissabte 8 de febrer, de 10 a 14 h, es dur\u00e0 a terme una donaci\u00f3 de sang al Rac\u00f3 de la Gent Gran, situat a l\u2019avinguda Baix Pened\u00e8s cantonada amb la pla\u00e7a de l\u2019Era de Batre.<\/p>\n\n\n\n<p>Cada donaci\u00f3 \u00e9s essencial per salvar vides. Si vols col\u00b7laborar, reserva la teva cita a <a href=\"https:\/\/donarsang.gencat.cat\/\">donarsang.gencat.cat<\/a>.<\/p>\n\n\n\n<p>Dona sang, dona vida.<\/p>\n\n\n\n<hr class=\"wp-block-separator has-alpha-channel-opacity\"\/>\n\n\n\n<p>El s\u00e1bado 8 de febrero, de 10 a 14 h, se llevar\u00e1 a cabo una donaci\u00f3n de sangre en el Rac\u00f3 de la Gent Gran, situado en la avenida Baix Pened\u00e8s esquina con la plaza de l\u2019Era de Batre.<\/p>\n\n\n\n<p>Cada donaci\u00f3n es esencial para salvar vidas. Si quieres colaborar, reserva tu cita en <a href=\"https:\/\/donarsang.gencat.cat\/\">donarsang.gencat.cat<\/a>.<\/p>\n\n\n\n<p>Dona sangre, da vida.<\/p>\n","protected":false},"excerpt":{"rendered":"<p>El dissabte 8 de febrer, de 10 a 14 h, es dur\u00e0 a terme una donaci\u00f3 de sang al Rac\u00f3 de la Gent Gran, situat a l\u2019avinguda Baix Pened\u00e8s cantonada &hellip; <a href=\"https:\/\/bisbalpenedes.com\/web\/2025\/02\/04\/el-dissabte-8-de-febrer-podreu-donar-sang-a-la-bisbal-del-penedes\/\" class=\"more-link\">Read More<\/a><\/p>\n","protected":false},"author":4,"featured_media":32798,"comment_status":"closed","ping_status":"closed","sticky":false,"template":"","format":"standard","meta":[],"categories":[8,14],"tags":[3160,2106,393,1374],"_links":{"self":[{"href":"https:\/\/bisbalpenedes.com\/web\/wp-json\/wp\/v2\/posts\/32797"}],"collection":[{"href":"https:\/\/bisbalpenedes.com\/web\/wp-json\/wp\/v2\/posts"}],"about":[{"href":"https:\/\/bisbalpenedes.com\/web\/wp-json\/wp\/v2\/types\/post"}],"author":[{"embeddable":true,"href":"https:\/\/bisbalpenedes.com\/web\/wp-json\/wp\/v2\/users\/4"}],"replies":[{"embeddable":true,"href":"https:\/\/bisbalpenedes.com\/web\/wp-json\/wp\/v2\/comments?post=32797"}],"version-history":[{"count":1,"href":"https:\/\/bisbalpenedes.com\/web\/wp-json\/wp\/v2\/posts\/32797\/revisions"}],"predecessor-version":[{"id":32799,"href":"https:\/\/bisbalpenedes.com\/web\/wp-json\/wp\/v2\/posts\/32797\/revisions\/32799"}],"wp:featuredmedia":[{"embeddable":true,"href":"https:\/\/bisbalpenedes.com\/web\/wp-json\/wp\/v2\/media\/32798"}],"wp:attachment":[{"href":"https:\/\/bisbalpenedes.com\/web\/wp-json\/wp\/v2\/media?parent=32797"}],"wp:term":[{"taxonomy":"category","embeddable":true,"href":"https:\/\/bisbalpenedes.com\/web\/wp-json\/wp\/v2\/categories?post=32797"},{"taxonomy":"post_tag","embeddable":true,"href":"https:\/\/bisbalpenedes.com\/web\/wp-json\/wp\/v2\/tags?post=32797"}],"curies":[{"name":"wp","href":"https:\/\/api.w.org\/{rel}","templated":true}]}}