{"id":32791,"date":"2025-02-04T11:37:18","date_gmt":"2025-02-04T09:37:18","guid":{"rendered":"https:\/\/bisbalpenedes.com\/web\/?p=32791"},"modified":"2025-02-04T11:38:40","modified_gmt":"2025-02-04T09:38:40","slug":"dema-finalitza-el-termini-per-inscriures-a-les-proves-per-obtenir-els-certificats-oficials-de-catala","status":"publish","type":"post","link":"https:\/\/bisbalpenedes.com\/web\/2025\/02\/04\/dema-finalitza-el-termini-per-inscriures-a-les-proves-per-obtenir-els-certificats-oficials-de-catala\/","title":{"rendered":"Dem\u00e0 finalitza el termini per inscriure&#8217;s a les proves per obtenir els certificats oficials de catal\u00e0"},"content":{"rendered":"\n<p>Us informem que el termini d&#8217;inscripci\u00f3 per fer les proves per obtenir els certificats oficials de catal\u00e0 finalitza aquest <strong>dimecres 5 de febrer.<\/strong><\/p>\n\n\n\n<p>Les proves es faran en diverses localitats entre els mesos d&#8217;abril i juny.<\/p>\n\n\n\n<p>Les proves convocades s\u00f3n per obtenir els nivells b\u00e0sic (A2), elemental (B1), intermedi (B2), de sufici\u00e8ncia (C1) i superior (C2).<\/p>\n\n\n\n<p>Trobareu tota la informaci\u00f3 -i us podreu inscriure- al web: <a href=\"https:\/\/gen.cat\/certificatscatala25\">https:\/\/gen.cat\/certificatscatala25<\/a><\/p>\n\n\n\n<hr class=\"wp-block-separator has-alpha-channel-opacity\"\/>\n\n\n\n<p>Os informamos de que el plazo de inscripci\u00f3n para realizar las pruebas para obtener los certificados oficiales de catal\u00e1n finaliza este <strong>mi\u00e9rcoles 5 de febrero.<\/strong><\/p>\n\n\n\n<p>Las pruebas se llevar\u00e1n a cabo en varias localidades entre los meses de abril y junio.<\/p>\n\n\n\n<p>Las pruebas convocadas son para obtener los niveles b\u00e1sico (A2), elemental (B1), intermedio (B2), de suficiencia (C1) y superior (C2).<\/p>\n\n\n\n<p>Podr\u00e9is encontrar toda la informaci\u00f3n -y os podr\u00e9is inscribir- en la web: <a href=\"https:\/\/gen.cat\/certificatscatala25\">https:\/\/gen.cat\/certificatscatala25<\/a><\/p>\n","protected":false},"excerpt":{"rendered":"<p>Us informem que el termini d&#8217;inscripci\u00f3 per fer les proves per obtenir els certificats oficials de catal\u00e0 finalitza aquest dimecres 5 de febrer. Les proves es faran en diverses localitats &hellip; <a href=\"https:\/\/bisbalpenedes.com\/web\/2025\/02\/04\/dema-finalitza-el-termini-per-inscriures-a-les-proves-per-obtenir-els-certificats-oficials-de-catala\/\" class=\"more-link\">Read More<\/a><\/p>\n","protected":false},"author":4,"featured_media":32794,"comment_status":"closed","ping_status":"closed","sticky":false,"template":"","format":"standard","meta":[],"categories":[8],"tags":[6975,273,393,3260,2637],"_links":{"self":[{"href":"https:\/\/bisbalpenedes.com\/web\/wp-json\/wp\/v2\/posts\/32791"}],"collection":[{"href":"https:\/\/bisbalpenedes.com\/web\/wp-json\/wp\/v2\/posts"}],"about":[{"href":"https:\/\/bisbalpenedes.com\/web\/wp-json\/wp\/v2\/types\/post"}],"author":[{"embeddable":true,"href":"https:\/\/bisbalpenedes.com\/web\/wp-json\/wp\/v2\/users\/4"}],"replies":[{"embeddable":true,"href":"https:\/\/bisbalpenedes.com\/web\/wp-json\/wp\/v2\/comments?post=32791"}],"version-history":[{"count":1,"href":"https:\/\/bisbalpenedes.com\/web\/wp-json\/wp\/v2\/posts\/32791\/revisions"}],"predecessor-version":[{"id":32793,"href":"https:\/\/bisbalpenedes.com\/web\/wp-json\/wp\/v2\/posts\/32791\/revisions\/32793"}],"wp:featuredmedia":[{"embeddable":true,"href":"https:\/\/bisbalpenedes.com\/web\/wp-json\/wp\/v2\/media\/32794"}],"wp:attachment":[{"href":"https:\/\/bisbalpenedes.com\/web\/wp-json\/wp\/v2\/media?parent=32791"}],"wp:term":[{"taxonomy":"category","embeddable":true,"href":"https:\/\/bisbalpenedes.com\/web\/wp-json\/wp\/v2\/categories?post=32791"},{"taxonomy":"post_tag","embeddable":true,"href":"https:\/\/bisbalpenedes.com\/web\/wp-json\/wp\/v2\/tags?post=32791"}],"curies":[{"name":"wp","href":"https:\/\/api.w.org\/{rel}","templated":true}]}}