{"id":32782,"date":"2025-01-30T11:24:05","date_gmt":"2025-01-30T09:24:05","guid":{"rendered":"https:\/\/bisbalpenedes.com\/web\/?p=32782"},"modified":"2025-01-30T11:34:34","modified_gmt":"2025-01-30T09:34:34","slug":"el-consell-comarcal-del-baix-penedes-impulsa-el-programa-consolidat-per-donar-suport-als-autonoms-de-la-comarca","status":"publish","type":"post","link":"https:\/\/bisbalpenedes.com\/web\/2025\/01\/30\/el-consell-comarcal-del-baix-penedes-impulsa-el-programa-consolidat-per-donar-suport-als-autonoms-de-la-comarca\/","title":{"rendered":"Ets aut\u00f2nom? Informa&#8217;t sobre &#8216;Consolida\u2019t&#8217;, el programa del Consell Comarcal del Baix Pened\u00e8s per donar suport als aut\u00f2noms de la comarca"},"content":{"rendered":"\n<p>El Consell Comarcal del Baix Pened\u00e8s ha engegat el programa Consolida\u2019t, una iniciativa destinada als m\u00e9s de 7.000 aut\u00f2noms del Baix Pened\u00e8s per ajudar-los a consolidar la seva activitat, proporcionar eines per enfortir el seu negoci i posar en valor el treball aut\u00f2nom. Aquest programa, subvencionat pel Departament d&#8217;Empresa i Treball, \u00e9s totalment gratu\u00eft per als participants.<\/p>\n\n\n\n<p>Per poder accedir al programa, cal estar donat d&#8217;alta com a aut\u00f2nom. Les persones interessades poden contactar amb l&#8217;\u00c0rea d&#8217;Ocupaci\u00f3 del Consell Comarcal del Baix Pened\u00e8s a trav\u00e9s del correu electr\u00f2nic <a href=\"mailto:ocupacio@bisbalpenedes.com\">ocupacio@bisbalpenedes.com<\/a> o del tel\u00e8fon 621 277 075.<\/p>\n\n\n\n<p>Segons el conseller comarcal d\u2019Ocupaci\u00f3, Jos\u00e9 M. Rold\u00e1n, \u00e9s la primera vegada que aquest programa es duu a terme al Baix Pened\u00e8s i tindr\u00e0 una durada de 12 mesos. L&#8217;objectiu \u00e9s oferir assessorament personalitzat i formaci\u00f3 especialitzada mitjan\u00e7ant 10 m\u00f2duls formatius de 4 hores cadascun, adaptats a les necessitats dels participants. Cada aut\u00f2nom podr\u00e0 triar en quines \u00e0rees vol rebre suport. Es preveu atendre entre 30 i 40 aut\u00f2noms de la comarca.<\/p>\n\n\n\n<p>Els 10 m\u00f2duls formatius inclouen temes clau per al creixement empresarial:<\/p>\n\n\n\n<ul><li>Economia verda<\/li><li>Eines de transformaci\u00f3 digital<\/li><li>Pla de m\u00e0rqueting<\/li><li>Protocol per a la prevenci\u00f3 i abordatge de l\u2019assetjament sexual per ra\u00f3 de sexe<\/li><li>Pla d\u2019igualtat<\/li><li>Posicionament web<\/li><li>Xarxes socials<\/li><li>Gesti\u00f3 econ\u00f2mica i financera<\/li><li>Ajuts i subvencions<\/li><li>T\u00e8cniques de venda<\/li><\/ul>\n\n\n\n<p>El programa Consolida\u2019t est\u00e0 finan\u00e7at pel Departament d\u2019Empresa i Treball i el Ministerio de Trabajo y Econom\u00eda Social, amb fons de la confer\u00e8ncia sectorial, per un import de 28.506,43 euros.<\/p>\n\n\n\n<p>Els aut\u00f2noms de la Bisbal del Pened\u00e8s i de tota la comarca del Baix Pened\u00e8s poden beneficiar-se d&#8217;aquesta oportunitat per impulsar els seus negocis i garantir-ne la viabilitat en un mercat cada vegada m\u00e9s competitiu.<\/p>\n\n\n\n<hr class=\"wp-block-separator has-alpha-channel-opacity\"\/>\n\n\n\n<h2>\u00bfEres aut\u00f3nomo? Inf\u00f3rmate sobre &#8216;Consolida&#8217;t&#8217;, el programa del Consell Comarcal del Baix Pened\u00e8s para apoyar a los aut\u00f3nomos de la comarca <\/h2>\n\n\n\n<p>El Consell Comarcal del Baix Pened\u00e8s ha puesto en marcha el programa Consolida&#8217;t, una iniciativa destinada a los m\u00e1s de 7.000 aut\u00f3nomos del Baix Pened\u00e8s para ayudarles a consolidar su actividad, proporcionar herramientas para fortalecer su negocio y poner en valor el trabajo aut\u00f3nomo. Este programa, subvencionado por el Departament d&#8217;Empresa i Treball, es totalmente gratuito para los participantes.<\/p>\n\n\n\n<p>Para poder acceder al programa, es necesario estar dado de alta como aut\u00f3nomo. Las personas interesadas pueden contactar con el SOM Bisbal, a trav\u00e9s del correo electr\u00f3nico <a href=\"mailto:ocupacio@bisbalpenedes.com\">ocupacio@bisbalpenedes.com<\/a> o del tel\u00e9fono 621 277 075.<\/p>\n\n\n\n<p>Seg\u00fan el conseller comarcal d&#8217;Ocupaci\u00f3, Jos\u00e9 M. Rold\u00e1n, es la primera vez que este programa se lleva a cabo en el Baix Pened\u00e8s y tendr\u00e1 una duraci\u00f3n de 12 meses. El objetivo es ofrecer asesoramiento personalizado y formaci\u00f3n especializada mediante 10 m\u00f3dulos formativos de 4 horas cada uno, adaptados a las necesidades de los participantes. Cada aut\u00f3nomo podr\u00e1 elegir en qu\u00e9 \u00e1reas desea recibir apoyo. Se prev\u00e9 atender entre 30 y 40 aut\u00f3nomos de la comarca.<\/p>\n\n\n\n<p>Los 10 m\u00f3dulos formativos incluyen temas clave para el crecimiento empresarial:<\/p>\n\n\n\n<ul><li>Econom\u00eda verde<\/li><li>Herramientas de transformaci\u00f3n digital<\/li><li>Plan de marketing<\/li><li>Protocolo para la prevenci\u00f3n y abordaje del acoso sexual por raz\u00f3n de sexo<\/li><li>Plan de igualdad<\/li><li>Posicionamiento web<\/li><li>Redes sociales<\/li><li>Gesti\u00f3n econ\u00f3mica y financiera<\/li><li>Ayudas y subvenciones<\/li><li>T\u00e9cnicas de venta<\/li><\/ul>\n\n\n\n<p>El programa Consolida&#8217;t est\u00e1 financiado por el Departament d&#8217;Empresa i Treball y el Ministerio de Trabajo y Econom\u00eda Social, con fondos de la conferencia sectorial, por un importe de 28.506,43 euros.<\/p>\n\n\n\n<p>Los aut\u00f3nomos de la Bisbal del Pened\u00e8s y de toda la comarca del Baix Pened\u00e8s pueden beneficiarse de esta oportunidad para impulsar sus negocios y garantizar su viabilidad en un mercado cada vez m\u00e1s competitivo.<\/p>\n","protected":false},"excerpt":{"rendered":"<p>El Consell Comarcal del Baix Pened\u00e8s ha engegat el programa Consolida\u2019t, una iniciativa destinada als m\u00e9s de 7.000 aut\u00f2noms del Baix Pened\u00e8s per ajudar-los a consolidar la seva activitat, proporcionar &hellip; <a href=\"https:\/\/bisbalpenedes.com\/web\/2025\/01\/30\/el-consell-comarcal-del-baix-penedes-impulsa-el-programa-consolidat-per-donar-suport-als-autonoms-de-la-comarca\/\" class=\"more-link\">Read More<\/a><\/p>\n","protected":false},"author":4,"featured_media":32783,"comment_status":"closed","ping_status":"closed","sticky":false,"template":"","format":"standard","meta":[],"categories":[3822,8],"tags":[6974,459,1056,6973,393,1374],"_links":{"self":[{"href":"https:\/\/bisbalpenedes.com\/web\/wp-json\/wp\/v2\/posts\/32782"}],"collection":[{"href":"https:\/\/bisbalpenedes.com\/web\/wp-json\/wp\/v2\/posts"}],"about":[{"href":"https:\/\/bisbalpenedes.com\/web\/wp-json\/wp\/v2\/types\/post"}],"author":[{"embeddable":true,"href":"https:\/\/bisbalpenedes.com\/web\/wp-json\/wp\/v2\/users\/4"}],"replies":[{"embeddable":true,"href":"https:\/\/bisbalpenedes.com\/web\/wp-json\/wp\/v2\/comments?post=32782"}],"version-history":[{"count":3,"href":"https:\/\/bisbalpenedes.com\/web\/wp-json\/wp\/v2\/posts\/32782\/revisions"}],"predecessor-version":[{"id":32786,"href":"https:\/\/bisbalpenedes.com\/web\/wp-json\/wp\/v2\/posts\/32782\/revisions\/32786"}],"wp:featuredmedia":[{"embeddable":true,"href":"https:\/\/bisbalpenedes.com\/web\/wp-json\/wp\/v2\/media\/32783"}],"wp:attachment":[{"href":"https:\/\/bisbalpenedes.com\/web\/wp-json\/wp\/v2\/media?parent=32782"}],"wp:term":[{"taxonomy":"category","embeddable":true,"href":"https:\/\/bisbalpenedes.com\/web\/wp-json\/wp\/v2\/categories?post=32782"},{"taxonomy":"post_tag","embeddable":true,"href":"https:\/\/bisbalpenedes.com\/web\/wp-json\/wp\/v2\/tags?post=32782"}],"curies":[{"name":"wp","href":"https:\/\/api.w.org\/{rel}","templated":true}]}}