{"id":32764,"date":"2025-01-30T11:55:17","date_gmt":"2025-01-30T09:55:17","guid":{"rendered":"https:\/\/bisbalpenedes.com\/web\/?p=32764"},"modified":"2025-01-30T11:59:43","modified_gmt":"2025-01-30T09:59:43","slug":"comunicat-de-la-regidoria-de-sanitat-sobre-leruga-processionaria-del-pi","status":"publish","type":"post","link":"https:\/\/bisbalpenedes.com\/web\/2025\/01\/30\/comunicat-de-la-regidoria-de-sanitat-sobre-leruga-processionaria-del-pi\/","title":{"rendered":"Comunicat de la Regidoria de Sanitat sobre l&#8217;eruga procession\u00e0ria del pi"},"content":{"rendered":"\n<p>A causa del canvi clim\u00e0tic, l&#8217;evoluci\u00f3 de la plaga de l&#8217;eruga procession\u00e0ria (<em>Thaumetopoea pityocampa Schiff<\/em>) no est\u00e0 seguint els patrons dels \u00faltims anys i, tot i que l&#8217;hivern passat hav\u00edem redu\u00eft el nombre d&#8217;erugues al nostre municipi, enguany, la procession\u00e0ria del pi ha tornat a guanyar pres\u00e8ncia.<\/p>\n\n\n\n<p>Des de la Regidoria de Sanitat entenem la vostra preocupaci\u00f3 i us informem que estem en converses amb l&#8217;empresa que s&#8217;encarrega de fer els tractaments contra les erugues per mirar de trobar alguna acci\u00f3 o tractament que pugui ser efectiu en aquest moment del cicle biol\u00f2gic de la procession\u00e0ria, ja que quan comen\u00e7a a formar les caracter\u00edstiques fileres \u00e9s dif\u00edcil controlar els seus moviments.<\/p>\n\n\n\n<p>L&#8217;Ajuntament de la Bisbal del Pened\u00e8s ha fet els tractaments preventius que estableix la Generalitat de Catalunya per al control de la procession\u00e0ria del pi. Tanmateix, enguany la pres\u00e8ncia d&#8217;aquest insecte s&#8217;ha vist incrementada arreu del territori, no nom\u00e9s a la Bisbal del Pened\u00e8s. Cal tenir en compte que l&#8217;eruga fa un cicle i no es poden aplicar tractaments tot l&#8217;any, sin\u00f3 que s&#8217;han de calcular els moments concrets en qu\u00e8 s&#8217;apliquen els productes o s&#8217;instal\u00b7len les trampes. Aix\u00f2 no obstant, els canvis en la climatologia i la sequera que hem estat patint en els darrers temps han alterat la previsi\u00f3 sobre les diferents fases del cicle de l&#8217;eruga. De fet, enguany s&#8217;han vist exemplars m\u00e9s d&#8217;hora que en els anys anteriors i el nombre de larves sembla que tamb\u00e9 ha augmentat.<\/p>\n\n\n\n<p>Durant l&#8217;any, l&#8217;Ajuntament de la Bisbal del Pened\u00e8s fa tractaments en l&#8217;arbrat p\u00fablic i en determinades zones amb m\u00e9s aflu\u00e8ncia de persones, a m\u00e9s d&#8217;instal\u00b7lar les trampes amb feromones en les zones boscoses pr\u00f2ximes als habitatges. No obstant aix\u00f2, \u00e9s important que els particulars tamb\u00e9 facin els tractaments corresponents als seus terrenys i jardins privats, per evitar que el problema persisteixi o encara sigui m\u00e9s greu.<\/p>\n\n\n\n<p>En aquest sentit, el passat mes de maig, vam fer una reuni\u00f3 informativa juntament amb l&#8217;empresa Ambient Servei Control de Plagues S.L. i durant aquesta trobada, es van donar alguns consells per a la ciutadania que aprofitem per recordar-vos:<\/p>\n\n\n\n<ul><li>Podeu col\u00b7locar anells amb bossa als troncs dels arbres per recollir les erugues en baixar (\u00e9s a dir, trampes casolanes o comprades en botigues especialitzades).<\/li><li>Podeu escombrar les fileres de procession\u00e0ria (IMPORTANT: feu-ho quan no faci vent) amb recollidor i bossa incorporada, per evitar la dispersi\u00f3 de p\u00e8ls urticants. Tant en aquest cas com en l&#8217;anterior \u00e9s important que utilitzeu guants i que eviteu el contacte d&#8217;aquests amb els ulls.<\/li><li>Us recomanem que prengueu les precaucions oportunes per evitar el contacte amb les erugues, ja que els seus p\u00e8ls s\u00f3n urticants i poden provocar al\u00b7l\u00e8rgies. Tingueu especial cura amb els infants i els gossos i prioritzeu passejar per zones amb menys pres\u00e8ncia de pins.<\/li><\/ul>\n\n\n\n<p>Tan bon punt trobem la millor soluci\u00f3 per pal\u00b7liar la problem\u00e0tica en el moment actual del cicle, l&#8217;aplicarem amb l&#8217;objectiu de frenar els efectes negatius d&#8217;aquesta plaga amb la m\u00e0xima celeritat.<\/p>\n\n\n\n<p>Gr\u00e0cies per la vostra comprensi\u00f3.<\/p>\n\n\n\n<hr class=\"wp-block-separator has-alpha-channel-opacity\"\/>\n\n\n\n<h3><strong>Comunicado de la Concejal\u00eda de Sanidad Sobre la oruga procesionaria del pino <\/strong><\/h3>\n\n\n\n<p>Debido al cambio clim\u00e1tico, la evoluci\u00f3n de la plaga de la oruga procesionaria (<em>Thaumetopoea pityocampa Schiff<\/em>) no est\u00e1 siguiendo los patrones de los \u00faltimos a\u00f1os y, aunque el invierno pasado hab\u00edamos reducido el n\u00famero de orugas en nuestro municipio, este a\u00f1o la procesionaria del pino ha vuelto a aumentar su presencia.&nbsp;<\/p>\n\n\n\n<p>Desde la Concejal\u00eda de Sanidad entendemos vuestra preocupaci\u00f3n y os informamos de que estamos en conversaciones con la empresa encargada de los tratamientos contra las orugas para encontrar alguna acci\u00f3n o tratamiento que pueda ser efectivo en este momento del ciclo biol\u00f3gico de la procesionaria, ya que cuando empieza a formar las caracter\u00edsticas hileras es dif\u00edcil controlar sus movimientos.&nbsp;<\/p>\n\n\n\n<p>El Ajuntament de la Bisbal del Pened\u00e8s ha realizado los tratamientos preventivos establecidos por la Generalitat de Catalunya para el control de la procesionaria del pino. Sin embargo, este a\u00f1o la presencia de este insecto ha aumentado en todo el territorio, no solo en la Bisbal del Pened\u00e8s. Hay que tener en cuenta que la oruga sigue un ciclo y no se pueden aplicar tratamientos durante todo el a\u00f1o, sino que hay que calcular los momentos concretos en los que se aplican los productos o se instalan las trampas. No obstante, los cambios en la climatolog\u00eda y la sequ\u00eda que hemos sufrido en los \u00faltimos tiempos han alterado la previsi\u00f3n sobre las diferentes fases del ciclo de la oruga. De hecho, este a\u00f1o se han visto ejemplares antes que en a\u00f1os anteriores y el n\u00famero de larvas parece haber aumentado.&nbsp;<\/p>\n\n\n\n<p>A lo largo del a\u00f1o, el Ajuntament de la Bisbal del Pened\u00e8s realiza tratamientos en el arbolado p\u00fablico y en determinadas zonas con mayor afluencia de personas, adem\u00e1s de instalar trampas con feromonas en las \u00e1reas boscosas cercanas a las viviendas. Sin embargo, es importante que los particulares tambi\u00e9n realicen los tratamientos correspondientes en sus terrenos y jardines privados para evitar que el problema persista o incluso se agrave.&nbsp;<\/p>\n\n\n\n<p>En este sentido, el pasado mes de mayo realizamos una reuni\u00f3n informativa junto con la empresa Ambient Servei Control de Plagues S.L. y durante este encuentro se ofrecieron algunos consejos a la ciudadan\u00eda que aprovechamos para recordaros:&nbsp;<\/p>\n\n\n\n<ul><li>Pod\u00e9is colocar anillos con bolsa en los troncos de los \u00e1rboles para recoger las orugas cuando desciendan (trampas caseras o compradas en tiendas especializadas).<br>Pod\u00e9is barrer las hileras de procesionaria (IMPORTANTE: hacerlo cuando no haga viento) con recogedor y bolsa incorporada para evitar la dispersi\u00f3n de los pelos urticantes.<\/li><li>Tanto en este caso como en el anterior, es importante utilizar guantes y evitar el contacto con los ojos.<\/li><li>Se recomienda tomar las precauciones oportunas para evitar el contacto con las orugas, ya que sus pelos son urticantes y pueden provocar alergias. Se debe tener especial cuidado con los ni\u00f1os y los perros, priorizando los paseos por zonas con menor presencia de pinos.&nbsp;<\/li><\/ul>\n\n\n\n<p>Tan pronto como encontremos la mejor soluci\u00f3n para paliar la problem\u00e1tica en la fase actual del ciclo, la aplicaremos con el objetivo de frenar los efectos negativos de esta plaga con la m\u00e1xima celeridad.&nbsp;<\/p>\n\n\n\n<p>Gracias por vuestra comprensi\u00f3n.<\/p>\n","protected":false},"excerpt":{"rendered":"<p>A causa del canvi clim\u00e0tic, l&#8217;evoluci\u00f3 de la plaga de l&#8217;eruga procession\u00e0ria (Thaumetopoea pityocampa Schiff) no est\u00e0 seguint els patrons dels \u00faltims anys i, tot i que l&#8217;hivern passat hav\u00edem &hellip; <a href=\"https:\/\/bisbalpenedes.com\/web\/2025\/01\/30\/comunicat-de-la-regidoria-de-sanitat-sobre-leruga-processionaria-del-pi\/\" class=\"more-link\">Read More<\/a><\/p>\n","protected":false},"author":4,"featured_media":32767,"comment_status":"closed","ping_status":"closed","sticky":false,"template":"","format":"standard","meta":[],"categories":[8,14],"tags":[459,600,6969,393,3992,601,4872,192],"_links":{"self":[{"href":"https:\/\/bisbalpenedes.com\/web\/wp-json\/wp\/v2\/posts\/32764"}],"collection":[{"href":"https:\/\/bisbalpenedes.com\/web\/wp-json\/wp\/v2\/posts"}],"about":[{"href":"https:\/\/bisbalpenedes.com\/web\/wp-json\/wp\/v2\/types\/post"}],"author":[{"embeddable":true,"href":"https:\/\/bisbalpenedes.com\/web\/wp-json\/wp\/v2\/users\/4"}],"replies":[{"embeddable":true,"href":"https:\/\/bisbalpenedes.com\/web\/wp-json\/wp\/v2\/comments?post=32764"}],"version-history":[{"count":3,"href":"https:\/\/bisbalpenedes.com\/web\/wp-json\/wp\/v2\/posts\/32764\/revisions"}],"predecessor-version":[{"id":32788,"href":"https:\/\/bisbalpenedes.com\/web\/wp-json\/wp\/v2\/posts\/32764\/revisions\/32788"}],"wp:featuredmedia":[{"embeddable":true,"href":"https:\/\/bisbalpenedes.com\/web\/wp-json\/wp\/v2\/media\/32767"}],"wp:attachment":[{"href":"https:\/\/bisbalpenedes.com\/web\/wp-json\/wp\/v2\/media?parent=32764"}],"wp:term":[{"taxonomy":"category","embeddable":true,"href":"https:\/\/bisbalpenedes.com\/web\/wp-json\/wp\/v2\/categories?post=32764"},{"taxonomy":"post_tag","embeddable":true,"href":"https:\/\/bisbalpenedes.com\/web\/wp-json\/wp\/v2\/tags?post=32764"}],"curies":[{"name":"wp","href":"https:\/\/api.w.org\/{rel}","templated":true}]}}