{"id":32758,"date":"2025-01-30T10:17:46","date_gmt":"2025-01-30T08:17:46","guid":{"rendered":"https:\/\/bisbalpenedes.com\/web\/?p=32758"},"modified":"2025-01-30T10:17:46","modified_gmt":"2025-01-30T08:17:46","slug":"es-contracten-els-serveis-de-dos-bisbalencs-per-a-la-fotografia-i-la-comunicacio-institucional","status":"publish","type":"post","link":"https:\/\/bisbalpenedes.com\/web\/2025\/01\/30\/es-contracten-els-serveis-de-dos-bisbalencs-per-a-la-fotografia-i-la-comunicacio-institucional\/","title":{"rendered":"Es contracten els serveis de dos bisbalencs per a la fotografia i la comunicaci\u00f3 institucional"},"content":{"rendered":"\n<p>L&#8217;Ajuntament de la Bisbal del Pened\u00e8s est\u00e0 preparant la licitaci\u00f3 dels serveis de fotografia i comunicaci\u00f3 institucional. Mentrestant, ha aprovat un contracte menor per a la comunicaci\u00f3 institucional amb la periodista bisbalenca S\u00f2nia Ferrer i un altre per a l&#8217;\u00e0rea de fotografia amb el fot\u00f2graf bisbalenc Ra\u00fal Gallego. Ambd\u00f3s contractes finalitzaran el mes de juny de 2025.<\/p>\n\n\n\n<p>Tenint en compte l&#8217;experi\u00e8ncia d&#8217;aquests darrers anys quant a les necessitats comunicatives del municipi i els canvis que, com a societat, hem experimentat pel que fa a la forma de consumir continguts a les xarxes socials, des d&#8217;alcaldia s&#8217;ha optat per modificar l&#8217;\u00e0rea de comunicaci\u00f3 de l&#8217;Ajuntament: d&#8217;una banda es contractar\u00e0 el servei de fotografia i de l&#8217;altra, l&#8217;\u00e0rea de comunicaci\u00f3 institucional, que potenciar\u00e0 les publicacions en format de v\u00eddeo. Aix\u00ed, a partir d&#8217;ara hi haur\u00e0 una persona destinada \u00fanicament al servei de fotografia i edici\u00f3 fotogr\u00e0fica i una altra a la comunicaci\u00f3 institucional i a la creaci\u00f3, enregistrament i muntatge de continguts en v\u00eddeo.<\/p>\n\n\n\n<p>L&#8217;objectiu d&#8217;aquesta modificaci\u00f3 \u00e9s doble: d&#8217;una banda, l&#8217;Ajuntament vol comptar amb un fot\u00f2graf professional per cobrir actes i esdeveniments, potenciar la fotografia a la revista municipal i tamb\u00e9 disposar d&#8217;un servei d&#8217;edici\u00f3 que permeti unificar l&#8217;estil fotogr\u00e0fic de l&#8217;Ajuntament; i, de l&#8217;altra, potenciar el format de v\u00eddeo &#8216;reel&#8217; a les xarxes socials amb l&#8217;objectiu d&#8217;adequar els continguts a un format que s&#8217;ajusti a les formes amb qu\u00e8 la poblaci\u00f3 consumeix continguts i es relaciona amb la informaci\u00f3 en l&#8217;actualitat. A m\u00e9s, els &#8216;reels&#8217; de car\u00e0cter informatiu incorporaran subt\u00edtols per facilitar l&#8217;acc\u00e9s a la informaci\u00f3 a les persones sordes o amb dificultats d&#8217;audici\u00f3. D&#8217;altra banda, tamb\u00e9 s&#8217;ha optat per un nou format de difusi\u00f3 -en v\u00eddeo o en carrusel, en funci\u00f3 de la xarxa o espai de difusi\u00f3- de l&#8217;agenda d&#8217;esdeveniments municipals, a fi d&#8217;agrupar-los en una sola publicaci\u00f3 que es distingeixi f\u00e0cilment de la resta i que reculli les dades principals de cada activitat.<\/p>\n\n\n\n<p>M\u00e9s enll\u00e0 d&#8217;aquestes millores, el contracte per a la comunicaci\u00f3 institucional inclou la gesti\u00f3 de les xarxes socials de l&#8217;Ajuntament, la redacci\u00f3 i publicaci\u00f3 de not\u00edcies i informaci\u00f3 de servei per a la ciutadania a eAgora i a la p\u00e0gina web municipal, la preparaci\u00f3 de l&#8217;entrevista bimestral de la revista municipal, l&#8217;enviament de notes de premsa als mitjans de comunicaci\u00f3 aix\u00ed com la detecci\u00f3 de queixes, preguntes i comentaris de la ciutadania -mitjan\u00e7ant les xarxes i eAgora- per traslladar-se-les a l&#8217;equip de govern i, si s&#8217;escau, donar resposta. El cost total del contracte, amb una durada de sis mesos (de gener a juny), \u00e9s de&nbsp;13.800\u20ac (m\u00e9s IVA) i s&#8217;ha aprovat aquest gener mitjan\u00e7ant Decret d&#8217;alcaldia.<br><br>Quant al contracte del servei de fotografia i edici\u00f3 fotogr\u00e0fica, aquest s&#8217;ha aprovat a la Junta de Govern del 27 de gener, tindr\u00e0 una durada de cinc mesos (de febrer a juny) i un cost total de 5.315\u20ac (m\u00e9s IVA). El servei inclou la realitzaci\u00f3 de fotografies en actes, activitats i esdeveniments organitzats per l&#8217;Ajuntament de La Bisbal del Pened\u00e8s -o encarregats per aquest-, la confecci\u00f3 de fotografies per a la revista municipal i el servei d&#8217;edici\u00f3 fotogr\u00e0fica.<\/p>\n\n\n\n<hr class=\"wp-block-separator has-alpha-channel-opacity\"\/>\n\n\n\n<h2><strong>Se contratan los servicios de dos bisbalencs para la fotograf\u00eda y la comunicaci\u00f3n institucional<\/strong><\/h2>\n\n\n\n<p>El Ajuntament de La Bisbal del Pened\u00e8s est\u00e1 preparando la licitaci\u00f3n de los servicios de fotograf\u00eda y comunicaci\u00f3n institucional. Mientras tanto, ha aprobado un contrato menor para la comunicaci\u00f3n institucional con la periodista bisbalenca S\u00f2nia Ferrer y otro para el \u00e1rea de fotograf\u00eda con el fot\u00f3grafo bisbalenc Ra\u00fal Gallego. Ambos contratos finalizar\u00e1n en junio de 2025.<\/p>\n\n\n\n<p>Teniendo en cuenta la experiencia de los \u00faltimos a\u00f1os en cuanto a las necesidades comunicativas del municipio y los cambios que, como sociedad, hemos experimentado en lo que respecta a la forma de consumir contenidos en redes sociales, desde alcald\u00eda se ha optado por modificar el \u00e1rea de comunicaci\u00f3n del Ayuntamiento. Por un lado, se contratar\u00e1 el servicio de fotograf\u00eda y, por otro, el \u00e1rea de comunicaci\u00f3n institucional, que potenciar\u00e1 las publicaciones en formato v\u00eddeo. As\u00ed, a partir de ahora habr\u00e1 una persona destinada \u00fanicamente al servicio de fotograf\u00eda y edici\u00f3n fotogr\u00e1fica, y otra a la comunicaci\u00f3n institucional y a la creaci\u00f3n, grabaci\u00f3n y montaje de contenidos en v\u00eddeo.<\/p>\n\n\n\n<p>El objetivo de esta modificaci\u00f3n es doble: por un lado, el Ayuntamiento quiere contar con un fot\u00f3grafo profesional para cubrir actos y eventos, potenciar la fotograf\u00eda en la revista municipal y disponer de un servicio de edici\u00f3n que permita unificar el estilo fotogr\u00e1fico del Ayuntamiento. Por otro lado, se potenciar\u00e1 el formato de v\u00eddeo &#8216;reel&#8217; en redes sociales, con el objetivo de adaptar los contenidos a los formatos actuales de consumo de informaci\u00f3n y comunicaci\u00f3n. Adem\u00e1s, los &#8216;reels&#8217; de car\u00e1cter informativo incluir\u00e1n subt\u00edtulos para facilitar el acceso a la informaci\u00f3n a personas sordas o con dificultades auditivas. Tambi\u00e9n se ha optado por un nuevo formato de difusi\u00f3n -en v\u00eddeo o en carrusel, seg\u00fan la red social o el espacio de difusi\u00f3n- para la agenda de eventos municipales, agrupando toda la informaci\u00f3n en una sola publicaci\u00f3n diferenciada del resto, que recoja los datos principales de cada actividad.<\/p>\n\n\n\n<p>M\u00e1s all\u00e1 de estas mejoras, el contrato de comunicaci\u00f3n institucional incluye la gesti\u00f3n de las redes sociales del Ayuntamiento, la redacci\u00f3n y publicaci\u00f3n de noticias e informaci\u00f3n de servicio para la ciudadan\u00eda en eAgora y en la p\u00e1gina web municipal, la preparaci\u00f3n de la entrevista bimestral de la revista municipal, el env\u00edo de notas de prensa a los medios de comunicaci\u00f3n, as\u00ed como la detecci\u00f3n de quejas, preguntas y comentarios de la ciudadan\u00eda (a trav\u00e9s de redes sociales y eAgora) para traslad\u00e1rselas al equipo de gobierno y, si procede, dar respuesta.&nbsp;El coste total del contrato, con una duraci\u00f3n de seis meses (de enero a junio), es de 13.800\u20ac (m\u00e1s IVA) y se aprob\u00f3 en enero mediante Decreto de Alcald\u00eda.<\/p>\n\n\n\n<p>En cuanto al contrato del servicio de fotograf\u00eda y edici\u00f3n fotogr\u00e1fica, este fue aprobado en la Junta de Gobierno del 27 de enero, tendr\u00e1 una duraci\u00f3n de cinco meses (de febrero a junio) y un coste total de 5.315\u20ac (m\u00e1s IVA). El servicio incluye la realizaci\u00f3n de fotograf\u00edas en actos, actividades y eventos organizados o encargados por el Ajuntament de La Bisbal del Pened\u00e8s, la confecci\u00f3n de im\u00e1genes para la revista municipal y el servicio de edici\u00f3n fotogr\u00e1fica.<\/p>\n","protected":false},"excerpt":{"rendered":"<p>L&#8217;Ajuntament de la Bisbal del Pened\u00e8s est\u00e0 preparant la licitaci\u00f3 dels serveis de fotografia i comunicaci\u00f3 institucional. Mentrestant, ha aprovat un contracte menor per a la comunicaci\u00f3 institucional amb la &hellip; <a href=\"https:\/\/bisbalpenedes.com\/web\/2025\/01\/30\/es-contracten-els-serveis-de-dos-bisbalencs-per-a-la-fotografia-i-la-comunicacio-institucional\/\" class=\"more-link\">Read More<\/a><\/p>\n","protected":false},"author":4,"featured_media":32768,"comment_status":"closed","ping_status":"closed","sticky":false,"template":"","format":"standard","meta":[],"categories":[2057,8],"tags":[459,6967,248,6968,393,1374],"_links":{"self":[{"href":"https:\/\/bisbalpenedes.com\/web\/wp-json\/wp\/v2\/posts\/32758"}],"collection":[{"href":"https:\/\/bisbalpenedes.com\/web\/wp-json\/wp\/v2\/posts"}],"about":[{"href":"https:\/\/bisbalpenedes.com\/web\/wp-json\/wp\/v2\/types\/post"}],"author":[{"embeddable":true,"href":"https:\/\/bisbalpenedes.com\/web\/wp-json\/wp\/v2\/users\/4"}],"replies":[{"embeddable":true,"href":"https:\/\/bisbalpenedes.com\/web\/wp-json\/wp\/v2\/comments?post=32758"}],"version-history":[{"count":3,"href":"https:\/\/bisbalpenedes.com\/web\/wp-json\/wp\/v2\/posts\/32758\/revisions"}],"predecessor-version":[{"id":32780,"href":"https:\/\/bisbalpenedes.com\/web\/wp-json\/wp\/v2\/posts\/32758\/revisions\/32780"}],"wp:featuredmedia":[{"embeddable":true,"href":"https:\/\/bisbalpenedes.com\/web\/wp-json\/wp\/v2\/media\/32768"}],"wp:attachment":[{"href":"https:\/\/bisbalpenedes.com\/web\/wp-json\/wp\/v2\/media?parent=32758"}],"wp:term":[{"taxonomy":"category","embeddable":true,"href":"https:\/\/bisbalpenedes.com\/web\/wp-json\/wp\/v2\/categories?post=32758"},{"taxonomy":"post_tag","embeddable":true,"href":"https:\/\/bisbalpenedes.com\/web\/wp-json\/wp\/v2\/tags?post=32758"}],"curies":[{"name":"wp","href":"https:\/\/api.w.org\/{rel}","templated":true}]}}