{"id":32751,"date":"2025-01-29T20:49:16","date_gmt":"2025-01-29T18:49:16","guid":{"rendered":"https:\/\/bisbalpenedes.com\/web\/?p=32751"},"modified":"2025-01-29T20:57:48","modified_gmt":"2025-01-29T18:57:48","slug":"la-18ena-nit-de-castells-de-valls-premia-la-placa-castellera-de-la-bisbal-del-penedes-com-a-placa-de-la-temporada-2024","status":"publish","type":"post","link":"https:\/\/bisbalpenedes.com\/web\/2025\/01\/29\/la-18ena-nit-de-castells-de-valls-premia-la-placa-castellera-de-la-bisbal-del-penedes-com-a-placa-de-la-temporada-2024\/","title":{"rendered":"<strong>La 18ena Nit de Castells de Valls premia la pla\u00e7a castellera de la Bisbal del Pened\u00e8s com a Pla\u00e7a de la temporada 2024<\/strong>"},"content":{"rendered":"\n<h3><strong>El 2024 es va estrenar la figura del cap de pla\u00e7a i la diada castellera va fer-se per primera vegada a la tarda<\/strong><\/h3>\n\n\n\n<p>La 18a edici\u00f3 de la <strong>Nit de Castells de Valls<\/strong> va guardonar, el passat dissabte 25 de gener, la pla\u00e7a castellera de <strong>La Bisbal del Pened\u00e8s<\/strong> amb el premi <strong>Pla\u00e7a de la temporada 2024<\/strong>. El reconeixement destaca els bons resultats dels canvis aplicats a la pla\u00e7a, que han perm\u00e8s millorar el desenvolupament de les actuacions, mantenint alhora el perfil tradicional que la converteix en una refer\u00e8ncia del calendari casteller. El 2024 es va canviar l&#8217;horari de la tradicional diada del 15 d&#8217;agost i es va passar a la tarda, per evitar les hores de m\u00e9s calor. D&#8217;altra banda, tamb\u00e9 la passada Festa Major tamb\u00e9 es va estrenar la figura del cap de pla\u00e7a i la primera persona en encarregar-se de la bona coordinaci\u00f3 de la diada va ser el bisbalenc Jordi Vidal. Tots aquests canvis formen part del <a href=\"https:\/\/bisbalpenedes.com\/web\/wp-content\/uploads\/2024\/04\/PROTOCOL-DIADA-CASTELLERA-15-DAGOST.pdf\" target=\"_blank\" rel=\"noreferrer noopener\">Protocol d&#8217;actuaci\u00f3 de la diada castellera del 15 d&#8217;agost<\/a>, que es va aprovar ara fa un any, el gener de 2024.<\/p>\n\n\n\n<p>L\u2019alcaldessa de La Bisbal del Pened\u00e8s, <strong>Agn\u00e8s Ferr\u00e9<\/strong>, i el president de la <strong>Colla Castellera de La Bisbal -Els Bous<\/strong>, <strong>Salvador Ferr\u00e9,<\/strong> van ser els encarregats de recollir el premi. El guard\u00f3 va ser lliurat per <strong>Marta Ventura<\/strong>, vicepresidenta de la Diputaci\u00f3 de Tarragona, i <strong>Eloi Miralles<\/strong>, folklorista i estudi\u00f3s de la cultura popular. A l\u2019acte tamb\u00e9 hi van assistir la regidora de Cultura, <strong>Judith Vidal<\/strong>, el cap de colla, <strong>Eloi Garcia<\/strong>, aix\u00ed com dos membres m\u00e9s de la colla castellera.<\/p>\n\n\n\n<p>M\u00e9s de <strong>400 persones<\/strong>, en representaci\u00f3 de <strong>78 colles<\/strong> i altres agents vinculats al m\u00f3n casteller, van participar en aquesta gala, una iniciativa de la <strong>Revista Castells<\/strong>, organitzada conjuntament amb l\u2019<strong>Ajuntament de Valls<\/strong> i <strong>TAC 12 \u2013 La Xarxa<\/strong>. L\u2019acte es va retransmetre en directe a trav\u00e9s de <strong>20 televisions locals<\/strong> i per la plataforma <strong><a href=\"http:\/\/www.laxarxames.cat\/\" target=\"_blank\" rel=\"noreferrer noopener\">La Xarxa+.<\/a><\/strong><\/p>\n\n\n\n<hr class=\"wp-block-separator has-alpha-channel-opacity\"\/>\n\n\n\n<h2><strong>La 18.\u00aa Nit de Castells de Valls premia la plaza castellera de La Bisbal del Pened\u00e8s como Plaza de la Temporada 2024<\/strong><\/h2>\n\n\n\n<h3><strong>En 2024 se estren\u00f3 la figura del &#8220;cap de pla\u00e7a&#8221; y la diada castellera se celebr\u00f3 por primera vez por la tarde<\/strong><\/h3>\n\n\n\n<p>La <strong>18.\u00aa edici\u00f3n de la Nit de Castells de Valls<\/strong> galardon\u00f3 el pasado s\u00e1bado 25 de enero, la <strong>plaza castellera de La Bisbal del Pened\u00e8s<\/strong> con el premio <strong>Pla\u00e7a de la temporada 2024<\/strong>. Este reconocimiento destaca los buenos resultados de los cambios aplicados en la plaza, que han permitido mejorar el desarrollo de las actuaciones, manteniendo al mismo tiempo el perfil tradicional que la convierte en una referencia del calendario <em>casteller.<\/em><\/p>\n\n\n\n<p>En <strong>2024<\/strong>, se modific\u00f3 el horario de la tradicional <strong>diada del 15 de agosto<\/strong>, traslad\u00e1ndola a la tarde para evitar las horas de m\u00e1s calor. Adem\u00e1s, en la pasada <strong>Festa Major<\/strong>, tambi\u00e9n se estren\u00f3 la figura del <strong>&#8220;cap de pla\u00e7a&#8221;<\/strong>, y la primera persona en encargarse de la buena coordinaci\u00f3n de la diada fue el bisbalenc <strong>Jordi Vidal<\/strong>. Todos estos cambios forman parte del <a href=\"https:\/\/bisbalpenedes.com\/web\/wp-content\/uploads\/2024\/04\/PROTOCOL-DIADA-CASTELLERA-15-DAGOST.pdf\" target=\"_blank\" rel=\"noreferrer noopener\"><strong>Protocolo de actuaci\u00f3n de la diada castellera del 15 de agosto<\/strong>,<\/a> que se aprob\u00f3 hace un a\u00f1o, en enero de 2024.<\/p>\n\n\n\n<p>La alcaldesa de <strong>La Bisbal del Pened\u00e8s, Agn\u00e8s Ferr\u00e9<\/strong>, y el presidente de la <strong>Colla Castellera de La Bisbal &#8211; Els Bous, Salvador Ferr\u00e9<\/strong>, fueron los encargados de recoger el premio. El galard\u00f3n fue entregado por <strong>Marta Ventura<\/strong>, vicepresidenta de la <strong>Diputaci\u00f3n de Tarragona<\/strong>, y <strong>Eloi Miralles<\/strong>, folclorista y estudioso de la cultura popular. Al acto tambi\u00e9n asistieron la <strong>regidora de Cultura, Judith Vidal<\/strong>, el <strong>cap de colla, Eloi Garcia<\/strong>, as\u00ed como dos miembros m\u00e1s de la colla castellera.<\/p>\n\n\n\n<p>M\u00e1s de <strong>400 personas<\/strong>, en representaci\u00f3n de <strong>78 c<em>olles castelleres<\/em><\/strong> y otros agentes vinculados al mundo <em>casteller,<\/em> participaron en esta gala, una iniciativa de la <strong>Revista Castells<\/strong>, organizada conjuntamente con el <strong>Ajuntament de Valls y TAC 12 \u2013 La Xarxa<\/strong>. El acto fue retransmitido en directo a trav\u00e9s de <strong>20 televisiones locales<\/strong> y por la plataforma <a rel=\"noreferrer noopener\" href=\"http:\/\/www.laxarxames.cat\/\" target=\"_blank\"><strong>La Xarxa+<\/strong>.<\/a><\/p>\n","protected":false},"excerpt":{"rendered":"<p>El 2024 es va estrenar la figura del cap de pla\u00e7a i la diada castellera va fer-se per primera vegada a la tarda La 18a edici\u00f3 de la Nit de &hellip; <a href=\"https:\/\/bisbalpenedes.com\/web\/2025\/01\/29\/la-18ena-nit-de-castells-de-valls-premia-la-placa-castellera-de-la-bisbal-del-penedes-com-a-placa-de-la-temporada-2024\/\" class=\"more-link\">Read More<\/a><\/p>\n","protected":false},"author":4,"featured_media":32755,"comment_status":"closed","ping_status":"closed","sticky":false,"template":"","format":"standard","meta":[],"categories":[2057,13,2161,1042,8],"tags":[459,377,667,393,381],"_links":{"self":[{"href":"https:\/\/bisbalpenedes.com\/web\/wp-json\/wp\/v2\/posts\/32751"}],"collection":[{"href":"https:\/\/bisbalpenedes.com\/web\/wp-json\/wp\/v2\/posts"}],"about":[{"href":"https:\/\/bisbalpenedes.com\/web\/wp-json\/wp\/v2\/types\/post"}],"author":[{"embeddable":true,"href":"https:\/\/bisbalpenedes.com\/web\/wp-json\/wp\/v2\/users\/4"}],"replies":[{"embeddable":true,"href":"https:\/\/bisbalpenedes.com\/web\/wp-json\/wp\/v2\/comments?post=32751"}],"version-history":[{"count":2,"href":"https:\/\/bisbalpenedes.com\/web\/wp-json\/wp\/v2\/posts\/32751\/revisions"}],"predecessor-version":[{"id":32754,"href":"https:\/\/bisbalpenedes.com\/web\/wp-json\/wp\/v2\/posts\/32751\/revisions\/32754"}],"wp:featuredmedia":[{"embeddable":true,"href":"https:\/\/bisbalpenedes.com\/web\/wp-json\/wp\/v2\/media\/32755"}],"wp:attachment":[{"href":"https:\/\/bisbalpenedes.com\/web\/wp-json\/wp\/v2\/media?parent=32751"}],"wp:term":[{"taxonomy":"category","embeddable":true,"href":"https:\/\/bisbalpenedes.com\/web\/wp-json\/wp\/v2\/categories?post=32751"},{"taxonomy":"post_tag","embeddable":true,"href":"https:\/\/bisbalpenedes.com\/web\/wp-json\/wp\/v2\/tags?post=32751"}],"curies":[{"name":"wp","href":"https:\/\/api.w.org\/{rel}","templated":true}]}}