{"id":32744,"date":"2025-01-28T21:28:37","date_gmt":"2025-01-28T19:28:37","guid":{"rendered":"https:\/\/bisbalpenedes.com\/web\/?p=32744"},"modified":"2025-01-29T20:59:26","modified_gmt":"2025-01-29T18:59:26","slug":"aquest-dimarts-ha-obert-un-nou-establiment-a-la-bisbal-del-penedes-la-peixateria-riu","status":"publish","type":"post","link":"https:\/\/bisbalpenedes.com\/web\/2025\/01\/28\/aquest-dimarts-ha-obert-un-nou-establiment-a-la-bisbal-del-penedes-la-peixateria-riu\/","title":{"rendered":"Aquest dimarts ha obert un nou establiment a la Bisbal del Pened\u00e8s: la Peixateria Riu"},"content":{"rendered":"\n<p>Avui dimarts ha obert la Peixateria Riu, regentada per la bisbalenca Isabel Riu. L&#8217;establiment est\u00e0 ubicat al carrer Major, 51 del nucli. L&#8217;horari de la Peixateria Riu \u00e9s de dimarts a dissabte al mat\u00ed, de 9:00 h a 13:30 h, i els dimarts i divendres a la tarda, de 17:00 h a 20:00 h. El n\u00famero de tel\u00e8fon i WhatsApp \u00e9s el 694 22 54 10.<\/p>\n\n\n\n<p>Aquest mat\u00ed, l&#8217;alcaldessa Agn\u00e8s Ferr\u00e9 i la regidora de Comer\u00e7, Judith Vidal, han visitat la peixateria per mostrar-li el seu suport <a><\/a>en aquesta nova etapa. A la Peixateria Riu hi trobareu peix fresc di\u00e0riament i tamb\u00e9 teniu l&#8217;opci\u00f3 de fer enc\u00e0rrecs.<\/p>\n\n\n\n<p>Des de l&#8217;Ajuntament, li donem la benvinguda a aquest nou establiment i li desitgem molts \u00e8xits!<\/p>\n\n\n\n<hr class=\"wp-block-separator has-alpha-channel-opacity\"\/>\n\n\n\n<p>Hoy martes ha abierto la Peixateria Riu, regentada por la bisbalenca Isabel Riu. El establecimiento est\u00e1 ubicado en la calle Major, 51 del n\u00facleo. El horario de la Peixateria Riu es de martes a s\u00e1bado por la ma\u00f1ana, de 9:00 h a 13:30 h, y los martes y viernes por la tarde, de 17:00h, a 20:00h. El n\u00famero de tel\u00e9fono y Whatsapp es el 694 22 54 10.<\/p>\n\n\n\n<p>Esta ma\u00f1ana, la alcaldesa Agn\u00e8s Ferr\u00e9 y la concejala de Comercio, Judith Vidal, han visitado la pescader\u00eda para mostrarle su apoyo en esta nueva etapa. En la Peixateria Riu encontrar\u00e9is pescado fresco a diario y tambi\u00e9n ten\u00e9is la opci\u00f3n de hacer encargos.<\/p>\n\n\n\n<p>\u00a1Desde el Ajuntament, le damos la bienvenida a este nuevo establecimiento y le deseamos muchos \u00e9xitos!<\/p>\n","protected":false},"excerpt":{"rendered":"<p>Avui dimarts ha obert la Peixateria Riu, regentada per la bisbalenca Isabel Riu. L&#8217;establiment est\u00e0 ubicat al carrer Major, 51 del nucli. L&#8217;horari de la Peixateria Riu \u00e9s de dimarts &hellip; <a href=\"https:\/\/bisbalpenedes.com\/web\/2025\/01\/28\/aquest-dimarts-ha-obert-un-nou-establiment-a-la-bisbal-del-penedes-la-peixateria-riu\/\" class=\"more-link\">Read More<\/a><\/p>\n","protected":false},"author":4,"featured_media":32756,"comment_status":"closed","ping_status":"open","sticky":false,"template":"","format":"standard","meta":[],"categories":[2057,3860,8],"tags":[459,329,393,6966],"_links":{"self":[{"href":"https:\/\/bisbalpenedes.com\/web\/wp-json\/wp\/v2\/posts\/32744"}],"collection":[{"href":"https:\/\/bisbalpenedes.com\/web\/wp-json\/wp\/v2\/posts"}],"about":[{"href":"https:\/\/bisbalpenedes.com\/web\/wp-json\/wp\/v2\/types\/post"}],"author":[{"embeddable":true,"href":"https:\/\/bisbalpenedes.com\/web\/wp-json\/wp\/v2\/users\/4"}],"replies":[{"embeddable":true,"href":"https:\/\/bisbalpenedes.com\/web\/wp-json\/wp\/v2\/comments?post=32744"}],"version-history":[{"count":2,"href":"https:\/\/bisbalpenedes.com\/web\/wp-json\/wp\/v2\/posts\/32744\/revisions"}],"predecessor-version":[{"id":32748,"href":"https:\/\/bisbalpenedes.com\/web\/wp-json\/wp\/v2\/posts\/32744\/revisions\/32748"}],"wp:featuredmedia":[{"embeddable":true,"href":"https:\/\/bisbalpenedes.com\/web\/wp-json\/wp\/v2\/media\/32756"}],"wp:attachment":[{"href":"https:\/\/bisbalpenedes.com\/web\/wp-json\/wp\/v2\/media?parent=32744"}],"wp:term":[{"taxonomy":"category","embeddable":true,"href":"https:\/\/bisbalpenedes.com\/web\/wp-json\/wp\/v2\/categories?post=32744"},{"taxonomy":"post_tag","embeddable":true,"href":"https:\/\/bisbalpenedes.com\/web\/wp-json\/wp\/v2\/tags?post=32744"}],"curies":[{"name":"wp","href":"https:\/\/api.w.org\/{rel}","templated":true}]}}