{"id":32735,"date":"2025-01-24T00:00:00","date_gmt":"2025-01-23T22:00:00","guid":{"rendered":"https:\/\/bisbalpenedes.com\/web\/?p=32735"},"modified":"2025-01-27T19:42:33","modified_gmt":"2025-01-27T17:42:33","slug":"avui-24-de-gener-es-el-dia-internacional-de-leducacio","status":"publish","type":"post","link":"https:\/\/bisbalpenedes.com\/web\/2025\/01\/24\/avui-24-de-gener-es-el-dia-internacional-de-leducacio\/","title":{"rendered":"Avui 24 de gener \u00e9s el Dia Internacional de l&#8217;Educaci\u00f3"},"content":{"rendered":"\n<p>Avui divendres al vespre, la fa\u00e7ana de l\u2019Ajuntament de la Bisbal del Pened\u00e8s s\u2019il\u00b7luminar\u00e0 de color blanc en commemoraci\u00f3 del Dia Internacional de l\u2019Educaci\u00f3. Aquest dia ens recorda la import\u00e0ncia de garantir una educaci\u00f3 inclusiva, equitativa i de qualitat per a tothom.<\/p>\n\n\n\n<p>Enguany, el lema de la jornada \u00e9s &#8220;IA i educaci\u00f3: preservar l&#8217;autonomia en un m\u00f3n automatitzat&#8221;.<\/p>\n\n\n\n<p>M\u00e1s informaci\u00f3n: <a href=\"https:\/\/www.unesco.org\/sites\/default\/files\/medias\/fichiers\/2025\/01\/education-day-2025-cn-es_0.pdf\" target=\"_blank\" rel=\"noreferrer noopener\">https:\/\/www.unesco.org\/sites\/default\/files\/medias\/fichiers\/2025\/01\/education-day-2025-cn-es_0.pdf<\/a><\/p>\n\n\n\n<hr class=\"wp-block-separator has-alpha-channel-opacity\"\/>\n\n\n\n<p>Hoy viernes, al anochecer, la fachada del Ajuntament de la Bisbal del Pened\u00e8s se iluminar\u00e1 de color blanco en conmemoraci\u00f3n del D\u00eda Internacional de la Educaci\u00f3n. Este d\u00eda nos recuerda la importancia de garantizar una educaci\u00f3n inclusiva, equitativa y de calidad para todos.<\/p>\n\n\n\n<p>Este a\u00f1o, el lema de la jornada es &#8220;IA y educaci\u00f3n: preservar la autonom\u00eda en un mundo automatizado&#8221;.<\/p>\n\n\n\n<p>M\u00e9s informaci\u00f3: <a href=\"https:\/\/www.unesco.org\/sites\/default\/files\/medias\/fichiers\/2025\/01\/education-day-2025-cn-es_0.pdfhttps:\/\/www.unesco.org\/sites\/default\/files\/medias\/fichiers\/2025\/01\/education-day-2025-cn-es_0.pdf\" target=\"_blank\" rel=\"noreferrer noopener\">https:\/\/www.unesco.org\/sites\/default\/files\/medias\/fichiers\/2025\/01\/education-day-2025-cn-es_0.pdf<\/a><\/p>\n","protected":false},"excerpt":{"rendered":"<p>Avui divendres al vespre, la fa\u00e7ana de l\u2019Ajuntament de la Bisbal del Pened\u00e8s s\u2019il\u00b7luminar\u00e0 de color blanc en commemoraci\u00f3 del Dia Internacional de l\u2019Educaci\u00f3. Aquest dia ens recorda la import\u00e0ncia &hellip; <a href=\"https:\/\/bisbalpenedes.com\/web\/2025\/01\/24\/avui-24-de-gener-es-el-dia-internacional-de-leducacio\/\" class=\"more-link\">Read More<\/a><\/p>\n","protected":false},"author":4,"featured_media":32743,"comment_status":"closed","ping_status":"closed","sticky":false,"template":"","format":"standard","meta":[],"categories":[2402,8],"tags":[459,6965,5019,6964,393,1374],"_links":{"self":[{"href":"https:\/\/bisbalpenedes.com\/web\/wp-json\/wp\/v2\/posts\/32735"}],"collection":[{"href":"https:\/\/bisbalpenedes.com\/web\/wp-json\/wp\/v2\/posts"}],"about":[{"href":"https:\/\/bisbalpenedes.com\/web\/wp-json\/wp\/v2\/types\/post"}],"author":[{"embeddable":true,"href":"https:\/\/bisbalpenedes.com\/web\/wp-json\/wp\/v2\/users\/4"}],"replies":[{"embeddable":true,"href":"https:\/\/bisbalpenedes.com\/web\/wp-json\/wp\/v2\/comments?post=32735"}],"version-history":[{"count":1,"href":"https:\/\/bisbalpenedes.com\/web\/wp-json\/wp\/v2\/posts\/32735\/revisions"}],"predecessor-version":[{"id":32736,"href":"https:\/\/bisbalpenedes.com\/web\/wp-json\/wp\/v2\/posts\/32735\/revisions\/32736"}],"wp:featuredmedia":[{"embeddable":true,"href":"https:\/\/bisbalpenedes.com\/web\/wp-json\/wp\/v2\/media\/32743"}],"wp:attachment":[{"href":"https:\/\/bisbalpenedes.com\/web\/wp-json\/wp\/v2\/media?parent=32735"}],"wp:term":[{"taxonomy":"category","embeddable":true,"href":"https:\/\/bisbalpenedes.com\/web\/wp-json\/wp\/v2\/categories?post=32735"},{"taxonomy":"post_tag","embeddable":true,"href":"https:\/\/bisbalpenedes.com\/web\/wp-json\/wp\/v2\/tags?post=32735"}],"curies":[{"name":"wp","href":"https:\/\/api.w.org\/{rel}","templated":true}]}}