{"id":32731,"date":"2025-01-22T13:54:38","date_gmt":"2025-01-22T11:54:38","guid":{"rendered":"https:\/\/bisbalpenedes.com\/web\/?p=32731"},"modified":"2025-01-22T13:54:38","modified_gmt":"2025-01-22T11:54:38","slug":"la-bisbal-del-penedes-ha-rebut-una-subvencio-destinada-a-la-promocio-de-la-cultura-popular-i-tradicional","status":"publish","type":"post","link":"https:\/\/bisbalpenedes.com\/web\/2025\/01\/22\/la-bisbal-del-penedes-ha-rebut-una-subvencio-destinada-a-la-promocio-de-la-cultura-popular-i-tradicional\/","title":{"rendered":"<strong>La Bisbal del Pened\u00e8s ha rebut una subvenci\u00f3 destinada a la promoci\u00f3 de la cultura popular i tradicional<\/strong>"},"content":{"rendered":"\n<p>L\u2019Ajuntament de la Bisbal del Pened\u00e8s va rebre, el 2024, una subvenci\u00f3 del Departament de Cultura de la Generalitat de Catalunya de 3.023\u20ac per a la promoci\u00f3 de les activitats culturals relacionades amb la cultura popular i tradicional.<\/p>\n\n\n\n<p>Els serveis de cultura municipals van presentar un projecte per a la programaci\u00f3 anual d\u2019activitats relacionades a la conservaci\u00f3 i promoci\u00f3 del folklore tradicional fora de la programaci\u00f3 de Festa Major. Concretament, contenia l\u2019organitzaci\u00f3 dels Tres Tombs, la celebraci\u00f3 de les diades castelleres al municipi durant l\u2019any, l\u2019impuls de la trobada de foc organitzada pel Ball de Diables i l\u2019organitzaci\u00f3 de les activitats de promoci\u00f3 de les entitats de cultura tradicional al voltant de la Fira, que enguany va comptar amb un concurs de fotografies dels murals dedicats a aquest \u00e0mbit. Amb tot, durant l\u2019any 2024 l\u2019Ajuntament ha destinat m\u00e9s de 30.000\u20ac a la promoci\u00f3 d\u2019aquestes activitats i el Departament de Cultura de la Generalitat ha concedit una subvenci\u00f3 de 3.023\u20ac per donar suport a la inversi\u00f3 fet per l\u2019ens municipal.<\/p>\n\n\n\n<p>L\u2019ajuda del Departament de Cultura respon a la voluntat municipal de promocionar i acompanyar les entitats del municipi que es dediquen a mantenir la cultura popular i tradicional i a l\u2019esfor\u00e7 organitzatiu per garantir una programaci\u00f3 constant al llarg de l\u2019any de totes aquelles expressions folkl\u00f2riques t\u00edpiques de la cultura catalana.<\/p>\n\n\n\n<hr class=\"wp-block-separator has-alpha-channel-opacity\"\/>\n\n\n\n<h2><strong>La Bisbal del Pened\u00e8s ha recibido una subvenci\u00f3n destinada a la promoci\u00f3n de la cultura popular y tradicional<\/strong><\/h2>\n\n\n\n<p>El Ajuntament de la Bisbal del Pened\u00e8s recibi\u00f3, en 2024, una subvenci\u00f3n del Departament de Cultura de la Generalitat de Catalunya de 3.023\u20ac para la promoci\u00f3n de las actividades culturales relacionadas con la cultura popular y tradicional.&nbsp;<\/p>\n\n\n\n<p>Los servicios de cultura municipales presentaron un proyecto para la programaci\u00f3n anual de actividades relacionadas con la conservaci\u00f3n y promoci\u00f3n del folclore tradicional fuera de la programaci\u00f3n de la Fiesta Mayor. Concretamente, inclu\u00eda la organizaci\u00f3n de los Tres Tombs, la celebraci\u00f3n de las <em>diades castelleres<\/em> en el municipio durante el a\u00f1o, el impulso del encuentro de \u2018fuego\u2019 organizado por el Ball de Diables y la organizaci\u00f3n de actividades de promoci\u00f3n de las entidades de cultura tradicional en torno a la Fira, que este a\u00f1o cont\u00f3 con un concurso de fotograf\u00edas de los murales dedicados a este \u00e1mbito. En total, durante el a\u00f1o 2024, el Ajuntament ha destinado m\u00e1s de 30.000\u20ac a la promoci\u00f3n de estas actividades, y el Departament de Cultura de la Generalitat ha concedido una subvenci\u00f3n de 3.023\u20ac para apoyar la inversi\u00f3n realizada por el ente municipal.&nbsp;<\/p>\n\n\n\n<p>La ayuda del Departament de Cultura responde a la voluntad municipal de promocionar y acompa\u00f1ar a las entidades del municipio que se dedican a mantener la cultura popular y tradicional, as\u00ed como al esfuerzo organizativo para garantizar una programaci\u00f3n constante a lo largo del a\u00f1o de todas aquellas expresiones folcl\u00f3ricas t\u00edpicas de la cultura catalana.<\/p>\n","protected":false},"excerpt":{"rendered":"<p>L\u2019Ajuntament de la Bisbal del Pened\u00e8s va rebre, el 2024, una subvenci\u00f3 del Departament de Cultura de la Generalitat de Catalunya de 3.023\u20ac per a la promoci\u00f3 de les activitats &hellip; <a href=\"https:\/\/bisbalpenedes.com\/web\/2025\/01\/22\/la-bisbal-del-penedes-ha-rebut-una-subvencio-destinada-a-la-promocio-de-la-cultura-popular-i-tradicional\/\" class=\"more-link\">Read More<\/a><\/p>\n","protected":false},"author":4,"featured_media":32732,"comment_status":"closed","ping_status":"closed","sticky":false,"template":"","format":"standard","meta":[],"categories":[13,8],"tags":[459,6963,865,393,99],"_links":{"self":[{"href":"https:\/\/bisbalpenedes.com\/web\/wp-json\/wp\/v2\/posts\/32731"}],"collection":[{"href":"https:\/\/bisbalpenedes.com\/web\/wp-json\/wp\/v2\/posts"}],"about":[{"href":"https:\/\/bisbalpenedes.com\/web\/wp-json\/wp\/v2\/types\/post"}],"author":[{"embeddable":true,"href":"https:\/\/bisbalpenedes.com\/web\/wp-json\/wp\/v2\/users\/4"}],"replies":[{"embeddable":true,"href":"https:\/\/bisbalpenedes.com\/web\/wp-json\/wp\/v2\/comments?post=32731"}],"version-history":[{"count":1,"href":"https:\/\/bisbalpenedes.com\/web\/wp-json\/wp\/v2\/posts\/32731\/revisions"}],"predecessor-version":[{"id":32733,"href":"https:\/\/bisbalpenedes.com\/web\/wp-json\/wp\/v2\/posts\/32731\/revisions\/32733"}],"wp:featuredmedia":[{"embeddable":true,"href":"https:\/\/bisbalpenedes.com\/web\/wp-json\/wp\/v2\/media\/32732"}],"wp:attachment":[{"href":"https:\/\/bisbalpenedes.com\/web\/wp-json\/wp\/v2\/media?parent=32731"}],"wp:term":[{"taxonomy":"category","embeddable":true,"href":"https:\/\/bisbalpenedes.com\/web\/wp-json\/wp\/v2\/categories?post=32731"},{"taxonomy":"post_tag","embeddable":true,"href":"https:\/\/bisbalpenedes.com\/web\/wp-json\/wp\/v2\/tags?post=32731"}],"curies":[{"name":"wp","href":"https:\/\/api.w.org\/{rel}","templated":true}]}}