{"id":32728,"date":"2025-01-22T13:25:34","date_gmt":"2025-01-22T11:25:34","guid":{"rendered":"https:\/\/bisbalpenedes.com\/web\/?p=32728"},"modified":"2025-01-22T13:25:34","modified_gmt":"2025-01-22T11:25:34","slug":"la-junta-de-govern-del-13-de-gener-va-aprovar-el-padro-fiscal-de-la-taxa-per-a-la-conservacio-del-cementiri-per-a-lany-2025","status":"publish","type":"post","link":"https:\/\/bisbalpenedes.com\/web\/2025\/01\/22\/la-junta-de-govern-del-13-de-gener-va-aprovar-el-padro-fiscal-de-la-taxa-per-a-la-conservacio-del-cementiri-per-a-lany-2025\/","title":{"rendered":"La Junta de Govern del 13 de gener va aprovar el padr\u00f3 fiscal de la taxa per a la conservaci\u00f3 del cementiri per a l\u2019any 2025"},"content":{"rendered":"\n<p>La Junta de Govern Local del 13 de gener, va aprovar el padr\u00f3 fiscal de la taxa per a la conservaci\u00f3 del cementiri corresponent a l\u2019any 2025, per un import total de 7.447\u20ac.<\/p>\n\n\n\n<p>El per\u00edode de pagament voluntari d\u2019aquesta taxa va del 31 de gener al 31 de mar\u00e7 de 2025 i els preus aprovats s\u00f3n els seg\u00fcents:<\/p>\n\n\n\n<ul><li>12\u20ac anuals per n\u00ednxol<\/li><li>6\u20ac anuals per columbari<\/li><li>25\u20ac anuals per pante\u00f3<\/li><\/ul>\n\n\n\n<hr class=\"wp-block-separator has-alpha-channel-opacity\"\/>\n\n\n\n<h2><strong>La Junta de Gobierno del 13 de enero aprob\u00f3 el padr\u00f3n fiscal de la tasa para la conservaci\u00f3n del cementerio para el a\u00f1o 2025<\/strong><\/h2>\n\n\n\n<p>La Junta de Gobierno Local del 13 de enero aprob\u00f3 el padr\u00f3n fiscal de la tasa para la conservaci\u00f3n del cementerio correspondiente al a\u00f1o 2025, por un importe total de 7.447\u20ac.<\/p>\n\n\n\n<p>El per\u00edodo de pago voluntario de esta tasa va del 31 de enero al 31 de marzo de 2025 y los precios aprobados son los siguientes:<\/p>\n\n\n\n<ul><li>12\u20ac anuales por nicho<\/li><li>6\u20ac anuales por columbario<\/li><li>25\u20ac anuales por pante\u00f3n<\/li><\/ul>\n","protected":false},"excerpt":{"rendered":"<p>La Junta de Govern Local del 13 de gener, va aprovar el padr\u00f3 fiscal de la taxa per a la conservaci\u00f3 del cementiri corresponent a l\u2019any 2025, per un import &hellip; <a href=\"https:\/\/bisbalpenedes.com\/web\/2025\/01\/22\/la-junta-de-govern-del-13-de-gener-va-aprovar-el-padro-fiscal-de-la-taxa-per-a-la-conservacio-del-cementiri-per-a-lany-2025\/\" class=\"more-link\">Read More<\/a><\/p>\n","protected":false},"author":4,"featured_media":21210,"comment_status":"closed","ping_status":"closed","sticky":false,"template":"","format":"standard","meta":[],"categories":[3085,8],"tags":[459,107,6962,393,3576],"_links":{"self":[{"href":"https:\/\/bisbalpenedes.com\/web\/wp-json\/wp\/v2\/posts\/32728"}],"collection":[{"href":"https:\/\/bisbalpenedes.com\/web\/wp-json\/wp\/v2\/posts"}],"about":[{"href":"https:\/\/bisbalpenedes.com\/web\/wp-json\/wp\/v2\/types\/post"}],"author":[{"embeddable":true,"href":"https:\/\/bisbalpenedes.com\/web\/wp-json\/wp\/v2\/users\/4"}],"replies":[{"embeddable":true,"href":"https:\/\/bisbalpenedes.com\/web\/wp-json\/wp\/v2\/comments?post=32728"}],"version-history":[{"count":1,"href":"https:\/\/bisbalpenedes.com\/web\/wp-json\/wp\/v2\/posts\/32728\/revisions"}],"predecessor-version":[{"id":32729,"href":"https:\/\/bisbalpenedes.com\/web\/wp-json\/wp\/v2\/posts\/32728\/revisions\/32729"}],"wp:featuredmedia":[{"embeddable":true,"href":"https:\/\/bisbalpenedes.com\/web\/wp-json\/wp\/v2\/media\/21210"}],"wp:attachment":[{"href":"https:\/\/bisbalpenedes.com\/web\/wp-json\/wp\/v2\/media?parent=32728"}],"wp:term":[{"taxonomy":"category","embeddable":true,"href":"https:\/\/bisbalpenedes.com\/web\/wp-json\/wp\/v2\/categories?post=32728"},{"taxonomy":"post_tag","embeddable":true,"href":"https:\/\/bisbalpenedes.com\/web\/wp-json\/wp\/v2\/tags?post=32728"}],"curies":[{"name":"wp","href":"https:\/\/api.w.org\/{rel}","templated":true}]}}