{"id":32708,"date":"2025-01-20T20:58:45","date_gmt":"2025-01-20T18:58:45","guid":{"rendered":"https:\/\/bisbalpenedes.com\/web\/?p=32708"},"modified":"2025-01-20T21:19:39","modified_gmt":"2025-01-20T19:19:39","slug":"el-diumenge-26-de-gener-a-les-18h-podreu-veure-la-pellicula-un-lugar-comun-del-cicle-gaudi-al-cmc","status":"publish","type":"post","link":"https:\/\/bisbalpenedes.com\/web\/2025\/01\/20\/el-diumenge-26-de-gener-a-les-18h-podreu-veure-la-pellicula-un-lugar-comun-del-cicle-gaudi-al-cmc\/","title":{"rendered":"El diumenge 26 de gener a les 18h podreu veure la pel\u00b7l\u00edcula &#8220;Un lugar com\u00fan&#8221; del Cicle Gaud\u00ed al CMC"},"content":{"rendered":"\n<p>El diumenge 26 de gener, a les 18 h, podreu veure la pel\u00b7l\u00edcula &#8220;Un lugar com\u00fan&#8221; a l&#8217;auditori del CMC, en el marc del Cicle Gaud\u00ed de cinema catal\u00e0. La taquilla ser\u00e0 gestionada per la Coral Antistiana.<\/p>\n\n\n\n<p>&#8220;Un lugar com\u00fan&#8221; \u00e9s una com\u00e8dia dram\u00e0tica dirigida per Celia Giraldo, que va rebre el Premi Gaud\u00ed a la Millor Direcci\u00f3 Novell. La pel\u00b7l\u00edcula est\u00e0 especialment recomanada per al foment de la igualtat de g\u00e8nere. La hist\u00f2ria se centra en la Pilar (interpretada per Eva Llorach), una mare entregada i la infermera m\u00e9s respectada de la cl\u00ednica on treballa. Tot canvia quan \u00e9s acomiadada sobtadament, fet que la porta a replantejar-se la seva vida i a descobrir una nova Pilar.<\/p>\n\n\n\n<p>Us animem a assistir a aquesta projecci\u00f3 i a gaudir del millor cinema catal\u00e0 a la Bisbal!<\/p>\n\n\n\n<p>Com \u00e9s habitual, el preu de l\u2019entrada ser\u00e0 de 4,5\u20ac (general) i 3\u20ac per als espectadors que presentin el carnet de la Biblioteca p\u00fablica de la Bisbal del Pened\u00e8s. Els beneficis es destinaran a l\u2019entitat que gestioni la taquilla abans de la projecci\u00f3.<\/p>\n\n\n\n<p><strong>FITXA T\u00c8CNICA<\/strong><\/p>\n\n\n\n<ul><li>Direcci\u00f3: Celia Giraldo<\/li><li>Gui\u00f3: Celia Giraldo, Bianca Franceza<\/li><li>Productora: Esc\u00e1ndalo Films, Escac Studio, Materia Cinema<\/li><li>Estrena: 14 de novembre de 2024<\/li><li>Durada: 88 min<\/li><li>G\u00e8nere: Com\u00e8dia dram\u00e0tica<\/li><li>Qualificaci\u00f3: No recomanada per a menors de 12 anys<\/li><li>Versi\u00f3: original en castell\u00e0<\/li><li>Int\u00e8rprets: Aina Clotet, Eva Llorach, F\u00e9lix Pons, Jordina Sala, Marta Aguilar, Mia Sala-Patau, Teo Soler<\/li><\/ul>\n\n\n\n<figure class=\"wp-block-embed is-type-video is-provider-youtube wp-block-embed-youtube wp-embed-aspect-16-9 wp-has-aspect-ratio\"><div class=\"wp-block-embed__wrapper\">\n<iframe loading=\"lazy\" title=\"Cicle Gaud\u00ed: &quot;Un lugar com\u00fan&quot;\" width=\"1170\" height=\"658\" src=\"https:\/\/www.youtube.com\/embed\/8tzTu9PZk-s?feature=oembed\" frameborder=\"0\" allow=\"accelerometer; autoplay; clipboard-write; encrypted-media; gyroscope; picture-in-picture; web-share\" referrerpolicy=\"strict-origin-when-cross-origin\" allowfullscreen><\/iframe>\n<\/div><\/figure>\n\n\n\n<h2>El domingo 26 de enero a las\u00a018h\u00a0podr\u00e9is ver la pel\u00edcula &#8220;Un\u00a0lugar\u00a0com\u00fan&#8221;\u00a0del Ciclo Gaud\u00ed al\u00a0CMC<\/h2>\n\n\n\n<p>El domingo 26 de enero, a las 18 h, podr\u00e9is ver la pel\u00edcula \u201cUn lugar com\u00fan\u201d en el auditorio del CMC, en el marco del Cicle Gaud\u00ed de cine catal\u00e1n. La taquilla ser\u00e1 gestionada por la Coral Antistiana.<\/p>\n\n\n\n<p>\u201cUn lugar com\u00fan\u201d es una comedia dram\u00e1tica dirigida por Celia Giraldo, que recibi\u00f3 el Premi Gaud\u00ed a la Mejor Direcci\u00f3n Novel. La pel\u00edcula est\u00e1 especialmente recomendada para el fomento de la igualdad de g\u00e9nero. La historia se centra en Pilar (interpretada por Eva Llorach), una madre entregada y la enfermera m\u00e1s respetada de la cl\u00ednica donde trabaja. Todo cambia cuando es despedida repentinamente, lo que la lleva a replantearse su vida y a descubrir una nueva Pilar.<\/p>\n\n\n\n<p>\u00a1Os animamos a asistir a esta proyecci\u00f3n y a disfrutar del mejor cine catal\u00e1n en la Bisbal!<\/p>\n\n\n\n<p>Como es habitual, el precio de la entrada ser\u00e1 de 4,5 \u20ac (general) y 3 \u20ac para los espectadores que presenten el carn\u00e9 de la Biblioteca p\u00fablica de la Bisbal del Pened\u00e8s. Los beneficios se destinar\u00e1n a la entidad que gestione la taquilla antes de la proyecci\u00f3n.<\/p>\n\n\n\n<p><strong>FICHA T\u00c9CNICA<\/strong><\/p>\n\n\n\n<ul><li>Direcci\u00f3n: Celia Giraldo<\/li><li>Guion: Celia Giraldo, Bianca Franceza<\/li><li>Productora: Esc\u00e1ndalo Films, Escac Studio, Materia Cinema<\/li><li>Estreno: 14 de noviembre de 2024<\/li><li>Duraci\u00f3n: 88 min<\/li><li>G\u00e9nero: Comedia dram\u00e1tica<\/li><li>Calificaci\u00f3n: No recomendada para menores de 12 a\u00f1os<\/li><li>Versi\u00f3n: original en castellano<\/li><li>Int\u00e9rpretes: Aina Clotet, Eva Llorach, F\u00e9lix Pons, Jordina Sala, Marta Aguilar, Mia Sala-Patau, Teo Soler<\/li><\/ul>\n","protected":false},"excerpt":{"rendered":"<p>El diumenge 26 de gener, a les 18 h, podreu veure la pel\u00b7l\u00edcula &#8220;Un lugar com\u00fan&#8221; a l&#8217;auditori del CMC, en el marc del Cicle Gaud\u00ed de cinema catal\u00e0. La &hellip; <a href=\"https:\/\/bisbalpenedes.com\/web\/2025\/01\/20\/el-diumenge-26-de-gener-a-les-18h-podreu-veure-la-pellicula-un-lugar-comun-del-cicle-gaudi-al-cmc\/\" class=\"more-link\">Read More<\/a><\/p>\n","protected":false},"author":4,"featured_media":32709,"comment_status":"closed","ping_status":"closed","sticky":false,"template":"","format":"standard","meta":[],"categories":[2942,13,8],"tags":[225,393,1374,6960],"_links":{"self":[{"href":"https:\/\/bisbalpenedes.com\/web\/wp-json\/wp\/v2\/posts\/32708"}],"collection":[{"href":"https:\/\/bisbalpenedes.com\/web\/wp-json\/wp\/v2\/posts"}],"about":[{"href":"https:\/\/bisbalpenedes.com\/web\/wp-json\/wp\/v2\/types\/post"}],"author":[{"embeddable":true,"href":"https:\/\/bisbalpenedes.com\/web\/wp-json\/wp\/v2\/users\/4"}],"replies":[{"embeddable":true,"href":"https:\/\/bisbalpenedes.com\/web\/wp-json\/wp\/v2\/comments?post=32708"}],"version-history":[{"count":4,"href":"https:\/\/bisbalpenedes.com\/web\/wp-json\/wp\/v2\/posts\/32708\/revisions"}],"predecessor-version":[{"id":32714,"href":"https:\/\/bisbalpenedes.com\/web\/wp-json\/wp\/v2\/posts\/32708\/revisions\/32714"}],"wp:featuredmedia":[{"embeddable":true,"href":"https:\/\/bisbalpenedes.com\/web\/wp-json\/wp\/v2\/media\/32709"}],"wp:attachment":[{"href":"https:\/\/bisbalpenedes.com\/web\/wp-json\/wp\/v2\/media?parent=32708"}],"wp:term":[{"taxonomy":"category","embeddable":true,"href":"https:\/\/bisbalpenedes.com\/web\/wp-json\/wp\/v2\/categories?post=32708"},{"taxonomy":"post_tag","embeddable":true,"href":"https:\/\/bisbalpenedes.com\/web\/wp-json\/wp\/v2\/tags?post=32708"}],"curies":[{"name":"wp","href":"https:\/\/api.w.org\/{rel}","templated":true}]}}