{"id":32703,"date":"2025-01-20T21:53:07","date_gmt":"2025-01-20T19:53:07","guid":{"rendered":"https:\/\/bisbalpenedes.com\/web\/?p=32703"},"modified":"2025-01-20T21:53:07","modified_gmt":"2025-01-20T19:53:07","slug":"la-bisbal-del-penedes-rebra-462-36151e-del-puosc-de-la-generalitat-de-catalunya-2025-2029","status":"publish","type":"post","link":"https:\/\/bisbalpenedes.com\/web\/2025\/01\/20\/la-bisbal-del-penedes-rebra-462-36151e-del-puosc-de-la-generalitat-de-catalunya-2025-2029\/","title":{"rendered":"La Bisbal del Pened\u00e8s rebr\u00e0 462.361,51\u20ac del PUOSC de la Generalitat de Catalunya [2025-2029]"},"content":{"rendered":"\n<p>El passat divendres es va presentar, a Vilafranca, el Pla \u00danic d\u2019Obres i Serveis de Catalunya (PUOSC) 2025-2029 de la Generalitat, un programa clau per millorar les infraestructures i serveis dels municipis catalans. L\u2019acte, va comptar amb la pres\u00e8ncia de la primera tinenta d\u2019alcaldia, Judith Vidal; i del regidor Daniel Caballero.<\/p>\n\n\n\n<p>En total, es destinaran 37 milions d\u2019euros a tot el Pened\u00e8s i&nbsp; <strong>La Bisbal del Pened\u00e8s rebr\u00e0 462.361,51\u20ac<\/strong> per impulsar el desenvolupament del municipi i enfortir els serveis p\u00fablics sense incrementar la pressi\u00f3 financera de l\u2019Ajuntament. Val a dir que en la darrera edici\u00f3 d\u2019aquests ajuts (2020-2024) el nostre municipi va rebre 198.761,28\u20ac i, per tant, l\u2019ajuda que rebr\u00e0 en aquest quadrienni ser\u00e0 de m\u00e9s d\u2019un 132% en comparaci\u00f3 amb l\u2019anterior.<\/p>\n\n\n\n<p>Segons la <a rel=\"noreferrer noopener\" href=\"https:\/\/municat.gencat.cat\/ca\/ajuts-i-subvencions\/puosc\/index.html\" target=\"_blank\">Generalitat de Catalunya<\/a>, el Pla \u00danic d\u2019Obres i Serveis est\u00e0 pensat per tal de fer possible <em>\u201cimplementar les estrat\u00e8gies territorials que han de permetre als ens locals consolidar els criteris de desenvolupament que afavoreixin la generaci\u00f3 d\u2019oportunitats i la creaci\u00f3 de sinergies amb els valors i els agents de cada indret\u201d<\/em>.<\/p>\n\n\n\n<p>Ara, l\u2019Ajuntament treballar\u00e0 per concretar els projectes als quals destinar\u00e0 aquesta subvenci\u00f3. Paral\u00b7lelament, el 29 de gener es dur\u00e0 a terme una sessi\u00f3 informativa adre\u00e7ada als t\u00e8cnics municipals perqu\u00e8 puguin rebre informaci\u00f3 de primera m\u00e0, per part de la Delegaci\u00f3 del Govern del Pened\u00e8s, sobre la correcta tramitaci\u00f3 dels ajuts.<\/p>\n\n\n\n<hr class=\"wp-block-separator has-alpha-channel-opacity\"\/>\n\n\n\n<h2><strong>La Bisbal del Pened\u00e8s recibir\u00e1 462.000 \u20ac del PUOSC de la Generalitat de Catalunya [2025-2029<\/strong>]<\/h2>\n\n\n\n<p>El pasado viernes se present\u00f3, en Vilafranca, el Pla \u00danic d\u2019Obres i Serveis de Catalunya (PUOSC) 2025-2029, un programa clave para mejorar las infraestructuras y servicios de los municipios catalanes. Al acto asistieron la primera teniente de alcald\u00eda, Judith Vidal, y el concejal Daniel Caballero.<\/p>\n\n\n\n<p>En total, se destinar\u00e1n 37 millones de euros a toda la comarca del Pened\u00e8s, y <strong>La Bisbal del Pened\u00e8s recibir\u00e1 462.361,51\u20ac<\/strong> para impulsar el desarrollo del municipio y reforzar los servicios p\u00fablicos sin aumentar la presi\u00f3n financiera del Ajuntament. Cabe destacar que, en la pasada edici\u00f3n de estas ayudas (2020-2024), nuestro municipio recibi\u00f3 198.761,28 \u20ac, por lo que la subvenci\u00f3n que se recibir\u00e1 en este cuatrienio ser\u00e1 m\u00e1s de un 132% superior en comparaci\u00f3n con la anterior.<\/p>\n\n\n\n<p>Seg\u00fan la <a href=\"https:\/\/municat.gencat.cat\/ca\/ajuts-i-subvencions\/puosc\/index.html\" target=\"_blank\" rel=\"noreferrer noopener\">Generalitat de Catalunya<\/a>, el Pla \u00danic d\u2019Obres i Serveis est\u00e1 dise\u00f1ado para <em>\u201cimplementar las estrategias territoriales que deben permitir a los entes locales consolidar los criterios de desarrollo que favorezcan la generaci\u00f3n de oportunidades y la creaci\u00f3n de sinergias con los valores y los agentes de cada lugar.\u201d<\/em><\/p>\n\n\n\n<p>Ahora, el Ajuntament trabajar\u00e1 para concretar los proyectos a los que se destinar\u00e1 esta subvenci\u00f3n. Adem\u00e1s, el 29 de enero se llevar\u00e1 a cabo una sesi\u00f3n informativa dirigida a los t\u00e9cnicos municipales para que puedan recibir informaci\u00f3n de primera mano, de parte de la Delegaci\u00f3 del Govern del Pened\u00e8s, sobre la correcta tramitaci\u00f3n de las ayudas.<\/p>\n","protected":false},"excerpt":{"rendered":"<p>El passat divendres es va presentar, a Vilafranca, el Pla \u00danic d\u2019Obres i Serveis de Catalunya (PUOSC) 2025-2029 de la Generalitat, un programa clau per millorar les infraestructures i serveis &hellip; <a href=\"https:\/\/bisbalpenedes.com\/web\/2025\/01\/20\/la-bisbal-del-penedes-rebra-462-36151e-del-puosc-de-la-generalitat-de-catalunya-2025-2029\/\" class=\"more-link\">Read More<\/a><\/p>\n","protected":false},"author":4,"featured_media":32704,"comment_status":"closed","ping_status":"closed","sticky":false,"template":"","format":"standard","meta":[],"categories":[8,3944],"tags":[5607,6959,393,1374,6958],"_links":{"self":[{"href":"https:\/\/bisbalpenedes.com\/web\/wp-json\/wp\/v2\/posts\/32703"}],"collection":[{"href":"https:\/\/bisbalpenedes.com\/web\/wp-json\/wp\/v2\/posts"}],"about":[{"href":"https:\/\/bisbalpenedes.com\/web\/wp-json\/wp\/v2\/types\/post"}],"author":[{"embeddable":true,"href":"https:\/\/bisbalpenedes.com\/web\/wp-json\/wp\/v2\/users\/4"}],"replies":[{"embeddable":true,"href":"https:\/\/bisbalpenedes.com\/web\/wp-json\/wp\/v2\/comments?post=32703"}],"version-history":[{"count":3,"href":"https:\/\/bisbalpenedes.com\/web\/wp-json\/wp\/v2\/posts\/32703\/revisions"}],"predecessor-version":[{"id":32718,"href":"https:\/\/bisbalpenedes.com\/web\/wp-json\/wp\/v2\/posts\/32703\/revisions\/32718"}],"wp:featuredmedia":[{"embeddable":true,"href":"https:\/\/bisbalpenedes.com\/web\/wp-json\/wp\/v2\/media\/32704"}],"wp:attachment":[{"href":"https:\/\/bisbalpenedes.com\/web\/wp-json\/wp\/v2\/media?parent=32703"}],"wp:term":[{"taxonomy":"category","embeddable":true,"href":"https:\/\/bisbalpenedes.com\/web\/wp-json\/wp\/v2\/categories?post=32703"},{"taxonomy":"post_tag","embeddable":true,"href":"https:\/\/bisbalpenedes.com\/web\/wp-json\/wp\/v2\/tags?post=32703"}],"curies":[{"name":"wp","href":"https:\/\/api.w.org\/{rel}","templated":true}]}}