{"id":32693,"date":"2025-01-20T11:35:09","date_gmt":"2025-01-20T09:35:09","guid":{"rendered":"https:\/\/bisbalpenedes.com\/web\/?p=32693"},"modified":"2025-01-20T11:36:39","modified_gmt":"2025-01-20T09:36:39","slug":"comunicat-de-lequip-de-govern-es-millora-el-projecte-del-parc-empresarial-de-les-planes-del-vent","status":"publish","type":"post","link":"https:\/\/bisbalpenedes.com\/web\/2025\/01\/20\/comunicat-de-lequip-de-govern-es-millora-el-projecte-del-parc-empresarial-de-les-planes-del-vent\/","title":{"rendered":"COMUNICAT DE L\u2019EQUIP DE GOVERN: Es millora el projecte del parc empresarial de Les Planes del Vent"},"content":{"rendered":"\n<figure class=\"wp-block-image size-large\"><img loading=\"lazy\" width=\"1024\" height=\"733\" src=\"https:\/\/bisbalpenedes.com\/web\/wp-content\/uploads\/2025\/01\/250120-IMATGE-LES-PLANES-1024x733.jpg\" alt=\"\" class=\"wp-image-32696\" srcset=\"https:\/\/bisbalpenedes.com\/web\/wp-content\/uploads\/2025\/01\/250120-IMATGE-LES-PLANES-1024x733.jpg 1024w, https:\/\/bisbalpenedes.com\/web\/wp-content\/uploads\/2025\/01\/250120-IMATGE-LES-PLANES-300x215.jpg 300w, https:\/\/bisbalpenedes.com\/web\/wp-content\/uploads\/2025\/01\/250120-IMATGE-LES-PLANES-768x550.jpg 768w, https:\/\/bisbalpenedes.com\/web\/wp-content\/uploads\/2025\/01\/250120-IMATGE-LES-PLANES-1536x1100.jpg 1536w, https:\/\/bisbalpenedes.com\/web\/wp-content\/uploads\/2025\/01\/250120-IMATGE-LES-PLANES-2048x1466.jpg 2048w, https:\/\/bisbalpenedes.com\/web\/wp-content\/uploads\/2025\/01\/250120-IMATGE-LES-PLANES-600x430.jpg 600w\" sizes=\"(max-width: 1024px) 100vw, 1024px\" \/><\/figure>\n\n\n\n<p>El novembre del 2023, una empresa privada va fer arribar a l\u2019Ajuntament de la Bisbal del Pened\u00e8s, mitjan\u00e7ant el registre d\u2019entrada, una nova proposta de zona industrial: un parc empresarial de 48 hect\u00e0rees.<\/p>\n\n\n\n<p>L\u2019equip de govern va enviar aquesta proposta a la Oficina T\u00e8cnica d\u2019Acci\u00f3 i Avaluaci\u00f3 Ambiental de la Generalitat de Catalunya, que va enviar la proposta als departaments de la Generalitat per tal que informessin.<\/p>\n\n\n\n<p>Rebuts els diferents informes, l\u2019Ajuntament de La Bisbal del Pened\u00e8s va enviar-los a l\u2019empresa promotora per tal que adeq\u00fc\u00e9s el projecte a les propostes rebudes.<\/p>\n\n\n\n<p>El dilluns 20 de gener, l\u2019empresa privada promotora del projecte de parc empresarial Les Planes del Vent ha entrat, al registre de&nbsp; l\u2019Ajuntament de La Bisbal del Pened\u00e8s, una proposta millorada del projecte.<\/p>\n\n\n\n<p><strong><u>Qu\u00e8 es millora amb aquesta proposta<\/u><\/strong><\/p>\n\n\n\n<ul><li>S\u2019introdueix una zona de protecci\u00f3 agr\u00e0ria, de 22 hect\u00e0rees, de zona de protecci\u00f3 agr\u00e0ria entre el nucli urb\u00e0 i la zona empresarial<\/li><li>S\u2019acosten al nucli els espais per a la ciutadania<\/li><li>S\u2019actualitzen les dimensions del projecte<\/li><\/ul>\n\n\n\n<p><strong><u>Com queden les dimensions de la nova proposta:<\/u><\/strong><\/p>\n\n\n\n<ul><li>Zona empresarial: 48 ha<\/li><li>Zona agr\u00e0ria protegida: 22 ha<\/li><li>Espais per a la ciutadania, equipaments: 6,4 ha<\/li><li>Zona empresarial i de serveis: 3,8 ha<\/li><\/ul>\n\n\n\n<p>Des de l\u2019equip de govern treballarem perqu\u00e8 el desenvolupament de les Planes del Vent sigui coherent amb el territori on s\u2019implanta i amb el teixit urb\u00e0 existent, promovent l&#8217;\u00fas eficient de l&#8217;espai, evitant la dispersi\u00f3 i fomentant una concentraci\u00f3 d&#8217;activitats econ\u00f2miques que contribueixi al desenvolupament urban\u00edstic sostenible i a la utilitzaci\u00f3 racional del territori, en continu\u00eftat amb els teixits urbans actuals i estructurats a partir dels espais lliures i els equipaments. El projecte de les Planes del Vent ha de preservar i potenciar els valors ambientals i paisatg\u00edstics, i la promoci\u00f3 d\u2019alternatives de transport sostenibles com el transport p\u00fablic, el transport col\u00b7lectiu d\u2019empreses i fomentar els despla\u00e7aments a peu i en bicicleta, aix\u00ed com la millora de les infraestructures pels vehicles el\u00e8ctrics i altres mitjans de transport ecol\u00f2gics.<\/p>\n\n\n\n<p>Quan sigui el moment, s\u2019engegar\u00e0 un proc\u00e9s participatiu perqu\u00e8 els bisbalencs i les bisbalenques decideixin qu\u00e8 s\u2019hi fa a la zona d\u2019equipaments: un parc, un jard\u00ed, una zona esportiva, una zona d\u2019oci\u2026, tenint en compte que aquests espais per a la ciutadania seran m\u00e9s propers al nucli. A m\u00e9s, des de l\u2019equip de govern promourem la creaci\u00f3 d\u2019un centre de formaci\u00f3 professional dual i de formaci\u00f3 ocupacional dins la zona d\u2019espais per la ciutadania.<\/p>\n\n\n\n<p>El proper pas ser\u00e0 redactar els informes t\u00e8cnics corresponents i sotmetre l\u2019aprovaci\u00f3 inicial de la modificaci\u00f3 puntual de les Normes Subsidi\u00e0ries de Planejament, al Ple del consistori.<\/p>\n\n\n\n<p class=\"has-text-align-right\">Equip de govern de l\u2019Ajuntament de la Bisbal del Pened\u00e8s<\/p>\n\n\n\n<p class=\"has-text-align-right\">La Bisbal del Pened\u00e8s, 20 de gener de 2025<\/p>\n\n\n\n<hr class=\"wp-block-separator has-alpha-channel-opacity\"\/>\n\n\n\n<h2><strong>COMUNICADO DEL EQUIPO DE GOBIERNO<\/strong><\/h2>\n\n\n\n<h2><strong>Se mejora el proyecto del parque empresarial de Les Planes del Vent<\/strong><\/h2>\n\n\n\n<p>En noviembre de 2023, una empresa privada hizo llegar al Ajuntament de la Bisbal del Pened\u00e8s, mediante el registro de entrada, una nueva propuesta de zona industrial: un parque empresarial de 48 hect\u00e1reas.<\/p>\n\n\n\n<p>El equipo de gobierno envi\u00f3 esta propuesta a la Oficina T\u00e8cnica d&#8217;Acci\u00f3 i Avaluaci\u00f3 Ambiental de la Generalitat de Catalunya, que envi\u00f3 la propuesta a los departamentos de la Generalitat para que informaran.<\/p>\n\n\n\n<p>Recibidos los diferentes informes, el Ajuntament de la Bisbal del Pened\u00e8s los envi\u00f3 a la empresa promotora para que adecuara el proyecto a las propuestas recibidas.<\/p>\n\n\n\n<p>El lunes 20 de enero, la empresa privada promotora del proyecto de parque empresarial Les Planes del Vent ha presentado, en el registro del Ajuntament de la Bisbal del Pened\u00e8s, una propuesta mejorada del proyecto.<\/p>\n\n\n\n<p><strong><u>Qu\u00e9 se mejora con esta propuesta<\/u><\/strong><\/p>\n\n\n\n<ul><li>Se introduce una zona de protecci\u00f3n agraria, de 22 hect\u00e1reas, de zona de protecci\u00f3n agraria entre el n\u00facleo urbano y la zona empresarial<\/li><li>Se acercan al n\u00facleo los espacios para la ciudadan\u00eda<\/li><li>Se actualizan las dimensiones del proyecto<\/li><\/ul>\n\n\n\n<p><strong><u>C\u00f3mo quedan las dimensiones de la nueva propuesta:<\/u><\/strong><\/p>\n\n\n\n<ul><li>Zona empresarial: 48 ha<\/li><li>Zona agraria protegida: 22 ha<\/li><li>Espacios para la ciudadan\u00eda, equipamientos: 6,4 ha<\/li><li>Zona empresarial y de servicios: 3,8 ha<\/li><\/ul>\n\n\n\n<p>Desde el equipo de gobierno trabajaremos para que el desarrollo de Les Planes del Vent sea coherente con el territorio donde se implanta y con el tejido urbano existente, promoviendo el uso eficiente del espacio, evitando la dispersi\u00f3n y fomentando una concentraci\u00f3n de actividades econ\u00f3micas que contribuya al desarrollo urban\u00edstico sostenible y a la utilizaci\u00f3n racional del territorio, en continuidad con los tejidos urbanos actuales y estructurados a partir de los espacios libres y los equipamientos. El proyecto de Les Planes del Vent debe preservar y potenciar los valores ambientales y paisaj\u00edsticos, y la promoci\u00f3n de alternativas de transporte sostenibles como el transporte p\u00fablico, el transporte colectivo de empresas y fomentar los desplazamientos a pie y en bicicleta, as\u00ed como la mejora de las infraestructuras para los veh\u00edculos el\u00e9ctricos y otros medios de transporte ecol\u00f3gicos.<\/p>\n\n\n\n<p>Cuando sea el momento, se iniciar\u00e1 un proceso participativo para que los bisbalencs y las bisbalenques decidan qu\u00e9 se hace en la zona de equipamientos: un parque, un jard\u00edn, una zona deportiva, una zona de ocio\u2026, teniendo en cuenta que estos espacios para la ciudadan\u00eda ser\u00e1n m\u00e1s cercanos al n\u00facleo. Adem\u00e1s, desde el equipo de gobierno promoveremos la creaci\u00f3n de un centro de formaci\u00f3n profesional dual y de formaci\u00f3n ocupacional dentro de la zona de espacios para la ciudadan\u00eda.<\/p>\n\n\n\n<p>El pr\u00f3ximo paso ser\u00e1 redactar los informes t\u00e9cnicos correspondientes y someter la aprobaci\u00f3n inicial de la modificaci\u00f3n puntual de las Normas Subsidiarias de Planeamiento, en el Pleno del consistorio.<\/p>\n\n\n\n<p class=\"has-text-align-right\">Equipo de gobierno del Ajuntament de la Bisbal del Pened\u00e8s<\/p>\n\n\n\n<p class=\"has-text-align-right\">La Bisbal del Pened\u00e8s, 20 de enero de 2025<\/p>\n","protected":false},"excerpt":{"rendered":"<p>El novembre del 2023, una empresa privada va fer arribar a l\u2019Ajuntament de la Bisbal del Pened\u00e8s, mitjan\u00e7ant el registre d\u2019entrada, una nova proposta de zona industrial: un parc empresarial &hellip; <a href=\"https:\/\/bisbalpenedes.com\/web\/2025\/01\/20\/comunicat-de-lequip-de-govern-es-millora-el-projecte-del-parc-empresarial-de-les-planes-del-vent\/\" class=\"more-link\">Read More<\/a><\/p>\n","protected":false},"author":4,"featured_media":32695,"comment_status":"closed","ping_status":"closed","sticky":false,"template":"","format":"standard","meta":[],"categories":[2377,8],"tags":[],"_links":{"self":[{"href":"https:\/\/bisbalpenedes.com\/web\/wp-json\/wp\/v2\/posts\/32693"}],"collection":[{"href":"https:\/\/bisbalpenedes.com\/web\/wp-json\/wp\/v2\/posts"}],"about":[{"href":"https:\/\/bisbalpenedes.com\/web\/wp-json\/wp\/v2\/types\/post"}],"author":[{"embeddable":true,"href":"https:\/\/bisbalpenedes.com\/web\/wp-json\/wp\/v2\/users\/4"}],"replies":[{"embeddable":true,"href":"https:\/\/bisbalpenedes.com\/web\/wp-json\/wp\/v2\/comments?post=32693"}],"version-history":[{"count":4,"href":"https:\/\/bisbalpenedes.com\/web\/wp-json\/wp\/v2\/posts\/32693\/revisions"}],"predecessor-version":[{"id":32699,"href":"https:\/\/bisbalpenedes.com\/web\/wp-json\/wp\/v2\/posts\/32693\/revisions\/32699"}],"wp:featuredmedia":[{"embeddable":true,"href":"https:\/\/bisbalpenedes.com\/web\/wp-json\/wp\/v2\/media\/32695"}],"wp:attachment":[{"href":"https:\/\/bisbalpenedes.com\/web\/wp-json\/wp\/v2\/media?parent=32693"}],"wp:term":[{"taxonomy":"category","embeddable":true,"href":"https:\/\/bisbalpenedes.com\/web\/wp-json\/wp\/v2\/categories?post=32693"},{"taxonomy":"post_tag","embeddable":true,"href":"https:\/\/bisbalpenedes.com\/web\/wp-json\/wp\/v2\/tags?post=32693"}],"curies":[{"name":"wp","href":"https:\/\/api.w.org\/{rel}","templated":true}]}}