{"id":32686,"date":"2025-01-16T11:46:52","date_gmt":"2025-01-16T09:46:52","guid":{"rendered":"https:\/\/bisbalpenedes.com\/web\/?p=32686"},"modified":"2025-01-16T11:46:52","modified_gmt":"2025-01-16T09:46:52","slug":"comunicat-dalcaldia-sobre-les-declaracions-de-la-bisbal-decideix","status":"publish","type":"post","link":"https:\/\/bisbalpenedes.com\/web\/2025\/01\/16\/comunicat-dalcaldia-sobre-les-declaracions-de-la-bisbal-decideix\/","title":{"rendered":"Comunicat d\u2019alcaldia sobre les declaracions de La Bisbal Decideix"},"content":{"rendered":"\n<p>Aquests dies els regidors de La Bisbal Decideix, han fet greus acusacions a l\u2019alcaldessa i tot l\u2019equip de govern de \u00abboicotejar la consulta popular\u00bb amb un contracte d\u2019assessorament en comunicaci\u00f3.<\/p>\n\n\n\n<p>Aquesta acusaci\u00f3 \u00e9s totalment falsa:<\/p>\n\n\n\n<ul><li>Es va contractar l\u2019empresa ECO per assessorament i suport en la comunicaci\u00f3 del Pla de mandat de l\u2019equip de govern. Un contracte d\u2019un any que acaba en les properes setmanes i que ha servit per crear una marca del Pla de Mandat, v\u00eddeos i assessorament en la comunicaci\u00f3 d\u2019aquest Pla de mandat<\/li><\/ul>\n\n\n\n<ul><li>En tot el procediment de la consulta, l\u2019equip de govern va sol\u00b7licitar suport t\u00e8cnic a la Generalitat i suport d\u2019assessorament en la comunicaci\u00f3 a l\u2019empresa ECO. El suport, tant a la Generalitat com a l\u2019empresa de comunicaci\u00f3, va ser per una bona organitzaci\u00f3, funcionament i comunicaci\u00f3 del proc\u00e9s de la consulta, com es va poder comprovar el 2024<\/li><\/ul>\n\n\n\n<ul><li>El grup a l&#8217;oposici\u00f3, La Bisbal Decideix, no ha descobert res sin\u00f3 que se li va donar acc\u00e9s, amb total transpar\u00e8ncia, a tots els documents que van sol\u00b7licitar<\/li><\/ul>\n\n\n\n<p>Recordo als regidors de La Bisbal Decideix que tenim i tenen un Codi \u00e8tic de conducta dels alts c\u00e0rrecs electes on, entre d\u2019altres, s\u2019ha de complir:&nbsp;<em>\u201cExercir les funcions encomanades amb objectivitat i veracitat. No difondre falsedats ni utilitzar-se com a fonament de la pr\u00f2pia actuaci\u00f3\u201d.<\/em><\/p>\n\n\n\n<p class=\"has-text-align-right\">Agn\u00e8s Ferr\u00e9 i Ca\u00f1ellas<\/p>\n\n\n\n<p class=\"has-text-align-right\">La Bisbal del Pened\u00e8s, 16 de gener de 2025<\/p>\n\n\n\n<hr class=\"wp-block-separator has-alpha-channel-opacity\"\/>\n\n\n\n<p><strong>Comunicado de alcald\u00eda sobre las declaraciones de La Bisbal Decideix<\/strong><\/p>\n\n\n\n<p>Estos d\u00edas los concejales de La Bisbal Decideix han hecho graves acusaciones hacia la alcaldesa y todo el equipo de gobierno de &#8220;boicotear la consulta popular&#8221; con un contrato de asesoramiento en comunicaci\u00f3n.<\/p>\n\n\n\n<p>Esta acusaci\u00f3n es totalmente falsa:<\/p>\n\n\n\n<ul><li>Se contrat\u00f3 a la empresa ECO para asesoramiento y apoyo en la comunicaci\u00f3n del Plan de mandato del equipo de gobierno. Un contrato de un a\u00f1o que termina en las pr\u00f3ximas semanas y que ha servido para crear una marca del Plan de Mandato, v\u00eddeos y asesoramiento en la comunicaci\u00f3n de este Plan de mandato<\/li><\/ul>\n\n\n\n<ul><li>En todo el procedimiento de la consulta, el equipo de gobierno solicit\u00f3 apoyo t\u00e9cnico a la Generalitat y apoyo de asesoramiento en la comunicaci\u00f3n a la empresa ECO. El apoyo, tanto a la Generalitat como a la empresa de comunicaci\u00f3n, fue para una buena organizaci\u00f3n, funcionamiento y comunicaci\u00f3n del proceso de la consulta, como se pudo comprobar en 2024<\/li><\/ul>\n\n\n\n<ul><li>El grupo en la oposici\u00f3n, La Bisbal Decideix, no ha descubierto nada sino que se le dio acceso, con total transparencia, a todos los documentos que solicitaron<\/li><\/ul>\n\n\n\n<p>Recuerdo a los concejales de La Bisbal Decideix que tenemos y tienen un C\u00f3digo \u00e9tico de conducta de los altos cargos electos donde, entre otros, se debe cumplir:&nbsp;<em>&#8220;Ejercer las funciones encomendadas con objetividad y veracidad. No difundir falsedades ni utilizarlas como fundamento de la propia actuaci\u00f3n&#8221;.<\/em><\/p>\n\n\n\n<p class=\"has-text-align-right\">Agn\u00e8s Ferr\u00e9 i Ca\u00f1ellas<\/p>\n\n\n\n<p class=\"has-text-align-right\">La Bisbal del Pened\u00e8s, 16 de enero de 2025<\/p>\n","protected":false},"excerpt":{"rendered":"<p>Aquests dies els regidors de La Bisbal Decideix, han fet greus acusacions a l\u2019alcaldessa i tot l\u2019equip de govern de \u00abboicotejar la consulta popular\u00bb amb un contracte d\u2019assessorament en comunicaci\u00f3. &hellip; <a href=\"https:\/\/bisbalpenedes.com\/web\/2025\/01\/16\/comunicat-dalcaldia-sobre-les-declaracions-de-la-bisbal-decideix\/\" class=\"more-link\">Read More<\/a><\/p>\n","protected":false},"author":4,"featured_media":32687,"comment_status":"closed","ping_status":"closed","sticky":false,"template":"","format":"standard","meta":[],"categories":[2057,8],"tags":[1151,459,1237,3096,6610,393],"_links":{"self":[{"href":"https:\/\/bisbalpenedes.com\/web\/wp-json\/wp\/v2\/posts\/32686"}],"collection":[{"href":"https:\/\/bisbalpenedes.com\/web\/wp-json\/wp\/v2\/posts"}],"about":[{"href":"https:\/\/bisbalpenedes.com\/web\/wp-json\/wp\/v2\/types\/post"}],"author":[{"embeddable":true,"href":"https:\/\/bisbalpenedes.com\/web\/wp-json\/wp\/v2\/users\/4"}],"replies":[{"embeddable":true,"href":"https:\/\/bisbalpenedes.com\/web\/wp-json\/wp\/v2\/comments?post=32686"}],"version-history":[{"count":1,"href":"https:\/\/bisbalpenedes.com\/web\/wp-json\/wp\/v2\/posts\/32686\/revisions"}],"predecessor-version":[{"id":32688,"href":"https:\/\/bisbalpenedes.com\/web\/wp-json\/wp\/v2\/posts\/32686\/revisions\/32688"}],"wp:featuredmedia":[{"embeddable":true,"href":"https:\/\/bisbalpenedes.com\/web\/wp-json\/wp\/v2\/media\/32687"}],"wp:attachment":[{"href":"https:\/\/bisbalpenedes.com\/web\/wp-json\/wp\/v2\/media?parent=32686"}],"wp:term":[{"taxonomy":"category","embeddable":true,"href":"https:\/\/bisbalpenedes.com\/web\/wp-json\/wp\/v2\/categories?post=32686"},{"taxonomy":"post_tag","embeddable":true,"href":"https:\/\/bisbalpenedes.com\/web\/wp-json\/wp\/v2\/tags?post=32686"}],"curies":[{"name":"wp","href":"https:\/\/api.w.org\/{rel}","templated":true}]}}