{"id":32681,"date":"2025-01-14T19:52:48","date_gmt":"2025-01-14T17:52:48","guid":{"rendered":"https:\/\/bisbalpenedes.com\/web\/?p=32681"},"modified":"2025-01-14T19:52:48","modified_gmt":"2025-01-14T17:52:48","slug":"el-proxim-divendres-17-de-gener-se-celebrara-un-ple-extraordinari-a-lajuntament-de-la-bisbal-del-penedes","status":"publish","type":"post","link":"https:\/\/bisbalpenedes.com\/web\/2025\/01\/14\/el-proxim-divendres-17-de-gener-se-celebrara-un-ple-extraordinari-a-lajuntament-de-la-bisbal-del-penedes\/","title":{"rendered":"El pr\u00f2xim divendres 17 de gener se celebrar\u00e0 un Ple extraordinari a l&#8217;Ajuntament de la Bisbal del Pened\u00e8s"},"content":{"rendered":"\n<p>El pr\u00f2xim divendres 17 de gener, a les 9h, se celebrar\u00e0 un Ple extraordinari a l&#8217;Ajuntament de la Bisbal del Pened\u00e8s amb un \u00fanic punt a l&#8217;ordre del dia:<\/p>\n\n\n\n<p>-Aprovaci\u00f3 i pagament de factures del 2024<\/p>\n\n\n\n<hr class=\"wp-block-separator has-alpha-channel-opacity\"\/>\n\n\n\n<p>El pr\u00f3ximo viernes 17 de enero, a las 9h, se celebrar\u00e1 un Pleno extraordinario en el Ajuntament de la Bisbal del Pened\u00e8s con un \u00fanico punto en el orden del d\u00eda:<\/p>\n\n\n\n<p>-Aprobaci\u00f3n y pago de facturas del 2024<\/p>\n","protected":false},"excerpt":{"rendered":"<p>El pr\u00f2xim divendres 17 de gener, a les 9h, se celebrar\u00e0 un Ple extraordinari a l&#8217;Ajuntament de la Bisbal del Pened\u00e8s amb un \u00fanic punt a l&#8217;ordre del dia: -Aprovaci\u00f3 &hellip; <a href=\"https:\/\/bisbalpenedes.com\/web\/2025\/01\/14\/el-proxim-divendres-17-de-gener-se-celebrara-un-ple-extraordinari-a-lajuntament-de-la-bisbal-del-penedes\/\" class=\"more-link\">Read More<\/a><\/p>\n","protected":false},"author":4,"featured_media":20647,"comment_status":"closed","ping_status":"closed","sticky":false,"template":"","format":"standard","meta":[],"categories":[8,2251,2250],"tags":[459,393,1374,423],"_links":{"self":[{"href":"https:\/\/bisbalpenedes.com\/web\/wp-json\/wp\/v2\/posts\/32681"}],"collection":[{"href":"https:\/\/bisbalpenedes.com\/web\/wp-json\/wp\/v2\/posts"}],"about":[{"href":"https:\/\/bisbalpenedes.com\/web\/wp-json\/wp\/v2\/types\/post"}],"author":[{"embeddable":true,"href":"https:\/\/bisbalpenedes.com\/web\/wp-json\/wp\/v2\/users\/4"}],"replies":[{"embeddable":true,"href":"https:\/\/bisbalpenedes.com\/web\/wp-json\/wp\/v2\/comments?post=32681"}],"version-history":[{"count":1,"href":"https:\/\/bisbalpenedes.com\/web\/wp-json\/wp\/v2\/posts\/32681\/revisions"}],"predecessor-version":[{"id":32682,"href":"https:\/\/bisbalpenedes.com\/web\/wp-json\/wp\/v2\/posts\/32681\/revisions\/32682"}],"wp:featuredmedia":[{"embeddable":true,"href":"https:\/\/bisbalpenedes.com\/web\/wp-json\/wp\/v2\/media\/20647"}],"wp:attachment":[{"href":"https:\/\/bisbalpenedes.com\/web\/wp-json\/wp\/v2\/media?parent=32681"}],"wp:term":[{"taxonomy":"category","embeddable":true,"href":"https:\/\/bisbalpenedes.com\/web\/wp-json\/wp\/v2\/categories?post=32681"},{"taxonomy":"post_tag","embeddable":true,"href":"https:\/\/bisbalpenedes.com\/web\/wp-json\/wp\/v2\/tags?post=32681"}],"curies":[{"name":"wp","href":"https:\/\/api.w.org\/{rel}","templated":true}]}}