{"id":32645,"date":"2025-01-02T13:51:20","date_gmt":"2025-01-02T11:51:20","guid":{"rendered":"https:\/\/bisbalpenedes.com\/web\/?p=32645"},"modified":"2025-01-02T13:51:20","modified_gmt":"2025-01-02T11:51:20","slug":"important-millora-en-la-xarxa-dabastament-daigua-de-lesplai-el-priorat-i-el-nucli","status":"publish","type":"post","link":"https:\/\/bisbalpenedes.com\/web\/2025\/01\/02\/important-millora-en-la-xarxa-dabastament-daigua-de-lesplai-el-priorat-i-el-nucli\/","title":{"rendered":"<strong>Important millora en la xarxa d&#8217;abastament d&#8217;aigua de l\u2019Esplai, el Priorat i el nucli<\/strong>"},"content":{"rendered":"\n<p>L&#8217;Ajuntament ha aprovat inicialment un projecte per renovar parcialment la xarxa d&#8217;abastament d&#8217;aigua en tres zones del municipi: l&#8217;Esplai, el Priorat i el nucli urb\u00e0. Aquesta iniciativa, que s&#8217;emmarca dins del pla municipal per reduir p\u00e8rdues d&#8217;aigua, representa una inversi\u00f3 total de 782.754,13\u20ac (IVA incl\u00f2s).<\/p>\n\n\n\n<p>El projecte, aprovat per la Junta de Govern el passat 23 de desembre, contempla actuacions espec\u00edfiques en diversos carrers:<\/p>\n\n\n\n<p>Al nucli urb\u00e0:<\/p>\n\n\n\n<p>&#8211; Avinguda Baix Pened\u00e8s<\/p>\n\n\n\n<p>&#8211; Carrer de la Font<\/p>\n\n\n\n<p>Al barri del Priorat:<\/p>\n\n\n\n<p>&#8211; Carrers C\u00f2rdova, Sevilla, Granada, Almeria i Huelva<\/p>\n\n\n\n<p>Al barri de l&#8217;Esplai:<\/p>\n\n\n\n<p>&#8211; Avinguda de l&#8217;Esplai<\/p>\n\n\n\n<p>&#8211; Carrers Salvador Dal\u00ed, Antoni Tapies, Joaquim Sunyer i Xavier Nogu\u00e9s<\/p>\n\n\n\n<p>Per fer possible aquesta important actuaci\u00f3, l&#8217;Ajuntament ha aconseguit dos ajuts significatius: una subvenci\u00f3 de 300.000\u20ac de l&#8217;Ag\u00e8ncia Catalana de l&#8217;Aigua (ACA) i una altra de 400.000\u20ac de la Diputaci\u00f3 de Tarragona, mitjan\u00e7ant el Pla Impuls DIPTA.<\/p>\n\n\n\n<p>El projecte es troba actualment en per\u00edode d&#8217;exposici\u00f3 p\u00fablica fins al 12 de febrer, i es pot consultar al <a href=\"mailto:https:\/\/www.diputaciodetarragona.cat\/ebop\/index.php?op=anunci&amp;id=12391&amp;ebop_any=2024\">Butllet\u00ed Oficial de la Prov\u00edncia de Tarragona<\/a>. Una vegada s&#8217;aprovi definitivament, es procedir\u00e0 a la licitaci\u00f3 de les obres.<\/p>\n\n\n\n<p>Aquesta actuaci\u00f3 representa un pas endavant significatiu en la modernitzaci\u00f3 de les infraestructures municipals i en la gesti\u00f3 eficient dels recursos h\u00eddrics del nostre municipi.<\/p>\n\n\n\n<hr class=\"wp-block-separator has-alpha-channel-opacity\"\/>\n\n\n\n<p><strong>Importante mejora en la red de abastecimiento de agua del Esplai, el Priorat y el n\u00facleo<\/strong><\/p>\n\n\n\n<p>El Ajuntament ha aprobado inicialmente un proyecto para renovar parcialmente la red de abastecimiento de agua en tres zonas del municipio: el Esplai, el Priorat y el n\u00facleo urbano. Esta iniciativa, que se enmarca en el plan municipal para reducir p\u00e9rdidas de agua, representa una inversi\u00f3n total de 782.754,13\u20ac (IVA incluido).<\/p>\n\n\n\n<p>El proyecto, aprobado por la Junta de Gobierno el pasado 23 de diciembre, contempla actuaciones espec\u00edficas en varias calles:<\/p>\n\n\n\n<p>En el n\u00facleo urbano:<\/p>\n\n\n\n<p>&#8211; Avenida Baix Pened\u00e8s<\/p>\n\n\n\n<p>&#8211; Calle de la Font<\/p>\n\n\n\n<p>En el barrio del Priorat:<\/p>\n\n\n\n<p>&#8211; Calles C\u00f3rdoba, Sevilla, Granada, Almer\u00eda y Huelva<\/p>\n\n\n\n<p>En el barrio de l&#8217;Esplai:<\/p>\n\n\n\n<p>&#8211; Avenida de l&#8217;Esplai<\/p>\n\n\n\n<p>&#8211; Calles Salvador Dal\u00ed, Antoni Tapies, Joaquim Sunyer y Xavier Nogu\u00e9s<\/p>\n\n\n\n<p>Para hacer posible esta importante actuaci\u00f3n, el Ajuntament ha conseguido dos ayudas significativas: una subvenci\u00f3n de 300.000\u20ac de la Ag\u00e8ncia Catalana de l\u2019Aigua (ACA) y otra de 400.000\u20ac de la Diputaci\u00f3n de Tarragona, mediante el Pla Impuls DIPTA.<\/p>\n\n\n\n<p>El proyecto se encuentra actualmente en per\u00edodo de exposici\u00f3n p\u00fablica hasta el 12 de febrero, y se puede consultar en el <a href=\"mailto:https:\/\/www.diputaciodetarragona.cat\/ebop\/index.php?op=anunci&amp;id=12391&amp;ebop_any=2024\">Bolet\u00edn Oficial de la Provincia de Tarragona<\/a>. Una vez se apruebe definitivamente, se proceder\u00e1 a la licitaci\u00f3n de las obras.<\/p>\n\n\n\n<p>Esta actuaci\u00f3n representa un paso adelante significativo en la modernizaci\u00f3n de las infraestructuras municipales y en la gesti\u00f3n eficiente de los recursos h\u00eddricos de nuestro municipio.<\/p>\n","protected":false},"excerpt":{"rendered":"<p>L&#8217;Ajuntament ha aprovat inicialment un projecte per renovar parcialment la xarxa d&#8217;abastament d&#8217;aigua en tres zones del municipi: l&#8217;Esplai, el Priorat i el nucli urb\u00e0. Aquesta iniciativa, que s&#8217;emmarca dins &hellip; <a href=\"https:\/\/bisbalpenedes.com\/web\/2025\/01\/02\/important-millora-en-la-xarxa-dabastament-daigua-de-lesplai-el-priorat-i-el-nucli\/\" class=\"more-link\">Read More<\/a><\/p>\n","protected":false},"author":4,"featured_media":32646,"comment_status":"closed","ping_status":"closed","sticky":false,"template":"","format":"standard","meta":[],"categories":[8,3352],"tags":[459,393,574,790,1374,4005,6953],"_links":{"self":[{"href":"https:\/\/bisbalpenedes.com\/web\/wp-json\/wp\/v2\/posts\/32645"}],"collection":[{"href":"https:\/\/bisbalpenedes.com\/web\/wp-json\/wp\/v2\/posts"}],"about":[{"href":"https:\/\/bisbalpenedes.com\/web\/wp-json\/wp\/v2\/types\/post"}],"author":[{"embeddable":true,"href":"https:\/\/bisbalpenedes.com\/web\/wp-json\/wp\/v2\/users\/4"}],"replies":[{"embeddable":true,"href":"https:\/\/bisbalpenedes.com\/web\/wp-json\/wp\/v2\/comments?post=32645"}],"version-history":[{"count":1,"href":"https:\/\/bisbalpenedes.com\/web\/wp-json\/wp\/v2\/posts\/32645\/revisions"}],"predecessor-version":[{"id":32647,"href":"https:\/\/bisbalpenedes.com\/web\/wp-json\/wp\/v2\/posts\/32645\/revisions\/32647"}],"wp:featuredmedia":[{"embeddable":true,"href":"https:\/\/bisbalpenedes.com\/web\/wp-json\/wp\/v2\/media\/32646"}],"wp:attachment":[{"href":"https:\/\/bisbalpenedes.com\/web\/wp-json\/wp\/v2\/media?parent=32645"}],"wp:term":[{"taxonomy":"category","embeddable":true,"href":"https:\/\/bisbalpenedes.com\/web\/wp-json\/wp\/v2\/categories?post=32645"},{"taxonomy":"post_tag","embeddable":true,"href":"https:\/\/bisbalpenedes.com\/web\/wp-json\/wp\/v2\/tags?post=32645"}],"curies":[{"name":"wp","href":"https:\/\/api.w.org\/{rel}","templated":true}]}}