{"id":32639,"date":"2024-12-31T12:07:54","date_gmt":"2024-12-31T10:07:54","guid":{"rendered":"https:\/\/bisbalpenedes.com\/web\/?p=32639"},"modified":"2025-01-02T20:49:09","modified_gmt":"2025-01-02T18:49:09","slug":"arribada-de-ssmm-els-reis-dorient","status":"publish","type":"post","link":"https:\/\/bisbalpenedes.com\/web\/2024\/12\/31\/arribada-de-ssmm-els-reis-dorient\/","title":{"rendered":"Arribada de SSMM els Reis d&#8217;Orient"},"content":{"rendered":"\n<p>Els Reis d&#8217;Orient arribaran a la Bisbal del Pened\u00e8s el 5 de gener!<\/p>\n\n\n\n<p>\ud83d\udd70\ufe0fHorari de visites als locals socials:<br>\ud83c\udf6c17:00h: Local Social del Priorat<br>\ud83c\udf6c17:30h: Local Social de Can Gordei<br>\ud83c\udf6c18:30h: Local Social de La Miralba<\/p>\n\n\n\n<p>\u2728La Gran Cavalcada comen\u00e7ar\u00e0 a les 19:15h a l&#8217;avda. Generalitat amb la Banda de Cornetes i Tambors, com es tradici\u00f3!\ud83e\udd41\ud83c\udfba<\/p>\n\n\n\n<p>\ud83c\udf81Enc\u00e0rrecs reials:<br>\ud83d\udccd La Societat: 4 gener de 10 a 14h i de 17 a 20h i 5 gener de 10 a 13h<br>\ud83d\udccd Priorat: Tardes de 17 a 19h<br>\ud83d\udccd Can Gordei: 5 gener de 12 a 13h<br>\ud83d\udccd La Miralba: Contacteu amb l&#8217;associaci\u00f3 de ve\u00efns<\/p>\n\n\n\n<hr class=\"wp-block-separator has-alpha-channel-opacity\"\/>\n\n\n\n<p>\u00a1Los Reyes Magos llegar\u00e1n a La Bisbal del Pened\u00e8s el 5 de enero!<\/p>\n\n\n\n<p>\ud83d\udd70\ufe0fHorario de visitas:<br>\ud83c\udf6c17:00h: Local Social del Priorat<br>\ud83c\udf6c17:30h: Local Social de Can Gordei<br>\ud83c\udf6c18:30h: Local Social de La Miralba<\/p>\n\n\n\n<p>\u2728\u00a1La Gran Cabalgata empezar\u00e1 a las 19:15h en la avda. Generalitat con la Banda de Cornetas y Tambores, como es tradici\u00f3n! \ud83e\udd41\ud83c\udfba<\/p>\n\n\n\n<p>\ud83c\udf81Encargos reales:<br>\ud83d\udccd La Societat: 4 enero de 10 a 14h y de 17 a 20h y 5 de enero de 10 a 13h<br>\ud83d\udccd Priorat: Tardes de 17 a 19h<br>\ud83d\udccd Can Gordei: 5 enero de 12 a 13h<br>\ud83d\udccd La Miralba: Contactar con la asociaci\u00f3n de vecinos<\/p>\n","protected":false},"excerpt":{"rendered":"<p>Els Reis d&#8217;Orient arribaran a la Bisbal del Pened\u00e8s el 5 de gener! \ud83d\udd70\ufe0fHorari de visites als locals socials:\ud83c\udf6c17:00h: Local Social del Priorat\ud83c\udf6c17:30h: Local Social de Can Gordei\ud83c\udf6c18:30h: Local Social &hellip; <a href=\"https:\/\/bisbalpenedes.com\/web\/2024\/12\/31\/arribada-de-ssmm-els-reis-dorient\/\" class=\"more-link\">Read More<\/a><\/p>\n","protected":false},"author":4,"featured_media":32648,"comment_status":"closed","ping_status":"closed","sticky":false,"template":"","format":"standard","meta":[],"categories":[13,8],"tags":[],"_links":{"self":[{"href":"https:\/\/bisbalpenedes.com\/web\/wp-json\/wp\/v2\/posts\/32639"}],"collection":[{"href":"https:\/\/bisbalpenedes.com\/web\/wp-json\/wp\/v2\/posts"}],"about":[{"href":"https:\/\/bisbalpenedes.com\/web\/wp-json\/wp\/v2\/types\/post"}],"author":[{"embeddable":true,"href":"https:\/\/bisbalpenedes.com\/web\/wp-json\/wp\/v2\/users\/4"}],"replies":[{"embeddable":true,"href":"https:\/\/bisbalpenedes.com\/web\/wp-json\/wp\/v2\/comments?post=32639"}],"version-history":[{"count":1,"href":"https:\/\/bisbalpenedes.com\/web\/wp-json\/wp\/v2\/posts\/32639\/revisions"}],"predecessor-version":[{"id":32641,"href":"https:\/\/bisbalpenedes.com\/web\/wp-json\/wp\/v2\/posts\/32639\/revisions\/32641"}],"wp:featuredmedia":[{"embeddable":true,"href":"https:\/\/bisbalpenedes.com\/web\/wp-json\/wp\/v2\/media\/32648"}],"wp:attachment":[{"href":"https:\/\/bisbalpenedes.com\/web\/wp-json\/wp\/v2\/media?parent=32639"}],"wp:term":[{"taxonomy":"category","embeddable":true,"href":"https:\/\/bisbalpenedes.com\/web\/wp-json\/wp\/v2\/categories?post=32639"},{"taxonomy":"post_tag","embeddable":true,"href":"https:\/\/bisbalpenedes.com\/web\/wp-json\/wp\/v2\/tags?post=32639"}],"curies":[{"name":"wp","href":"https:\/\/api.w.org\/{rel}","templated":true}]}}