{"id":32625,"date":"2024-12-23T00:38:15","date_gmt":"2024-12-22T22:38:15","guid":{"rendered":"https:\/\/bisbalpenedes.com\/web\/?p=32625"},"modified":"2024-12-23T00:40:06","modified_gmt":"2024-12-22T22:40:06","slug":"la-junta-de-govern-daquest-dilluns-23-de-desembre-conte-una-proposta-amb-competencia-del-ple-delegada-a-la-junta","status":"publish","type":"post","link":"https:\/\/bisbalpenedes.com\/web\/2024\/12\/23\/la-junta-de-govern-daquest-dilluns-23-de-desembre-conte-una-proposta-amb-competencia-del-ple-delegada-a-la-junta\/","title":{"rendered":"La Junta de govern d&#8217;aquest dilluns 23 de desembre cont\u00e9 una proposta amb compet\u00e8ncia del Ple delegada a la Junta"},"content":{"rendered":"\n<p>La Junta&nbsp; de govern d\u2019aquest dilluns 23 de desembre cont\u00e9 una proposta que \u00e9s compet\u00e8ncia del Ple delegada a la Junta, segons l&#8217;acord plenari del 6 de juliol de 2023. \u00c9s el seg\u00fcent:<\/p>\n\n\n\n<ul><li>Aprovaci\u00f3 inicial del projecte d\u2019obres de renovaci\u00f3 de les canonades d\u2019abastament d\u2019aigua de zones de l&#8217;Esplai, el Priorat i el nucli urb\u00e0<\/li><\/ul>\n\n\n\n<p>Les sessions de la Junta de govern local no s\u00f3n p\u00fabliques, per\u00f2 quan actua amb compet\u00e8ncies delegades del Ple, la sessi\u00f3 es sotmet als mateixos requisits de publicitat que les sessions del Ple, que s\u00f3n p\u00fabliques. Aix\u00ed ho va declarar la STS 161\/2013, de 26 de setembre.<\/p>\n\n\n\n<p>Per tot aix\u00f2, s&#8217;obriran les portes de la sala de plens a les 10h, per tal que pugui assistir-hi p\u00fablic. Tamb\u00e9 es gravar\u00e0 aquest punt de l&#8217;ordre del dia i posteriorment es publicar\u00e0, per garantir la seva publicitat.<\/p>\n\n\n\n<hr class=\"wp-block-separator has-alpha-channel-opacity\"\/>\n\n\n\n<p>La Junta de gobierno de este lunes 23 de diciembre contiene una propuesta que es competencia del Pleno delegada a la Junta, seg\u00fan el acuerdo plenario del 6 de julio de 2023. Es el siguiente:<\/p>\n\n\n\n<ul><li>Aprobaci\u00f3n inicial del proyecto de obras de renovaci\u00f3n de las tuber\u00edas de abastecimiento de agua de zonas del Esplai, el Priorat y el n\u00facleo urbano.<\/li><\/ul>\n\n\n\n<p>Las sesiones de la Junta de gobierno local no son p\u00fablicas, pero cuando act\u00faa con competencias delegadas del Pleno, la sesi\u00f3n se somete a los mismos requisitos de publicidad que las sesiones del Pleno, que son p\u00fablicas. As\u00ed lo declar\u00f3 la STS 161\/2013, de 26 de septiembre.<\/p>\n\n\n\n<p>Por todo ello, se abrir\u00e1n las puertas de la sala de plenos a las 10h, con tal que pueda asistir p\u00fablico. Tambi\u00e9n se grabar\u00e1 este punto del orden del d\u00eda y posteriormente se publicar\u00e1, para garantizar su publicidad.<\/p>\n","protected":false},"excerpt":{"rendered":"<p>La Junta&nbsp; de govern d\u2019aquest dilluns 23 de desembre cont\u00e9 una proposta que \u00e9s compet\u00e8ncia del Ple delegada a la Junta, segons l&#8217;acord plenari del 6 de juliol de 2023. &hellip; <a href=\"https:\/\/bisbalpenedes.com\/web\/2024\/12\/23\/la-junta-de-govern-daquest-dilluns-23-de-desembre-conte-una-proposta-amb-competencia-del-ple-delegada-a-la-junta\/\" class=\"more-link\">Read More<\/a><\/p>\n","protected":false},"author":4,"featured_media":28951,"comment_status":"closed","ping_status":"closed","sticky":false,"template":"","format":"standard","meta":[],"categories":[8,3208,3352],"tags":[1005,686,393,790,520],"_links":{"self":[{"href":"https:\/\/bisbalpenedes.com\/web\/wp-json\/wp\/v2\/posts\/32625"}],"collection":[{"href":"https:\/\/bisbalpenedes.com\/web\/wp-json\/wp\/v2\/posts"}],"about":[{"href":"https:\/\/bisbalpenedes.com\/web\/wp-json\/wp\/v2\/types\/post"}],"author":[{"embeddable":true,"href":"https:\/\/bisbalpenedes.com\/web\/wp-json\/wp\/v2\/users\/4"}],"replies":[{"embeddable":true,"href":"https:\/\/bisbalpenedes.com\/web\/wp-json\/wp\/v2\/comments?post=32625"}],"version-history":[{"count":1,"href":"https:\/\/bisbalpenedes.com\/web\/wp-json\/wp\/v2\/posts\/32625\/revisions"}],"predecessor-version":[{"id":32626,"href":"https:\/\/bisbalpenedes.com\/web\/wp-json\/wp\/v2\/posts\/32625\/revisions\/32626"}],"wp:featuredmedia":[{"embeddable":true,"href":"https:\/\/bisbalpenedes.com\/web\/wp-json\/wp\/v2\/media\/28951"}],"wp:attachment":[{"href":"https:\/\/bisbalpenedes.com\/web\/wp-json\/wp\/v2\/media?parent=32625"}],"wp:term":[{"taxonomy":"category","embeddable":true,"href":"https:\/\/bisbalpenedes.com\/web\/wp-json\/wp\/v2\/categories?post=32625"},{"taxonomy":"post_tag","embeddable":true,"href":"https:\/\/bisbalpenedes.com\/web\/wp-json\/wp\/v2\/tags?post=32625"}],"curies":[{"name":"wp","href":"https:\/\/api.w.org\/{rel}","templated":true}]}}