{"id":32617,"date":"2024-12-20T14:05:00","date_gmt":"2024-12-20T12:05:00","guid":{"rendered":"https:\/\/bisbalpenedes.com\/web\/?p=32617"},"modified":"2024-12-20T17:47:22","modified_gmt":"2024-12-20T15:47:22","slug":"els-protagonistes-del-calendari-2025-han-rebut-la-seva-copia-de-mans-de-lalcaldessa-i-la-regidora-de-la-gent-gran","status":"publish","type":"post","link":"https:\/\/bisbalpenedes.com\/web\/2024\/12\/20\/els-protagonistes-del-calendari-2025-han-rebut-la-seva-copia-de-mans-de-lalcaldessa-i-la-regidora-de-la-gent-gran\/","title":{"rendered":"Els protagonistes del calendari 2025 han rebut la seva c\u00f2pia de mans de l&#8217;alcaldessa i la regidora de la Gent Gran"},"content":{"rendered":"\n<p>Els protagonistes del calendari 2025 han estat els primers a rebre el calendari! L&#8217;alcaldessa Agn\u00e8s Ferr\u00e9 i la regidora de la Gent Gran, Paqui Cepas, han entregat personalment el calendari a les persones que apareixen a les fotografies d&#8217;aquesta nova edici\u00f3, que pret\u00e9n ser un homenatge a la gent gran del municipi.<\/p>\n\n\n\n<p>Gr\u00e0cies per la vostra participaci\u00f3 i implicaci\u00f3, ha estat una experi\u00e8ncia molt bonica!<\/p>\n\n\n\n<p>Des d&#8217;aqu\u00ed tamb\u00e9 volem agrair-li al fot\u00f2graf bisbalenc Ra\u00fal Gallego la bona feina i la paci\u00e8ncia, ja que durant diverses setmanes, ha treballat en aquest projecte, acordant dates i hores amb la nostra gent gran i fent unes fotografies magn\u00edfiques!<\/p>\n\n\n\n<p>A partir del dilluns 23 de desembre podreu passar a buscar el vostre calendari per les oficines municipals.<\/p>\n\n\n\n<hr class=\"wp-block-separator has-alpha-channel-opacity\"\/>\n\n\n\n<p>Los protagonistas del calendario 2025 han sido los primeros en recibir el calendario!<\/p>\n\n\n\n<p>La alcaldesa Agn\u00e8s Ferr\u00e9 y la regidora de la Gent Gran, Paqui Cepas, han entregado personalmente el calendario a las personas que aparecen en las fotograf\u00edas de esta nueva edici\u00f3n, que pretende ser un homenaje a las personas mayores del municipio.<\/p>\n\n\n\n<p>\u00a1Gracias por vuestra participaci\u00f3n e implicaci\u00f3n, ha sido una experiencia muy bonita!<\/p>\n\n\n\n<p>Desde aqu\u00ed tambi\u00e9n queremos agradecer al fot\u00f3grafo bisbalenc Ra\u00fal Gallego el buen trabajo y la paciencia, ya que durante varias semanas ha trabajado en este proyecto, acordando fechas y horas con nuestras personas mayores y \u00a1haciendo unas fotograf\u00edas magn\u00edficas!<\/p>\n\n\n\n<p>A partir del lunes 23 de diciembre podr\u00e9is pasar a buscar vuestro calendario por las oficinas municipales.<\/p>\n","protected":false},"excerpt":{"rendered":"<p>Els protagonistes del calendari 2025 han estat els primers a rebre el calendari! L&#8217;alcaldessa Agn\u00e8s Ferr\u00e9 i la regidora de la Gent Gran, Paqui Cepas, han entregat personalment el calendari &hellip; <a href=\"https:\/\/bisbalpenedes.com\/web\/2024\/12\/20\/els-protagonistes-del-calendari-2025-han-rebut-la-seva-copia-de-mans-de-lalcaldessa-i-la-regidora-de-la-gent-gran\/\" class=\"more-link\">Read More<\/a><\/p>\n","protected":false},"author":4,"featured_media":32623,"comment_status":"closed","ping_status":"closed","sticky":false,"template":"","format":"standard","meta":[],"categories":[2057,464,8],"tags":[459,1023,305,393,1374],"_links":{"self":[{"href":"https:\/\/bisbalpenedes.com\/web\/wp-json\/wp\/v2\/posts\/32617"}],"collection":[{"href":"https:\/\/bisbalpenedes.com\/web\/wp-json\/wp\/v2\/posts"}],"about":[{"href":"https:\/\/bisbalpenedes.com\/web\/wp-json\/wp\/v2\/types\/post"}],"author":[{"embeddable":true,"href":"https:\/\/bisbalpenedes.com\/web\/wp-json\/wp\/v2\/users\/4"}],"replies":[{"embeddable":true,"href":"https:\/\/bisbalpenedes.com\/web\/wp-json\/wp\/v2\/comments?post=32617"}],"version-history":[{"count":1,"href":"https:\/\/bisbalpenedes.com\/web\/wp-json\/wp\/v2\/posts\/32617\/revisions"}],"predecessor-version":[{"id":32619,"href":"https:\/\/bisbalpenedes.com\/web\/wp-json\/wp\/v2\/posts\/32617\/revisions\/32619"}],"wp:featuredmedia":[{"embeddable":true,"href":"https:\/\/bisbalpenedes.com\/web\/wp-json\/wp\/v2\/media\/32623"}],"wp:attachment":[{"href":"https:\/\/bisbalpenedes.com\/web\/wp-json\/wp\/v2\/media?parent=32617"}],"wp:term":[{"taxonomy":"category","embeddable":true,"href":"https:\/\/bisbalpenedes.com\/web\/wp-json\/wp\/v2\/categories?post=32617"},{"taxonomy":"post_tag","embeddable":true,"href":"https:\/\/bisbalpenedes.com\/web\/wp-json\/wp\/v2\/tags?post=32617"}],"curies":[{"name":"wp","href":"https:\/\/api.w.org\/{rel}","templated":true}]}}