{"id":326,"date":"2012-11-30T16:41:57","date_gmt":"2012-11-30T10:41:57","guid":{"rendered":"http:\/\/bisbalpenedes.com\/web\/?p=326"},"modified":"2012-12-04T18:26:12","modified_gmt":"2012-12-04T12:26:12","slug":"sopar-de-cap-dany-2012-2013","status":"publish","type":"post","link":"https:\/\/bisbalpenedes.com\/web\/2012\/11\/30\/sopar-de-cap-dany-2012-2013\/","title":{"rendered":"Sopar de Cap d&#8217;Any 2012-2013"},"content":{"rendered":"<h1 style=\"text-align: center;\">31 de desembre 2012 a les 21.30 Al Poliesportiu Municipal<\/h1>\n<h1 style=\"text-align: center;\">La Bisbal del Pened\u00e8s<\/h1>\n<h1 style=\"text-align: center;\"><span style=\"text-decoration: underline;\">Local climatitzat<\/span><\/h1>\n<h1 style=\"text-align: center;\"><span style=\"text-decoration: underline;\"> <\/span><br \/>\n<span style=\"text-decoration: underline;\">Acurat servei de taula<\/span><\/h1>\n<h1 style=\"text-align: center;\"><span style=\"text-decoration: underline;\"> <\/span><br \/>\n<span style=\"text-decoration: underline;\">Campanades TV3 en directe amb pantalla gegant.<\/span><\/h1>\n<p style=\"text-align: center;\"><span style=\"color: #800000;\"><strong>MEN\u00da per 25 \u20acuros<br \/>\nAperitiu<br \/>\nAperitiu de Benvinguda a la taula <\/strong><\/span><\/p>\n<p style=\"text-align: center;\"><span style=\"color: #800000;\"><strong>Primer plat<br \/>\nAmanida t\u00e8bia de favetes \u201cbaby\u201d amb<br \/>\nbotifarra negra i alf\u00e0brega<\/strong><\/span><\/p>\n<p style=\"text-align: center;\"><span style=\"color: #800000;\"><strong> <\/strong><\/span><\/p>\n<p style=\"text-align: center;\"><span style=\"color: #800000;\"><strong>Segon plat<br \/>\nFilet de Vedella amb barrejat de bolets, orellanes i prunes<\/strong><\/span><\/p>\n<p style=\"text-align: center;\"><span style=\"color: #800000;\"><strong>Postres<br \/>\nAssortiment de rebosteria<br \/>\nal caramel de xocolata<br \/>\nPa, aigua, vi del Pened\u00e8s i cava brut,<br \/>\ncaf\u00e8, ra\u00efm i bossa cotill\u00f3<\/strong><br \/>\n<strong>MEN\u00da infantil per 10 \u20acuros<br \/>\nMacarrons bolonyesa<br \/>\nFilet de pollastre amb verdures i xips<br \/>\nAssortiment de rebosteria<br \/>\nal caramel de xocolata<br \/>\nRefresc, aigua, pa, ra\u00efm i bossa cotill\u00f3<\/strong><\/span><\/p>\n<p><strong> <\/strong><\/p>\n<p><strong> <\/strong><\/p>\n<p><strong> <\/strong><\/p>\n<p style=\"text-align: center;\">&nbsp;<\/p>\n<p style=\"text-align: center;\"><span style=\"color: #800000;\"><strong> <\/strong><\/span><\/p>\n<h1 style=\"text-align: center;\"><strong><span style=\"color: #800000;\">GRAN BALL AMB L&#8217;ORQUESTRA MARINADA-PLASMA<\/span><br \/>\n<\/strong><\/h1>\n<p style=\"text-align: center;\">El preu per acompanyants que no visquin a la Bisbal es de 35 \u20acuros<\/p>\n<h2>Per apuntar-se<br \/>\ndel 3 al 24 de desembre a les oficines municipals.\u00a0Places limitades per rigor\u00f2s ordre d\u2019inscripcions.<\/h2>\n<h1>VINE A BALLAR !!<\/h1>\n<h2><strong>A partir de les 00,30h podreu entrar al ball per un preu de 8 euros (majors de 18 anys) i gaudir de la festa, amb servei de bar amb <\/strong><strong>preus anticrisi\u00a0er poder entrar al ball es imprescindible recollir l\u2019entrada a l\u2019Ajuntament del dia 3 al 24 de desembre <\/strong><strong>(persones de fora del municipi 20 \u20ac)\u00a0\u00a0entrades limitades <\/strong><strong>majors de 18 anys. Els menors hauran d\u2019anar acompanyats \u00a0d\u2019un familiar<\/strong><\/h2>\n<h1><strong>servei de bar amb\u00a0preus\u00a0anticrisi<br \/>\n<\/strong><\/h1>\n<p><strong><br \/>\n<\/strong><\/p>\n","protected":false},"excerpt":{"rendered":"<p>31 de desembre 2012 a les 21.30 Al Poliesportiu Municipal La Bisbal del Pened\u00e8s Local climatitzat Acurat servei de taula Campanades TV3 en directe amb pantalla gegant. MEN\u00da per 25 &hellip; <a href=\"https:\/\/bisbalpenedes.com\/web\/2012\/11\/30\/sopar-de-cap-dany-2012-2013\/\" class=\"more-link\">Read More<\/a><\/p>\n","protected":false},"author":1,"featured_media":327,"comment_status":"closed","ping_status":"closed","sticky":false,"template":"","format":"standard","meta":[],"categories":[8,5],"tags":[],"_links":{"self":[{"href":"https:\/\/bisbalpenedes.com\/web\/wp-json\/wp\/v2\/posts\/326"}],"collection":[{"href":"https:\/\/bisbalpenedes.com\/web\/wp-json\/wp\/v2\/posts"}],"about":[{"href":"https:\/\/bisbalpenedes.com\/web\/wp-json\/wp\/v2\/types\/post"}],"author":[{"embeddable":true,"href":"https:\/\/bisbalpenedes.com\/web\/wp-json\/wp\/v2\/users\/1"}],"replies":[{"embeddable":true,"href":"https:\/\/bisbalpenedes.com\/web\/wp-json\/wp\/v2\/comments?post=326"}],"version-history":[{"count":8,"href":"https:\/\/bisbalpenedes.com\/web\/wp-json\/wp\/v2\/posts\/326\/revisions"}],"predecessor-version":[{"id":329,"href":"https:\/\/bisbalpenedes.com\/web\/wp-json\/wp\/v2\/posts\/326\/revisions\/329"}],"wp:featuredmedia":[{"embeddable":true,"href":"https:\/\/bisbalpenedes.com\/web\/wp-json\/wp\/v2\/media\/327"}],"wp:attachment":[{"href":"https:\/\/bisbalpenedes.com\/web\/wp-json\/wp\/v2\/media?parent=326"}],"wp:term":[{"taxonomy":"category","embeddable":true,"href":"https:\/\/bisbalpenedes.com\/web\/wp-json\/wp\/v2\/categories?post=326"},{"taxonomy":"post_tag","embeddable":true,"href":"https:\/\/bisbalpenedes.com\/web\/wp-json\/wp\/v2\/tags?post=326"}],"curies":[{"name":"wp","href":"https:\/\/api.w.org\/{rel}","templated":true}]}}