{"id":32589,"date":"2024-12-18T11:59:23","date_gmt":"2024-12-18T09:59:23","guid":{"rendered":"https:\/\/bisbalpenedes.com\/web\/?p=32589"},"modified":"2024-12-18T12:05:50","modified_gmt":"2024-12-18T10:05:50","slug":"el-penedes-va-commemorar-25-anys-de-promocio-turistica-amb-un-acte-emotiu-a-vilafranca-que-va-comptar-amb-la-presencia-de-lajuntament-de-la-bisbal-del-penedes","status":"publish","type":"post","link":"https:\/\/bisbalpenedes.com\/web\/2024\/12\/18\/el-penedes-va-commemorar-25-anys-de-promocio-turistica-amb-un-acte-emotiu-a-vilafranca-que-va-comptar-amb-la-presencia-de-lajuntament-de-la-bisbal-del-penedes\/","title":{"rendered":"El Pened\u00e8s va commemorar 25 anys de promoci\u00f3 tur\u00edstica el passat 20 de novembre amb un acte emotiu a Vilafranca que va comptar amb la pres\u00e8ncia de l&#8217;Ajuntament de la Bisbal del Pened\u00e8s"},"content":{"rendered":"\n<p><strong>La celebraci\u00f3 va reunir presidents, institucions i col\u00b7laboradors que han contribu\u00eft al creixement tur\u00edstic de la comarca<\/strong><\/p>\n\n\n\n<p>El Casal de Vilafranca va ser l&#8217;escenari, el passat dimarts 20 de novembre, d&#8217;un emotiu acte commemoratiu dels 25 anys del Consorci de Promoci\u00f3 Tur\u00edstica del Pened\u00e8s. L&#8217;esdeveniment va aplegar persones clau en la traject\u00f2ria d&#8217;aquesta instituci\u00f3, destacant la import\u00e0ncia del seu paper en la promoci\u00f3 i el desenvolupament tur\u00edstic de la comarca.<\/p>\n\n\n\n<p>Un v\u00eddeo protagonitzat pels diferents presidents que han liderat el Consorci va obrir l&#8217;acte, posant en relleu els inicis i l&#8217;evoluci\u00f3 de l&#8217;entitat. Les imatges van recordar com, des de la creaci\u00f3 de la Ruta del Vi i el Cava fins a la implementaci\u00f3 de projectes innovadors, el Consorci ha estat un aut\u00e8ntic motor de canvi per al Pened\u00e8s.<\/p>\n\n\n\n<p>L&#8217;alcaldessa Agn\u00e8s Ferr\u00e9 i la regidora de Turisme Judith Vidal, hi van assistir representant l&#8217;Ajuntament de La Bisbal del Pened\u00e8s, que des de 2017 est\u00e0 consorciat a Enoturisme Pened\u00e8s. De fet, la regidora Judith Vidal forma part actualment de l&#8217;executiva del consorci, refor\u00e7ant el comprom\u00eds municipal amb el projecte tur\u00edstic comarcal.<\/p>\n\n\n\n<p>Els presidents van posar en valor la capacitat del Consorci per posicionar el Pened\u00e8s com una destinaci\u00f3 tur\u00edstica de refer\u00e8ncia, tant a Catalunya com internacionalment. La celebraci\u00f3 va ser una oportunitat per recon\u00e8ixer la feina feta i projectar el futur d&#8217;una iniciativa que ha contribu\u00eft significativament a la promoci\u00f3 i el creixement tur\u00edstic de la comarca.<\/p>\n\n\n\n<p>L&#8217;acte va servir com a punt de trobada per a associats, empreses, institucions p\u00fabliques i col\u00b7laboradors que han estat part fonamental del projecte durant aquests 25 anys.<\/p>\n\n\n\n<figure class=\"wp-block-image size-large\"><img loading=\"lazy\" width=\"1024\" height=\"683\" src=\"https:\/\/bisbalpenedes.com\/web\/wp-content\/uploads\/2024\/12\/26_25-anys-Penede\u0300s-Turisme-1024x683.jpg\" alt=\"\" class=\"wp-image-32590\" srcset=\"https:\/\/bisbalpenedes.com\/web\/wp-content\/uploads\/2024\/12\/26_25-anys-Penede\u0300s-Turisme-1024x683.jpg 1024w, https:\/\/bisbalpenedes.com\/web\/wp-content\/uploads\/2024\/12\/26_25-anys-Penede\u0300s-Turisme-300x200.jpg 300w, https:\/\/bisbalpenedes.com\/web\/wp-content\/uploads\/2024\/12\/26_25-anys-Penede\u0300s-Turisme-768x512.jpg 768w, https:\/\/bisbalpenedes.com\/web\/wp-content\/uploads\/2024\/12\/26_25-anys-Penede\u0300s-Turisme-1536x1024.jpg 1536w, https:\/\/bisbalpenedes.com\/web\/wp-content\/uploads\/2024\/12\/26_25-anys-Penede\u0300s-Turisme-2048x1365.jpg 2048w, https:\/\/bisbalpenedes.com\/web\/wp-content\/uploads\/2024\/12\/26_25-anys-Penede\u0300s-Turisme-600x400.jpg 600w\" sizes=\"(max-width: 1024px) 100vw, 1024px\" \/><\/figure>\n\n\n\n<hr class=\"wp-block-separator has-alpha-channel-opacity\"\/>\n\n\n\n<h2><strong>CASTELLANO |<\/strong> <strong>El Pened\u00e8s conmemor\u00f3 25 a\u00f1os de promoci\u00f3n tur\u00edstica el pasado 20 de noviembre con un acto emotivo en Vilafranca que cont\u00f3 con la presencia del Ajuntament de la Bisbal del Pened\u00e8s<\/strong><\/h2>\n\n\n\n<p><strong>La celebraci\u00f3n reuni\u00f3 a presidentes, instituciones y colaboradores que han contribuido al crecimiento tur\u00edstico de la comarca<\/strong><\/p>\n\n\n\n<p>El Casal de Vilafranca fue el escenario, el pasado martes 20 de noviembre, de un emotivo acto conmemorativo de los 25 a\u00f1os del Consorci de Promoci\u00f3 Tur\u00edstica del Pened\u00e8s. El evento congreg\u00f3 a personas clave en la trayectoria de esta instituci\u00f3n, destacando la importancia de su papel en la promoci\u00f3n y el desarrollo tur\u00edstico de la comarca.<\/p>\n\n\n\n<p>Un v\u00eddeo protagonizado por los distintos presidentes que han liderado el Consorci abri\u00f3 el acto, poniendo de relieve los inicios y la evoluci\u00f3n de la entidad. Las im\u00e1genes recordaron c\u00f3mo, desde la creaci\u00f3n de la Ruta del Vino y el Cava hasta la implementaci\u00f3n de proyectos innovadores, el Consorci ha sido un aut\u00e9ntico motor de cambio para el Pened\u00e8s.<\/p>\n\n\n\n<p>La alcaldesa Agn\u00e8s Ferr\u00e9 y la regidora de Turismo Judith Vidal asistieron representando al Ajuntament de la Bisbal del Pened\u00e8s, que desde 2017 est\u00e1 consorciado con Enoturisme Pened\u00e8s. De hecho, la regidora Judith Vidal forma parte actualmente de la ejecutiva del consorci, reforzando el compromiso municipal con el proyecto tur\u00edstico comarcal.<\/p>\n\n\n\n<p>Los presidentes pusieron en valor la capacidad del Consorci para posicionar el Pened\u00e8s como un destino tur\u00edstico de referencia, tanto en Catalunya como internacionalmente. La celebraci\u00f3n fue una oportunidad para reconocer el trabajo realizado y proyectar el futuro de una iniciativa que ha contribuido significativamente a la promoci\u00f3n y el crecimiento tur\u00edstico de la comarca.<\/p>\n\n\n\n<p>El acto sirvi\u00f3 como punto de encuentro para asociados, empresas, instituciones p\u00fablicas y colaboradores que han sido parte fundamental del proyecto durante estos 25 a\u00f1os.<\/p>\n","protected":false},"excerpt":{"rendered":"<p>La celebraci\u00f3 va reunir presidents, institucions i col\u00b7laboradors que han contribu\u00eft al creixement tur\u00edstic de la comarca El Casal de Vilafranca va ser l&#8217;escenari, el passat dimarts 20 de novembre, &hellip; <a href=\"https:\/\/bisbalpenedes.com\/web\/2024\/12\/18\/el-penedes-va-commemorar-25-anys-de-promocio-turistica-amb-un-acte-emotiu-a-vilafranca-que-va-comptar-amb-la-presencia-de-lajuntament-de-la-bisbal-del-penedes\/\" class=\"more-link\">Read More<\/a><\/p>\n","protected":false},"author":4,"featured_media":32591,"comment_status":"closed","ping_status":"closed","sticky":false,"template":"","format":"standard","meta":[],"categories":[2057,8,4878],"tags":[459,1041,393,1374,6945],"_links":{"self":[{"href":"https:\/\/bisbalpenedes.com\/web\/wp-json\/wp\/v2\/posts\/32589"}],"collection":[{"href":"https:\/\/bisbalpenedes.com\/web\/wp-json\/wp\/v2\/posts"}],"about":[{"href":"https:\/\/bisbalpenedes.com\/web\/wp-json\/wp\/v2\/types\/post"}],"author":[{"embeddable":true,"href":"https:\/\/bisbalpenedes.com\/web\/wp-json\/wp\/v2\/users\/4"}],"replies":[{"embeddable":true,"href":"https:\/\/bisbalpenedes.com\/web\/wp-json\/wp\/v2\/comments?post=32589"}],"version-history":[{"count":2,"href":"https:\/\/bisbalpenedes.com\/web\/wp-json\/wp\/v2\/posts\/32589\/revisions"}],"predecessor-version":[{"id":32593,"href":"https:\/\/bisbalpenedes.com\/web\/wp-json\/wp\/v2\/posts\/32589\/revisions\/32593"}],"wp:featuredmedia":[{"embeddable":true,"href":"https:\/\/bisbalpenedes.com\/web\/wp-json\/wp\/v2\/media\/32591"}],"wp:attachment":[{"href":"https:\/\/bisbalpenedes.com\/web\/wp-json\/wp\/v2\/media?parent=32589"}],"wp:term":[{"taxonomy":"category","embeddable":true,"href":"https:\/\/bisbalpenedes.com\/web\/wp-json\/wp\/v2\/categories?post=32589"},{"taxonomy":"post_tag","embeddable":true,"href":"https:\/\/bisbalpenedes.com\/web\/wp-json\/wp\/v2\/tags?post=32589"}],"curies":[{"name":"wp","href":"https:\/\/api.w.org\/{rel}","templated":true}]}}