{"id":32567,"date":"2024-12-17T10:38:17","date_gmt":"2024-12-17T08:38:17","guid":{"rendered":"https:\/\/bisbalpenedes.com\/web\/?p=32567"},"modified":"2024-12-17T10:38:17","modified_gmt":"2024-12-17T08:38:17","slug":"lajuntament-de-la-bisbal-del-penedes-compta-amb-una-nova-secretaria-municipal-des-del-passat-dimarts","status":"publish","type":"post","link":"https:\/\/bisbalpenedes.com\/web\/2024\/12\/17\/lajuntament-de-la-bisbal-del-penedes-compta-amb-una-nova-secretaria-municipal-des-del-passat-dimarts\/","title":{"rendered":"L\u2019Ajuntament de La Bisbal del Pened\u00e8s compta amb una nova secret\u00e0ria municipal des del passat dimarts"},"content":{"rendered":"\n<p>El dimarts 10 de desembre va prendre possessi\u00f3 de la pla\u00e7a de secret\u00e0ria municipal la sra. Helena Granada. Aquell mateix dia es va reunir amb l\u2019alcaldessa i amb l\u2019equip de govern. Helena Granada \u00e9s funcion\u00e0ria d\u2019administraci\u00f3 local amb habilitaci\u00f3 de car\u00e0cter nacional, categoria d\u2019entrada nomenada recentment per l\u2019Administraci\u00f3 de l\u2019Estat. Des de l\u2019Ajuntament de la Bisbal del Pened\u00e8s li donem la benvinguda.<\/p>\n\n\n\n<hr class=\"wp-block-separator has-alpha-channel-opacity\"\/>\n\n\n\n<p>El martes 10 de diciembre tomo posesi\u00f3n de la plaza de secretaria municipal la sra. Helena Granada. Ese mismo d\u00eda se reuni\u00f3 con la alcaldesa y con el equipo de gobierno. Helena Granada es funcionaria de administraci\u00f3n local con habilitaci\u00f3n de car\u00e1cter nacional, categor\u00eda de entrada nombrada recientemente por la administraci\u00f3n del Estado. Desde el Ajuntament de la Bisbal del Pened\u00e8s le damos la bienvenida.<\/p>\n","protected":false},"excerpt":{"rendered":"<p>El dimarts 10 de desembre va prendre possessi\u00f3 de la pla\u00e7a de secret\u00e0ria municipal la sra. Helena Granada. Aquell mateix dia es va reunir amb l\u2019alcaldessa i amb l\u2019equip de &hellip; <a href=\"https:\/\/bisbalpenedes.com\/web\/2024\/12\/17\/lajuntament-de-la-bisbal-del-penedes-compta-amb-una-nova-secretaria-municipal-des-del-passat-dimarts\/\" class=\"more-link\">Read More<\/a><\/p>\n","protected":false},"author":4,"featured_media":32568,"comment_status":"closed","ping_status":"closed","sticky":false,"template":"","format":"standard","meta":[],"categories":[2057,8],"tags":[6943,4104,6942],"_links":{"self":[{"href":"https:\/\/bisbalpenedes.com\/web\/wp-json\/wp\/v2\/posts\/32567"}],"collection":[{"href":"https:\/\/bisbalpenedes.com\/web\/wp-json\/wp\/v2\/posts"}],"about":[{"href":"https:\/\/bisbalpenedes.com\/web\/wp-json\/wp\/v2\/types\/post"}],"author":[{"embeddable":true,"href":"https:\/\/bisbalpenedes.com\/web\/wp-json\/wp\/v2\/users\/4"}],"replies":[{"embeddable":true,"href":"https:\/\/bisbalpenedes.com\/web\/wp-json\/wp\/v2\/comments?post=32567"}],"version-history":[{"count":1,"href":"https:\/\/bisbalpenedes.com\/web\/wp-json\/wp\/v2\/posts\/32567\/revisions"}],"predecessor-version":[{"id":32569,"href":"https:\/\/bisbalpenedes.com\/web\/wp-json\/wp\/v2\/posts\/32567\/revisions\/32569"}],"wp:featuredmedia":[{"embeddable":true,"href":"https:\/\/bisbalpenedes.com\/web\/wp-json\/wp\/v2\/media\/32568"}],"wp:attachment":[{"href":"https:\/\/bisbalpenedes.com\/web\/wp-json\/wp\/v2\/media?parent=32567"}],"wp:term":[{"taxonomy":"category","embeddable":true,"href":"https:\/\/bisbalpenedes.com\/web\/wp-json\/wp\/v2\/categories?post=32567"},{"taxonomy":"post_tag","embeddable":true,"href":"https:\/\/bisbalpenedes.com\/web\/wp-json\/wp\/v2\/tags?post=32567"}],"curies":[{"name":"wp","href":"https:\/\/api.w.org\/{rel}","templated":true}]}}