{"id":32545,"date":"2024-12-15T00:23:05","date_gmt":"2024-12-14T22:23:05","guid":{"rendered":"https:\/\/bisbalpenedes.com\/web\/?p=32545"},"modified":"2024-12-15T00:23:05","modified_gmt":"2024-12-14T22:23:05","slug":"el-porxo-dentrada-al-pavello-esportiu-municipal-estrena-una-maquina-de-reciclatge-denvasos-que-premia-el-reciclatge-amb-vals-de-descompte-als-comercos-locals","status":"publish","type":"post","link":"https:\/\/bisbalpenedes.com\/web\/2024\/12\/15\/el-porxo-dentrada-al-pavello-esportiu-municipal-estrena-una-maquina-de-reciclatge-denvasos-que-premia-el-reciclatge-amb-vals-de-descompte-als-comercos-locals\/","title":{"rendered":"<a><strong>El porxo d\u2019entrada al Pavell\u00f3 Esportiu Municipal estrena una m\u00e0quina de reciclatge d\u2019envasos que premia el reciclatge amb vals de descompte als comer\u00e7os locals<\/strong><\/a>"},"content":{"rendered":"\n<p>Aquest divendres, les Regidories de Residus Urbans i Comer\u00e7 han instal\u00b7lat una m\u00e0quina de reciclatge d\u2019envasos de pl\u00e0stic i met\u00e0l\u00b7lics de begudes que ofereix descomptes als comer\u00e7os locals amb l\u2019objectiu d\u2019incentivar el reciclatge entre la ciutadania. La m\u00e0quina ja est\u00e0 en funcionament i i la setmana vinent es faran p\u00fablic els establiments on es podran bescanviar els descomptes que ofereix la m\u00e0quina. De moment, els usuaris poden guardar els vals de descompte que hagin generat.<\/p>\n\n\n\n<p>La Junta de Govern del 25 de novembre va aprovar la contractaci\u00f3 del subministrament d\u2019una m\u00e0quina de reciclatge d\u2019envasos de pl\u00e0stic i met\u00e0l\u00b7lics i begudes a trav\u00e9s de la lectura del codi de barres amb l\u2019empresa Omelia System SL per un preu de 12.100\u20ac (IVA incl\u00f2s). Aquesta m\u00e0quina, que s\u2019ha instal\u00b7lat aquest divendres 13 de desembre, llegeix els codis de barres dels envasos i premia les persones que hi reciclen els envasos amb vals de descompte que es podran bescanviar als comer\u00e7os locals a partir de la setmana vinent. Els vals s\u00f3n acumulables i la iniciativa, segons ha explicat el regidor de Gesti\u00f3 de Residus, Daniel Caballero: <em>\u201cpret\u00e9n potenciar el reciclatge mitjan\u00e7ant un sistema de recompenses per fomentar els h\u00e0bits de reciclatge entre la ciutadania i prevenir l\u2019abocament de residus en l\u2019entorn\u201d.<\/em><\/p>\n\n\n\n<hr class=\"wp-block-separator has-alpha-channel-opacity\"\/>\n\n\n\n<h2><strong>El porche de entrada al Pavell\u00f3 Esportiu Municipal estrena una m\u00e1quina de reciclaje de envases que premia el reciclaje con vales de descuento en los comercios locales<\/strong><\/h2>\n\n\n\n<p>Este viernes, las Concejal\u00edas de Residuos Urbanos y Comercio han instalado una m\u00e1quina de reciclaje de envases de pl\u00e1stico y met\u00e1licos de bebidas que ofrece descuentos en los comercios locales con el objetivo de incentivar el reciclaje entre la ciudadan\u00eda. La m\u00e1quina ya est\u00e1 en funcionamiento y la semana pr\u00f3xima se har\u00e1n p\u00fablicos los establecimientos donde se podr\u00e1n canjear los descuentos que ofrece la m\u00e1quina. De momento, los usuarios pueden guardar los vales de descuento que hayan generado.<\/p>\n\n\n\n<p>La Junta de Gobierno del 25 de noviembre aprob\u00f3 la contrataci\u00f3n del suministro de una m\u00e1quina de reciclaje de envases de pl\u00e1stico y met\u00e1licos y bebidas a trav\u00e9s de la lectura del c\u00f3digo de barras con la empresa Omelia System SL por un precio de 12.100\u20ac (IVA incluido). Esta m\u00e1quina, que se ha instalado este viernes 13 de diciembre, lee los c\u00f3digos de barras de los envases y premia a las personas que reciclan los envases con vales de descuento que se podr\u00e1n canjear en los comercios locales a partir de la semana pr\u00f3xima. Los vales son acumulables y la iniciativa, seg\u00fan ha explicado el concejal de Gesti\u00f3n de Residuos, Daniel Caballero: <em>&#8220;pretende potenciar el reciclaje mediante un sistema de recompensas para fomentar los h\u00e1bitos de reciclaje entre la ciudadan\u00eda y prevenir el vertido de residuos en el entorno&#8221;.<\/em><\/p>\n","protected":false},"excerpt":{"rendered":"<p>Aquest divendres, les Regidories de Residus Urbans i Comer\u00e7 han instal\u00b7lat una m\u00e0quina de reciclatge d\u2019envasos de pl\u00e0stic i met\u00e0l\u00b7lics de begudes que ofereix descomptes als comer\u00e7os locals amb l\u2019objectiu &hellip; <a href=\"https:\/\/bisbalpenedes.com\/web\/2024\/12\/15\/el-porxo-dentrada-al-pavello-esportiu-municipal-estrena-una-maquina-de-reciclatge-denvasos-que-premia-el-reciclatge-amb-vals-de-descompte-als-comercos-locals\/\" class=\"more-link\">Read More<\/a><\/p>\n","protected":false},"author":4,"featured_media":32546,"comment_status":"closed","ping_status":"closed","sticky":false,"template":"","format":"standard","meta":[],"categories":[3860,3215,8],"tags":[459,1491,260,2733,1479,6939,393,6519,1374],"_links":{"self":[{"href":"https:\/\/bisbalpenedes.com\/web\/wp-json\/wp\/v2\/posts\/32545"}],"collection":[{"href":"https:\/\/bisbalpenedes.com\/web\/wp-json\/wp\/v2\/posts"}],"about":[{"href":"https:\/\/bisbalpenedes.com\/web\/wp-json\/wp\/v2\/types\/post"}],"author":[{"embeddable":true,"href":"https:\/\/bisbalpenedes.com\/web\/wp-json\/wp\/v2\/users\/4"}],"replies":[{"embeddable":true,"href":"https:\/\/bisbalpenedes.com\/web\/wp-json\/wp\/v2\/comments?post=32545"}],"version-history":[{"count":1,"href":"https:\/\/bisbalpenedes.com\/web\/wp-json\/wp\/v2\/posts\/32545\/revisions"}],"predecessor-version":[{"id":32547,"href":"https:\/\/bisbalpenedes.com\/web\/wp-json\/wp\/v2\/posts\/32545\/revisions\/32547"}],"wp:featuredmedia":[{"embeddable":true,"href":"https:\/\/bisbalpenedes.com\/web\/wp-json\/wp\/v2\/media\/32546"}],"wp:attachment":[{"href":"https:\/\/bisbalpenedes.com\/web\/wp-json\/wp\/v2\/media?parent=32545"}],"wp:term":[{"taxonomy":"category","embeddable":true,"href":"https:\/\/bisbalpenedes.com\/web\/wp-json\/wp\/v2\/categories?post=32545"},{"taxonomy":"post_tag","embeddable":true,"href":"https:\/\/bisbalpenedes.com\/web\/wp-json\/wp\/v2\/tags?post=32545"}],"curies":[{"name":"wp","href":"https:\/\/api.w.org\/{rel}","templated":true}]}}