{"id":32528,"date":"2024-12-11T18:13:50","date_gmt":"2024-12-11T16:13:50","guid":{"rendered":"https:\/\/bisbalpenedes.com\/web\/?p=32528"},"modified":"2024-12-11T18:13:50","modified_gmt":"2024-12-11T16:13:50","slug":"sha-aprovat-la-justificacio-i-el-segon-pagament-del-conveni-de-lajuntament-i-joventut-bisbalenca-cf-per-a-la-temporada-2023-2024","status":"publish","type":"post","link":"https:\/\/bisbalpenedes.com\/web\/2024\/12\/11\/sha-aprovat-la-justificacio-i-el-segon-pagament-del-conveni-de-lajuntament-i-joventut-bisbalenca-cf-per-a-la-temporada-2023-2024\/","title":{"rendered":"S&#8217;ha aprovat la justificaci\u00f3 i el segon pagament del conveni de l\u2019Ajuntament i Joventut Bisbalenca CF per a la temporada 2023\/2024"},"content":{"rendered":"\n<p>La Junta de govern del 25 de novembre va aprovar, a petici\u00f3 de la Regidoria d&#8217;Esports, la justificaci\u00f3 del conveni de col\u00b7laboraci\u00f3 per a la temporada 2023\/2024 entre l\u2019Ajuntament i Joventut Bisbalenca CF, i el segon pagament del conveni per 1.271,09\u20ac.<\/p>\n\n\n\n<p>El mar\u00e7 de 2024 es va signar el conveni de col\u00b7laboraci\u00f3 per a la temporada 2023\/24 amb l\u2019objectiu de promoure l\u2019esport al municipi, fomentar les activitats esportives de car\u00e0cter formatiu i de competici\u00f3 i, en especial, les relacionades amb el futbol.<\/p>\n\n\n\n<p>Mitjan\u00e7ant el conveni, l\u2019Ajuntament concedia a l\u2019entitat un import de fins a 23.000\u20ac de forma directa per a les activitats que es fessin entre l\u2019inici i el final de la temporada 2023\/24. El primer pagament va ser de 18.000\u20ac, quan es va signar el conveni, i el segon s\u2019ha fet despr\u00e9s de la justificaci\u00f3. Tenint en compte els ingressos i despeses justificades, s\u2019ha abonat un segon pagament de 1.271,09\u20ac, que fa que el conveni per a la temporada 2023\/24 hagi estat per 19.271,09\u20ac.<\/p>\n\n\n\n<p>La Regidoria d\u2019Esports ja est\u00e0 treballant en el conveni de la temporada 2024\/25, que es preveu que s&#8217;aprovi durant el primer trimestre del 2025.<\/p>\n\n\n\n<hr class=\"wp-block-separator has-alpha-channel-opacity\"\/>\n\n\n\n<p><strong>Se ha aprobado la justificaci\u00f3n y el segundo pago del convenio del Ajuntament y Joventut Bisbalenca CF para la temporada 2023\/2024<\/strong><\/p>\n\n\n\n<p>La Junta de gobierno del 25 de noviembre aprob\u00f3, a petici\u00f3n de la Concejal\u00eda de Deportes, la justificaci\u00f3n del convenio de colaboraci\u00f3n para la temporada 2023\/2024 entre el Ajuntament y Joventut Bisbalenca CF, y el segundo pago del convenio por 1.271,09\u20ac.<\/p>\n\n\n\n<p>En marzo de 2024 se firm\u00f3 el convenio de colaboraci\u00f3n para la temporada 2023\/24 con el objetivo de promover el deporte en el municipio, fomentar las actividades deportivas de car\u00e1cter formativo y de competici\u00f3n y, en especial, las relacionadas con el f\u00fatbol.<\/p>\n\n\n\n<p>Mediante el convenio, el Ajuntament conced\u00eda a la entidad un importe de hasta 23.000\u20ac de forma directa para las actividades que se hicieran entre el inicio y el final de la temporada 2023\/24. El primer pago fue de 18.000\u20ac, cuando se firm\u00f3 el convenio, y el segundo se ha realizado despu\u00e9s de la justificaci\u00f3n. Teniendo en cuenta los ingresos y gastos justificados, se ha abonado un segundo pago de 1.271,09\u20ac, lo que hace que el convenio para la temporada 2023\/24 haya sido por 19.271,09\u20ac.<\/p>\n\n\n\n<p>La Concejal\u00eda de Deportes ya est\u00e1 trabajando en el convenio de la temporada 2024\/25, que se prev\u00e9 que se apruebe durante el primer trimestre del 2025.<\/p>\n","protected":false},"excerpt":{"rendered":"<p>La Junta de govern del 25 de novembre va aprovar, a petici\u00f3 de la Regidoria d&#8217;Esports, la justificaci\u00f3 del conveni de col\u00b7laboraci\u00f3 per a la temporada 2023\/2024 entre l\u2019Ajuntament i &hellip; <a href=\"https:\/\/bisbalpenedes.com\/web\/2024\/12\/11\/sha-aprovat-la-justificacio-i-el-segon-pagament-del-conveni-de-lajuntament-i-joventut-bisbalenca-cf-per-a-la-temporada-2023-2024\/\" class=\"more-link\">Read More<\/a><\/p>\n","protected":false},"author":4,"featured_media":31976,"comment_status":"closed","ping_status":"closed","sticky":false,"template":"","format":"standard","meta":[],"categories":[8],"tags":[],"_links":{"self":[{"href":"https:\/\/bisbalpenedes.com\/web\/wp-json\/wp\/v2\/posts\/32528"}],"collection":[{"href":"https:\/\/bisbalpenedes.com\/web\/wp-json\/wp\/v2\/posts"}],"about":[{"href":"https:\/\/bisbalpenedes.com\/web\/wp-json\/wp\/v2\/types\/post"}],"author":[{"embeddable":true,"href":"https:\/\/bisbalpenedes.com\/web\/wp-json\/wp\/v2\/users\/4"}],"replies":[{"embeddable":true,"href":"https:\/\/bisbalpenedes.com\/web\/wp-json\/wp\/v2\/comments?post=32528"}],"version-history":[{"count":1,"href":"https:\/\/bisbalpenedes.com\/web\/wp-json\/wp\/v2\/posts\/32528\/revisions"}],"predecessor-version":[{"id":32530,"href":"https:\/\/bisbalpenedes.com\/web\/wp-json\/wp\/v2\/posts\/32528\/revisions\/32530"}],"wp:featuredmedia":[{"embeddable":true,"href":"https:\/\/bisbalpenedes.com\/web\/wp-json\/wp\/v2\/media\/31976"}],"wp:attachment":[{"href":"https:\/\/bisbalpenedes.com\/web\/wp-json\/wp\/v2\/media?parent=32528"}],"wp:term":[{"taxonomy":"category","embeddable":true,"href":"https:\/\/bisbalpenedes.com\/web\/wp-json\/wp\/v2\/categories?post=32528"},{"taxonomy":"post_tag","embeddable":true,"href":"https:\/\/bisbalpenedes.com\/web\/wp-json\/wp\/v2\/tags?post=32528"}],"curies":[{"name":"wp","href":"https:\/\/api.w.org\/{rel}","templated":true}]}}