{"id":32520,"date":"2024-12-11T17:36:42","date_gmt":"2024-12-11T15:36:42","guid":{"rendered":"https:\/\/bisbalpenedes.com\/web\/?p=32520"},"modified":"2024-12-11T17:37:05","modified_gmt":"2024-12-11T15:37:05","slug":"el-proxim-dilluns-dilluns-18-de-desembre-se-celebrara-el-ple-ordinari-de-lajuntament-de-la-bisbal-del-penedes-corresponent-a-aquest-trimestre","status":"publish","type":"post","link":"https:\/\/bisbalpenedes.com\/web\/2024\/12\/11\/el-proxim-dilluns-dilluns-18-de-desembre-se-celebrara-el-ple-ordinari-de-lajuntament-de-la-bisbal-del-penedes-corresponent-a-aquest-trimestre\/","title":{"rendered":"El pr\u00f2xim dilluns dilluns 16 de desembre se celebrar\u00e0 el Ple ordinari de l\u2019Ajuntament de la Bisbal del Pened\u00e8s corresponent a aquest trimestre"},"content":{"rendered":"\n<p>El pr\u00f2xim dilluns 16 de desembre, a les 18h, se celebrar\u00e0 el Ple ordinari de l\u2019Ajuntament de la Bisbal del Pened\u00e8s corresponent a aquest trimestre. L\u2019ordre del dia inclou els punts seg\u00fcents:<\/p>\n\n\n\n<p><strong>PART RESOLUTIVA:<\/strong><\/p>\n\n\n\n<p>Punt 1: acta del Ple ordinari del 16 de setembre<\/p>\n\n\n\n<p>Punt 2: acta del Ple extraordinari de l\u20191 d\u2019octubre<\/p>\n\n\n\n<p>Punt 3: acta del Ple extraordinari del 7 de novembre<\/p>\n\n\n\n<p><strong>ACTIVITAT DE CONTROL:<\/strong><\/p>\n\n\n\n<p>Punt 4: donar compte dels Decrets d\u2019alcaldia<\/p>\n\n\n\n<p>Punt 5: donar compte de les actes de Junta de Govern Local<\/p>\n\n\n\n<p>Punt 6: donar compte de l\u2019informe de control permanent sobre la contractaci\u00f3 menor<\/p>\n\n\n\n<p>Punt 7: donar compte de l\u2019informe d\u2019intervenci\u00f3 relatiu als drets i ingressos del 2n trimestre del 2024<\/p>\n\n\n\n<p>Punt 8: donar compte de l\u2019informe d\u2019intervenci\u00f3 relatiu als drets i ingressos del 3r trimestre del 2024<\/p>\n\n\n\n<p>Punt 9: donar compte de l\u2019informe d\u2019intervenci\u00f3 relatiu a l\u2019execuci\u00f3 del pressupost corresponent al 3r trimestre del 2024<\/p>\n\n\n\n<p>Punt 10: donar compte del Pla anual de control financer pel 2025<\/p>\n\n\n\n<p>Punt 11: moci\u00f3 presentada per Tots som la Bisbal-Urbanizaciones Unidas de<\/p>\n\n\n\n<p>\u00abpetici\u00f3 de dimissi\u00f3 del regidor Daniel Caballero\u00bb<\/p>\n\n\n\n<p><strong>PRECS I PREGUNTES<\/strong><\/p>\n\n\n\n<p><strong>PRECS I PREGUNTES DE LA CIUTADANIA<\/strong><\/p>\n\n\n\n<p>Segons el ROM aprovat al Ple de l\u2019Ajuntament de la Bisbal el 19 de juny de 2017, la ciutadania pot participar en els Plens Ordinaris. Tot seguit us detallem el funcionament d\u2019aquest sup\u00f2sit:<\/p>\n\n\n\n<p>Totes les persones tenen dret a intervenir en les sessions ordin\u00e0ries del Ple en el punt de l\u2019ordre del dia de \u2018Precs i preguntes\u2019, d\u2019acord amb les prescripcions seg\u00fcents:<\/p>\n\n\n\n<ul><li>El prec o pregunta s\u2019haur\u00e0 de sol\u2022licitar a l\u2019Alcaldia:<\/li><\/ul>\n\n\n\n<p>o per escrit i entrar-lo\/a al Registre General com a m\u00e0xim 24 hores abans del Ple Ordinari<\/p>\n\n\n\n<p>o Per Twitter a @BisbalPenedes com a m\u00e0xim 24h abans del Ple Ordinari, complint el protocol d\u2019\u00fas de les xarxes socials i emprant l\u2019etiqueta&nbsp;<a href=\"https:\/\/www.facebook.com\/hashtag\/plebisbalpened%C3%A8s?__eep__=6&amp;source=feed_text&amp;epa=HASHTAG&amp;__xts__%5B0%5D=68.ARD1wXWwwlno0rOKPmoxxgSz89WYH5i8NHgdzmCY3U1GDyNswWNuLJC5R3CyiwZ8glyCklNOgb5D6-ILDBbxPeAhsZdMu8qbfllJN2mwOAG9lPX1POezHU4xpQ6CrtbSOFPuM13bcQDPXDkcT8uMdzLDRgfw5h57ESASLFFbhrUkWoxSN8IheJ2bj9-81sTG3gqQ-wPW1oTv63_qHlpWUiTPav-2exYCEXYInFYQJDcg-f8siVOv1iRTgFStQHuyX1OUlmXnMQEAJGyp0rbWxJ0DXP_c3jiScxjBnW0-ebrftvJ5rcDs6dNS_U1mdQ8lmfvzgSMIsH-xyDrOEt-i4-01nqBm&amp;__tn__=%2ANK-R\">#PleBisbalPened\u00e8s<\/a>, seguit del prec o pregunta.<\/p>\n\n\n\n<ul><li>L\u2019assumpte objecte del prec o pregunta haur\u00e0 de ser de compet\u00e8ncia municipal sobre l\u2019acci\u00f3 de govern o estar directament relacionat amb els punts inclosos a l\u2019ordre del dia.<\/li><li>Cada ciutad\u00e0\/ana pot formular un prec i una pregunta en un mateix Ple. La longitud m\u00e0xima de cada piulada \u00e9s de 140 car\u00e0cters i no es pot continuar la pregunta en un segon \u2018tweet\u2019.<\/li><li>L\u2019alcaldia podr\u00e0 no respondre si \u00e9s un assumpte sobre el qual l\u2019Ajuntament no t\u00e9 compet\u00e8ncies o si ja s\u2019ha presentat la mateixa pregunta en una altra sessi\u00f3 plen\u00e0ria en els \u00faltims 6 mesos.<\/li><li>L\u2019alcaldia comunicar\u00e0, acabat el termini m\u00e0xim de presentaci\u00f3 de preguntes, a qui vagin dirigides les preguntes o peticions sol\u2022licitades perqu\u00e8 les pugui respondre.<\/li><li>L\u2019Alcaldia llegir\u00e0 la pregunta en veu alta.<\/li><li>L\u2019alcaldia o a qui va adre\u00e7ada la pregunta, la respondr\u00e0 en la mateixa sessi\u00f3 del Ple.<\/li><\/ul>\n\n\n\n<hr class=\"wp-block-separator has-alpha-channel-opacity\"\/>\n\n\n\n<h2><strong>El pr\u00f3ximo lunes 16 de diciembre se celebrar\u00e1 el Pleno ordinario del Ajuntament de la Bisbal del Pened\u00e8s correspondiente a este trimestre<\/strong><\/h2>\n\n\n\n<p>El pr\u00f3ximo lunes 16 de diciembre, a las 18h, se celebrar\u00e1 el Pleno ordinario del Ajuntament de la Bisbal del Pened\u00e8s correspondiente a este trimestre. El orden del d\u00eda incluye los siguientes puntos:<\/p>\n\n\n\n<p><strong>PARTE RESOLUTIVA:<\/strong><\/p>\n\n\n\n<p>Punto 1: acta del Pleno ordinario del 16 de septiembre<\/p>\n\n\n\n<p>Punto 2: acta del Pleno extraordinario del 1 de octubre<\/p>\n\n\n\n<p>Punto 3: acta del Pleno extraordinario del 7 de noviembre<\/p>\n\n\n\n<p><strong>ACTIVIDAD DE CONTROL:<\/strong><\/p>\n\n\n\n<p>Punto 4: dar cuenta de los Decretos de alcald\u00eda<\/p>\n\n\n\n<p>Punto 5: dar cuenta de las actas de Junta de Gobierno Local<\/p>\n\n\n\n<p>Punto 6: dar cuenta del informe de control permanente sobre la contrataci\u00f3n menor<\/p>\n\n\n\n<p>Punto 7: dar cuenta del informe de intervenci\u00f3n relativo a los derechos e ingresos del 2\u00ba trimestre de 2024<\/p>\n\n\n\n<p>Punto 8: dar cuenta del informe de intervenci\u00f3n relativo a los derechos e ingresos del 3\u00ba trimestre de 2024<\/p>\n\n\n\n<p>Punto 9: dar cuenta del informe de intervenci\u00f3n relativo a la ejecuci\u00f3n del presupuesto correspondiente al 3\u00ba trimestre de 2024<\/p>\n\n\n\n<p>Punto 10: dar cuenta del Plan anual de control financiero para 2025<\/p>\n\n\n\n<p>Punto 11: moci\u00f3n presentada por Tots som la Bisbal-Urbanizaciones Unidas de<\/p>\n\n\n\n<p>\u00abpetici\u00f3n de dimisi\u00f3n del concejal Daniel Caballero\u00bb<\/p>\n\n\n\n<p><strong>RUEGOS Y PREGUNTAS<\/strong><\/p>\n\n\n\n<p><strong>RUEGOS Y PREGUNTAS DE LA CIUDADAN\u00cdA<\/strong><\/p>\n\n\n\n<p>Seg\u00fan el ROM aprobado en el Pleno del Ajuntament de la Bisbal el 19 de junio de 2017, la ciudadan\u00eda puede participar en los Plenos Ordinarios. A continuaci\u00f3n, os detallamos el funcionamiento de este supuesto:<\/p>\n\n\n\n<p>Todas las personas tienen derecho a intervenir en las sesiones ordinarias del Pleno en el punto del orden del d\u00eda de &#8216;Ruegos y preguntas&#8217;, de acuerdo con las prescripciones siguientes:<\/p>\n\n\n\n<p>\u2022&nbsp;&nbsp;&nbsp;&nbsp;&nbsp;&nbsp; El ruego o pregunta deber\u00e1 solicitarse a la Alcald\u00eda:<\/p>\n\n\n\n<p>o por escrito y entregarlo en el Registro General como m\u00e1ximo 24 horas antes del Pleno Ordinario<\/p>\n\n\n\n<p>o Por Twitter a @BisbalPenedes como m\u00e1ximo 24h antes del Pleno Ordinario, cumpliendo el protocolo de uso de las redes sociales y utilizando la etiqueta #PleBisbalPened\u00e8s, seguido del ruego o pregunta.<\/p>\n\n\n\n<p>\u2022&nbsp;&nbsp;&nbsp;&nbsp;&nbsp;&nbsp; El asunto objeto del ruego o pregunta deber\u00e1 ser de competencia municipal sobre la acci\u00f3n de gobierno o estar directamente relacionado con los puntos incluidos en el orden del d\u00eda.<\/p>\n\n\n\n<p>\u2022&nbsp;&nbsp;&nbsp;&nbsp;&nbsp;&nbsp; Cada ciudadano\/a puede formular un ruego y una pregunta en un mismo Pleno. La longitud m\u00e1xima de cada tuit es de 140 caracteres y no se puede continuar la pregunta en un segundo &#8216;tweet&#8217;.<\/p>\n\n\n\n<p>\u2022&nbsp;&nbsp;&nbsp;&nbsp;&nbsp;&nbsp; La alcald\u00eda podr\u00e1 no responder si es un asunto sobre el cual el Ajuntament no tiene competencias o si ya se ha presentado la misma pregunta en otra sesi\u00f3n plenaria en los \u00faltimos 6 meses.<\/p>\n\n\n\n<p>\u2022&nbsp;&nbsp;&nbsp;&nbsp;&nbsp;&nbsp; La alcald\u00eda comunicar\u00e1, al finalizar el plazo m\u00e1ximo de presentaci\u00f3n de preguntas, a qui\u00e9n vayan dirigidas las preguntas o peticiones solicitadas para que las pueda responder.<\/p>\n\n\n\n<p>\u2022&nbsp;&nbsp;&nbsp;&nbsp;&nbsp;&nbsp; La alcald\u00eda leer\u00e1 la pregunta en voz alta.<\/p>\n\n\n\n<p>\u2022&nbsp;&nbsp;&nbsp;&nbsp;&nbsp;&nbsp; La alcald\u00eda o a quien vaya dirigida la pregunta, la responder\u00e1 en la misma sesi\u00f3n del Pleno.<\/p>\n","protected":false},"excerpt":{"rendered":"<p>El pr\u00f2xim dilluns 16 de desembre, a les 18h, se celebrar\u00e0 el Ple ordinari de l\u2019Ajuntament de la Bisbal del Pened\u00e8s corresponent a aquest trimestre. L\u2019ordre del dia inclou els &hellip; <a href=\"https:\/\/bisbalpenedes.com\/web\/2024\/12\/11\/el-proxim-dilluns-dilluns-18-de-desembre-se-celebrara-el-ple-ordinari-de-lajuntament-de-la-bisbal-del-penedes-corresponent-a-aquest-trimestre\/\" class=\"more-link\">Read More<\/a><\/p>\n","protected":false},"author":4,"featured_media":20647,"comment_status":"closed","ping_status":"closed","sticky":false,"template":"","format":"standard","meta":[],"categories":[8,2251,2250],"tags":[393,249,2719],"_links":{"self":[{"href":"https:\/\/bisbalpenedes.com\/web\/wp-json\/wp\/v2\/posts\/32520"}],"collection":[{"href":"https:\/\/bisbalpenedes.com\/web\/wp-json\/wp\/v2\/posts"}],"about":[{"href":"https:\/\/bisbalpenedes.com\/web\/wp-json\/wp\/v2\/types\/post"}],"author":[{"embeddable":true,"href":"https:\/\/bisbalpenedes.com\/web\/wp-json\/wp\/v2\/users\/4"}],"replies":[{"embeddable":true,"href":"https:\/\/bisbalpenedes.com\/web\/wp-json\/wp\/v2\/comments?post=32520"}],"version-history":[{"count":2,"href":"https:\/\/bisbalpenedes.com\/web\/wp-json\/wp\/v2\/posts\/32520\/revisions"}],"predecessor-version":[{"id":32522,"href":"https:\/\/bisbalpenedes.com\/web\/wp-json\/wp\/v2\/posts\/32520\/revisions\/32522"}],"wp:featuredmedia":[{"embeddable":true,"href":"https:\/\/bisbalpenedes.com\/web\/wp-json\/wp\/v2\/media\/20647"}],"wp:attachment":[{"href":"https:\/\/bisbalpenedes.com\/web\/wp-json\/wp\/v2\/media?parent=32520"}],"wp:term":[{"taxonomy":"category","embeddable":true,"href":"https:\/\/bisbalpenedes.com\/web\/wp-json\/wp\/v2\/categories?post=32520"},{"taxonomy":"post_tag","embeddable":true,"href":"https:\/\/bisbalpenedes.com\/web\/wp-json\/wp\/v2\/tags?post=32520"}],"curies":[{"name":"wp","href":"https:\/\/api.w.org\/{rel}","templated":true}]}}