{"id":32491,"date":"2024-12-04T13:47:09","date_gmt":"2024-12-04T11:47:09","guid":{"rendered":"https:\/\/bisbalpenedes.com\/web\/?p=32491"},"modified":"2024-12-04T13:48:44","modified_gmt":"2024-12-04T11:48:44","slug":"la-bisbal-del-penedes-renova-el-conveni-amb-la-cambra-de-comerc-de-tarragona-per-impulsar-el-desenvolupament-economic-local","status":"publish","type":"post","link":"https:\/\/bisbalpenedes.com\/web\/2024\/12\/04\/la-bisbal-del-penedes-renova-el-conveni-amb-la-cambra-de-comerc-de-tarragona-per-impulsar-el-desenvolupament-economic-local\/","title":{"rendered":"<strong>La Bisbal del Pened\u00e8s renova el conveni amb la Cambra de Comer\u00e7 de Tarragona per impulsar el desenvolupament econ\u00f2mic local<\/strong>"},"content":{"rendered":"\n<p><sup>*Imatge d&#8217;arxiu: Gala del comer\u00e7 2023<\/sup><\/p>\n\n\n\n<p>El passat novembre, la Junta de Govern de l&#8217;Ajuntament de la Bisbal del Pened\u00e8s va aprovar l&#8217;addenda per a l&#8217;any 2024 del conveni de col\u00b7laboraci\u00f3 amb la Cambra Oficial de Comer\u00e7, Ind\u00fastria, Serveis i Navegaci\u00f3 de Tarragona. L&#8217;acord, dotat amb un pressupost total de 14.999 euros, t\u00e9 com a objectiu principal promoure accions que millorin el desenvolupament de les activitats econ\u00f2miques del municipi, beneficiant directament empreses i aut\u00f2noms locals.<\/p>\n\n\n\n<p>El conveni contempla dues l\u00ednies d&#8217;actuaci\u00f3 fonamentals per al proper exercici. La primera d&#8217;elles, denominada &#8220;Desenvolupament del Pla d&#8217;Impuls de les \u00c0rees d&#8217;Activitat Econ\u00f2mica&#8221;, compta amb una inversi\u00f3 de 12.000 euros i se centrar\u00e0 a involucrar les empreses en projectes p\u00fablic-privats per millorar la seva competitivitat.<\/p>\n\n\n\n<p>Aquesta primera acci\u00f3 inclour\u00e0 la celebraci\u00f3 de sis taules de treball anuals, distribu\u00efdes en dues convocat\u00f2ries (primavera i tardor), que abordaran quatre \u00e0rees estrat\u00e8giques: sostenibilitat i energia, governan\u00e7a i gesti\u00f3 estrat\u00e8gica, recursos humans i mobilitat, i serveis i seguretat. L&#8217;objectiu final \u00e9s dissenyar accions que s&#8217;implementaran durant l&#8217;any 2025.<\/p>\n\n\n\n<p>La segona l\u00ednia d&#8217;actuaci\u00f3 se centra en la &#8220;Precampanya de Nadal&#8221;, amb un pressupost de 2.999 euros. Programada per desenvolupar-se entre el 13 i el 22 de desembre de 2024, aquesta iniciativa busca incrementar el consum als establiments locals durant la temporada de major activitat comercial.<\/p>\n\n\n\n<p>Entre les accions previstes destaquen la formaci\u00f3 a comerciants, assessorament personalitzat, tutories amb els establiments i el desenvolupament d&#8217;una campanya que incentivi les compres prenadalenques mitjan\u00e7ant un sistema de regals i promocions.<\/p>\n\n\n\n<p>L&#8217;alcaldessa i responsable d&#8217;Ocupaci\u00f3 i Empresa de l&#8217;Ajuntament de la Bisbal del Pened\u00e8s, Agn\u00e8s Ferr\u00e9, ha valorat positivament aquest conveni, assenyalant que <em>&#8220;es tracta d&#8217;una eina fonamental per mantenir viu el teixit comercial local i generar oportunitats per a les nostres empreses i aut\u00f2noms&#8221;.<\/em><\/p>\n\n\n\n<p>La col\u00b7laboraci\u00f3 entre l&#8217;Ajuntament i la Cambra de Comer\u00e7 de Tarragona continua aix\u00ed el seu comprom\u00eds de suport al desenvolupament econ\u00f2mic local, amb un enfocament estrat\u00e8gic que prioritza la competitivitat, la innovaci\u00f3 i la promoci\u00f3 del comer\u00e7 de proximitat.<\/p>\n\n\n\n<hr class=\"wp-block-separator has-alpha-channel-opacity\"\/>\n\n\n\n<h2><strong>La Bisbal del Pened\u00e8s renueva el convenio con la Cambra de Comer\u00e7 de Tarragona para impulsar el desarrollo econ\u00f3mico local<\/strong><\/h2>\n\n\n\n<p>El pasado mes de noviembre, la Junta de Gobierno del Ajuntament de la Bisbal del Pened\u00e8s aprob\u00f3 la adenda para el a\u00f1o 2024 del convenio de colaboraci\u00f3n con la Cambra Oficial de Comer\u00e7, Ind\u00fastria, Serveis i Navegaci\u00f3 de Tarragona. El acuerdo, dotado con un presupuesto total de 14.999 euros, tiene como objetivo principal promover acciones que mejoren el desarrollo de las actividades econ\u00f3micas del municipio, beneficiando directamente a empresas y aut\u00f3nomos locales.<\/p>\n\n\n\n<p>El convenio contempla dos l\u00edneas de actuaci\u00f3n fundamentales para el pr\u00f3ximo ejercicio. La primera de ellas, denominada &#8220;Desarrollo del Plan de Impulso de las \u00c1reas de Actividad Econ\u00f3mica&#8221;, cuenta con una inversi\u00f3n de 12.000 euros y se centrar\u00e1 en involucrar a las empresas en proyectos p\u00fablico-privados para mejorar su competitividad.<\/p>\n\n\n\n<p>Esta primera acci\u00f3n incluir\u00e1 la celebraci\u00f3n de seis mesas de trabajo anuales, distribuidas en dos convocatorias (primavera y oto\u00f1o), que abordar\u00e1n cuatro \u00e1reas estrat\u00e9gicas: sostenibilidad y energ\u00eda, gobernanza y gesti\u00f3n estrat\u00e9gica, recursos humanos y movilidad, y servicios y seguridad. El objetivo final es dise\u00f1ar acciones que se implementar\u00e1n durante el a\u00f1o 2025.<\/p>\n\n\n\n<p>La segunda l\u00ednea de actuaci\u00f3n se centra en la &#8220;Precampa\u00f1a de Navidad&#8221;, con un presupuesto de 2.999 euros. Programada para desarrollarse entre el 13 y el 22 de diciembre de 2024, esta iniciativa busca incrementar el consumo en los establecimientos locales durante la temporada de mayor actividad comercial.<\/p>\n\n\n\n<p>Entre las acciones previstas destacan la formaci\u00f3n a comerciantes, asesoramiento personalizado, tutor\u00edas con los establecimientos y el desarrollo de una campa\u00f1a que incentive las compras pre-navide\u00f1as mediante un sistema de regalos y promociones.<\/p>\n\n\n\n<p>La alcaldesa y responsable de Ocupaci\u00f3n y Empresa del Ajuntament de la Bisbal del Pened\u00e8s, Agn\u00e8s Ferr\u00e9, ha valorado positivamente este convenio, se\u00f1alando que <em>&#8220;se trata de una herramienta fundamental para mantener vivo el tejido comercial local y generar oportunidades para nuestras empresas y aut\u00f3nomos&#8221;.<\/em><\/p>\n\n\n\n<p>La colaboraci\u00f3n entre el Ajuntament y la Cambra de Comer\u00e7 de Tarragona contin\u00faa as\u00ed su compromiso de apoyo al desarrollo econ\u00f3mico local, con un enfoque estrat\u00e9gico que prioriza la competitividad, la innovaci\u00f3n y la promoci\u00f3n del comercio de proximidad.<\/p>\n","protected":false},"excerpt":{"rendered":"<p>*Imatge d&#8217;arxiu: Gala del comer\u00e7 2023 El passat novembre, la Junta de Govern de l&#8217;Ajuntament de la Bisbal del Pened\u00e8s va aprovar l&#8217;addenda per a l&#8217;any 2024 del conveni de &hellip; <a href=\"https:\/\/bisbalpenedes.com\/web\/2024\/12\/04\/la-bisbal-del-penedes-renova-el-conveni-amb-la-cambra-de-comerc-de-tarragona-per-impulsar-el-desenvolupament-economic-local\/\" class=\"more-link\">Read More<\/a><\/p>\n","protected":false},"author":4,"featured_media":32492,"comment_status":"closed","ping_status":"closed","sticky":false,"template":"","format":"standard","meta":[],"categories":[3860,3822,8],"tags":[6937,1251,393],"_links":{"self":[{"href":"https:\/\/bisbalpenedes.com\/web\/wp-json\/wp\/v2\/posts\/32491"}],"collection":[{"href":"https:\/\/bisbalpenedes.com\/web\/wp-json\/wp\/v2\/posts"}],"about":[{"href":"https:\/\/bisbalpenedes.com\/web\/wp-json\/wp\/v2\/types\/post"}],"author":[{"embeddable":true,"href":"https:\/\/bisbalpenedes.com\/web\/wp-json\/wp\/v2\/users\/4"}],"replies":[{"embeddable":true,"href":"https:\/\/bisbalpenedes.com\/web\/wp-json\/wp\/v2\/comments?post=32491"}],"version-history":[{"count":3,"href":"https:\/\/bisbalpenedes.com\/web\/wp-json\/wp\/v2\/posts\/32491\/revisions"}],"predecessor-version":[{"id":32495,"href":"https:\/\/bisbalpenedes.com\/web\/wp-json\/wp\/v2\/posts\/32491\/revisions\/32495"}],"wp:featuredmedia":[{"embeddable":true,"href":"https:\/\/bisbalpenedes.com\/web\/wp-json\/wp\/v2\/media\/32492"}],"wp:attachment":[{"href":"https:\/\/bisbalpenedes.com\/web\/wp-json\/wp\/v2\/media?parent=32491"}],"wp:term":[{"taxonomy":"category","embeddable":true,"href":"https:\/\/bisbalpenedes.com\/web\/wp-json\/wp\/v2\/categories?post=32491"},{"taxonomy":"post_tag","embeddable":true,"href":"https:\/\/bisbalpenedes.com\/web\/wp-json\/wp\/v2\/tags?post=32491"}],"curies":[{"name":"wp","href":"https:\/\/api.w.org\/{rel}","templated":true}]}}