{"id":32484,"date":"2024-12-04T13:15:58","date_gmt":"2024-12-04T11:15:58","guid":{"rendered":"https:\/\/bisbalpenedes.com\/web\/?p=32484"},"modified":"2024-12-04T13:15:58","modified_gmt":"2024-12-04T11:15:58","slug":"el-13-de-desembre-comenca-la-campanya-comercial-troba-la-llum-del-nadal-enguany-com-a-novetat-es-fara-la-fira-de-nadal-i-el-tio-gegant","status":"publish","type":"post","link":"https:\/\/bisbalpenedes.com\/web\/2024\/12\/04\/el-13-de-desembre-comenca-la-campanya-comercial-troba-la-llum-del-nadal-enguany-com-a-novetat-es-fara-la-fira-de-nadal-i-el-tio-gegant\/","title":{"rendered":"El 13 de desembre comen\u00e7a la campanya comercial &#8216;Troba la Llum del Nadal&#8217; &#8211; Enguany com a novetat es far\u00e0 la Fira de Nadal i el Ti\u00f3 gegant"},"content":{"rendered":"\n<p><strong>Enguany hi ha diverses novetats: es far\u00e0 la &#8216;Fira de Nadal de la Bisbal&#8217; que comptar\u00e0 amb la participaci\u00f3 de comer\u00e7os locals, parades d&#8217;artesania i tastos gastron\u00f2mics; i tamb\u00e9 es far\u00e0 un Ti\u00f3 Gegant amb xocolatada<\/strong><\/p>\n\n\n\n<p>L&#8217;Ajuntament de la Bisbal del Pened\u00e8s i la Cambra de Comer\u00e7 de Tarragona duen a terme, un any m\u00e9s, una campanya per dinamitzar i donar visibilitat al teixit comercial bisbalenc abans de les festes nadalenques. Per aquest motiu,&nbsp;<strong>del 13 al 22 de desembre<\/strong>&nbsp;es premiar\u00e0 la fidelitat dels ve\u00efns i les ve\u00efnes que comprin a la Bisbal del Pened\u00e8s amb&nbsp;<strong>obsequis, promocions i amb la participaci\u00f3 en un sorteig<\/strong>&nbsp;de tres lots de productes bisbalencs. Per la compra en sis establiments diferents, els bisbalencs i bisbalenques rebran un obsequi per part del sis\u00e8 comer\u00e7 i un altre per part de l&#8217;Ajuntament. En aquesta nova edici\u00f3, &nbsp;<strong>rebran una espelma als comer\u00e7os i una tassa il\u00b7lustrada amb un dels tres murals&nbsp;<\/strong>que han triat els comerciants bisbalencs&nbsp;<strong>adre\u00e7ant-se les oficines municipals.<\/strong>&nbsp;Com a novetats, el dia 13 de desembre es far\u00e0 la&nbsp;<strong>&#8216;Fira de Nadal de la Bisbal&#8217;<\/strong>&nbsp;amb la participaci\u00f3 de prop d&#8217;una vintena de parades que oferiran artesania, productes locals i tastos de menjar, de vins i de caves; i el dissabte 21 de desembre al mat\u00ed hi haur\u00e0 un&nbsp;<strong>Ti\u00f3 gegant<\/strong>&nbsp;a la pla\u00e7a Catalunya, on tamb\u00e9 s&#8217;hi far\u00e0 una xocolatada.<\/p>\n\n\n\n<p>La campanya comercial&nbsp;<strong>&#8216;Troba la Llum del Nadal&#8217;<\/strong>&nbsp;ja s&#8217;ha convertit en una tradici\u00f3 bisbalenca. Enguany, arriba a la seva&nbsp;<strong>5a edici\u00f3<\/strong>&nbsp;amb la&nbsp;<strong>participaci\u00f3 de 35 comer\u00e7os<\/strong>&nbsp;i empreses de serveis de la Bisbal del Pened\u00e8s que oferiran ofertes i promocions als seus clients i que faran publicitat de les seves iniciatives a trav\u00e9s de la xarxa social Instagram. Enguany, a m\u00e9s, nou comer\u00e7os bisbalencs se sumaran a la&nbsp;<strong>&#8216;Fira de Nadal de la Bisbal&#8217; de la pla\u00e7a de l&#8217;Esgl\u00e9sia, que aplegar\u00e0 prop d&#8217;una vintena de parades&nbsp;<\/strong>del municipi i d&#8217;altres indrets el&nbsp;<strong>divendres 13 de desembre<\/strong>&nbsp;de 17h a 22h. Aquella mateixa tarda, a les 18h,&nbsp;<strong>s&#8217;obriran els llums de Nadal i hi haur\u00e0 un atractiu per a les fam\u00edlies &#8220;La bola de Nadal&#8221;,&nbsp;<\/strong>en l&#8217;interior de la qual es podr\u00e0 viure la m\u00e0gia del Nadal amb un contacontes. A m\u00e9s, el&nbsp;<strong>21 de desembre, d&#8217;11:00h a 14:30h, la pla\u00e7a Catalunya&nbsp;<\/strong>acollir\u00e0 el&nbsp;<strong>Ti\u00f3 gegant<\/strong>&nbsp;amb motiu de la campanya de comer\u00e7 i hi haur\u00e0 xocolatada per a tothom.<\/p>\n\n\n\n<p><strong>FUNCIONAMENT DE LA CAMPANYA<\/strong><\/p>\n\n\n\n<p>El funcionament de la campanya ser\u00e0 el seg\u00fcent: els clients que adquireixin serveis o vagin a comprar als comer\u00e7os bisbalencs, podran anar omplint una butlleta amb els segells de les botigues.&nbsp;<strong>Quan tinguin el segell de sis establiments diferents<\/strong>, l&#8217;establiment que posi el sis\u00e8 segell obsequiar\u00e0 el client amb&nbsp;<strong>la llum del Nadal<\/strong>&nbsp;-que \u00e9s una espelma- i, despr\u00e9s, es podran adre\u00e7ar a l\u2019Ajuntament amb la butlleta emplenada per&nbsp;<strong>rebre la seva tassa<\/strong>&nbsp;-hi haur\u00e0 tres dissenys diferents basats en els murals de la Bisbal- i participar en el sorteig de tres lots de productes bisbalencs. A m\u00e9s, els establiments participants oferiran promocions.<\/p>\n\n\n\n<p>Quant a Instagram, els comer\u00e7os i empreses de serveis que participen en la campanya ja han comen\u00e7at a mostrar els seus productes, serveis, ofertes i promocions a trav\u00e9s de la xarxa social. La campanya es vehicula a trav\u00e9s de l\u2019etiqueta&nbsp;<strong>#JoComproALaBisbal<\/strong>&nbsp;i els clients poden utilitzar aquesta mateixa&nbsp;etiqueta per publicar fotografies amb productes bisbalencs o relacionades amb la campanya comercial i Nadal.<\/p>\n\n\n\n<p>La presidenta de la Cambra de Comer\u00e7 de Tarragona, Laura Roig\u00e9, considera que&nbsp;<em>\u201cla Bisbal s\u2019ha reinventat amb els murals, que \u00e9s un nou atractiu que posiciona la poblaci\u00f3&#8221;.&nbsp;<\/em>Roig\u00e9 celebra<em>&nbsp;&#8220;que la campanya comercial de Nadal aprofiti aquesta embranzida creant sinergies entre els grafits de grans dimensions i els establiments comercials, de serveis i bars i restaurants. Tamb\u00e9 \u00e9s una bon not\u00edcia que vuit nous establiments hagin obert portes durant el darrer any&#8221;.<\/em><\/p>\n\n\n\n<p>Judith Vidal, ha explicat que com a regidora de Comer\u00e7 se sent cofoia de poder engegar, un any m\u00e9s, la campanya \u2018Troba la Llum del Nadal\u2019:&nbsp;<em>\u201ccom ha comentat la presidenta de la Cambra, hem crescut amb vuit nous establiments i en tenim algun a punt de n\u00e9ixer. Aix\u00f2 s\u00f3n bon\u00edssimes not\u00edcies per a la nostra vila, ja que el comer\u00e7 mant\u00e9 viu el poble. A m\u00e9s, celebrem la implicaci\u00f3 dels nostres establiments en aquesta campanya tan esperada per comer\u00e7os i clients. Enguany, hem fet unes tasses amb els tres murals que han triat els establiments i aquest ser\u00e0 l&#8217;obsequi que donarem quan els clients portin les butlletes emplenades a l&#8217;Ajuntament. Estem molt satisfetes dels murals que decoren el nostre municipi i ve molt\u00edssima gent a visitar-los. Per aix\u00f2, hem pensat que podria ser un bon motiu per decorar les tasses&#8221;.&nbsp;<\/em>Quant a la fira de Nadal, la regidora ha explicat que&nbsp;<em>&#8220;enguany va sorgir la idea de fer una fira per dinamitzar encara m\u00e9s els nostres carrers i, d&#8217;alguna manera, que es not\u00e9s l&#8217;arribada del Nadal a la vila. D&#8217;aquesta manera, engeguem els llums de Nadal, fem una fira i anunciem l&#8217;inici de la campanya de Nadal, tot en un! I, quan ja s&#8217;apropi el dia de Nadal, farem un Ti\u00f3 gegant amb xocolatada per a tothom! Volem que aquests dies siguin especials per a tothom, que tots puguem viure el Nadal als carrers, gaudir dels murals que decoren la Bisbal i, per descomptat, prioritzar el comer\u00e7 local a l&#8217;hora de fer les compres nadalenques&#8221;.<\/em><\/p>\n\n\n\n<p><em>El sorteig dels tres lots de productes bisbalencs es far\u00e0 el dilluns 23 de desembre, a les 13h, en directe al perfil d\u2019Instagram de l\u2019Ajuntament de la Bisbal del Pened\u00e8s:&nbsp;<a href=\"http:\/\/www.instagram.com\/bisbalpenedes\" target=\"_blank\" rel=\"noreferrer noopener\">www.instagram.com\/bisbalpenedes (@bisbalpenedes).<\/a><\/em><\/p>\n\n\n\n<p><strong><em>TERCERA GALA DEL COMER\u00c7 BISBALENC<\/em><\/strong><\/p>\n\n\n\n<p><em>El 12 de desembre, l&#8217;Ajuntament de la Bisbal del Pened\u00e8s celebrar\u00e0 la 3a edici\u00f3 de la &#8216;Gala del comer\u00e7 bisbalenc&#8217;, un esdeveniment adre\u00e7at als establiments comercials de la Bisbal del Pened\u00e8s que t\u00e9 per objectiu crear sinergies entre els diferents comer\u00e7os, motivar-los i compartir una bona estona amb un sopar a peu dret. Enguany, aquesta gala es du a terme el dia abans de l&#8217;inici de campanya i tamb\u00e9 servir\u00e0 per poder compartir i resoldre dubtes just abans de l&#8217;inici d&#8217;aquesta i perqu\u00e8 els establiments rebin tot el material per tirar edavant la iniciativa comercial.<\/em><\/p>\n\n\n\n<p><em>Val a dir que, com cada any, des de l&#8217;Ajuntament i la Cambra de Tarragona es treballa per donar eines als comer\u00e7os bisbalencs perqu\u00e8 tinguin pres\u00e8ncia als canals digitals, especialment a Google i Instagram, amb l&#8217;objectiu que puguin dinamitzar els seus comer\u00e7os i oferir els seus productes i promocions a trav\u00e9s d&#8217;internet. Per aquest motiu, us animem a seguir els diferents establiments bisbalencs a trav\u00e9s de la xarxa.<\/em><\/p>\n\n\n\n<hr class=\"wp-block-separator has-alpha-channel-opacity\"\/>\n\n\n\n<p><strong>CASTELLANO | <\/strong><strong>El 13 de diciembre comienza la campa\u00f1a comercial &#8216;Troba la Llum del Nadal&#8217;<\/strong><\/p>\n\n\n\n<p><strong>Este a\u00f1o hay varias novedades: se realizar\u00e1 la &#8216;Fira de Nadal de la Bisbal&#8217; que contar\u00e1 con la participaci\u00f3n de comercios locales, puestos de artesan\u00eda y degustaciones gastron\u00f3micas; y tambi\u00e9n se har\u00e1 un Ti\u00f3 gigante con chocolate caliente<\/strong><\/p>\n\n\n\n<p>L&#8217;Ajuntament de la Bisbal del Pened\u00e8s y la Cambra de Comer\u00e7 de Tarragona llevan a cabo, un a\u00f1o m\u00e1s, una campa\u00f1a para dinamizar y dar visibilidad al tejido comercial bisbalenc antes de las fiestas navide\u00f1as. Por este motivo,&nbsp;<strong>del 13 al 22 de diciembre<\/strong>&nbsp;se premiar\u00e1 la fidelidad de los vecinos y vecinas que compren en la Bisbal del Pened\u00e8s con&nbsp;<strong>obsequios, promociones y con la participaci\u00f3n en un sorteo<\/strong>&nbsp;de tres lotes de productos bisbalencs. Por la compra en seis establecimientos diferentes, los bisbalencs y bisbalenques recibir\u00e1n un obsequio por parte del sexto comercio y otro por parte del Ajuntament. En esta nueva edici\u00f3n,&nbsp;<strong>recibir\u00e1n una vela en los comercios y una taza ilustrada con uno de los tres murales que han elegido los comerciantes bisbalencs dirigi\u00e9ndose a las oficinas municipales<\/strong>. Como novedades, el d\u00eda 13 de diciembre se har\u00e1 la&nbsp;<strong>&#8216;Fira de Nadal de la Bisbal&#8217;<\/strong>&nbsp;con la participaci\u00f3n de cerca de una veintena de puestos que ofrecer\u00e1n artesan\u00eda, productos locales y degustaciones de comida, vinos y cavas; y el s\u00e1bado 21 de diciembre por la ma\u00f1ana habr\u00e1 un&nbsp;<strong>Ti\u00f3 gigante<\/strong>&nbsp;en la plaza Catalunya, donde tambi\u00e9n se har\u00e1 una chocolatada.<\/p>\n\n\n\n<p>La campa\u00f1a comercial&nbsp;<strong>&#8216;Troba la Llum del Nadal&#8217;<\/strong>&nbsp;ya se ha convertido en una tradici\u00f3n bisbalenca. Este a\u00f1o, llega a su&nbsp;<strong>5\u00aa edici\u00f3n<\/strong>&nbsp;con la&nbsp;<strong>participaci\u00f3n de 35 comercios<\/strong>&nbsp;y empresas de servicios de la Bisbal del Pened\u00e8s que ofrecer\u00e1n ofertas y promociones a sus clientes y que har\u00e1n publicidad de sus iniciativas a trav\u00e9s de la red social Instagram. Este a\u00f1o, adem\u00e1s, nueve comercios bisbalencs se sumar\u00e1n a&nbsp;<strong>la &#8216;Fira de Nadal de la Bisbal&#8217; de la plaza de l&#8217;Esgl\u00e9sia, que reunir\u00e1 cerca de una veintena de puestos<\/strong>&nbsp;del municipio y de otros lugares el&nbsp;<strong>viernes 13 de diciembre<\/strong>&nbsp;de 17h a 22h. Aquella misma tarde, a las 18h,&nbsp;<strong>se encender\u00e1n las luces de Navidad y habr\u00e1 un atractivo para las familias &#8220;La bola de Navidad&#8221;<\/strong>, en cuyo interior se podr\u00e1 vivir la magia de la Navidad con un cuentacuentos. Adem\u00e1s, el&nbsp;<strong>21 de diciembre, de 11:00h a 14:30h<\/strong>, la plaza Catalunya acoger\u00e1 el&nbsp;<strong>Ti\u00f3 gigante&nbsp;<\/strong>con motivo de la campa\u00f1a de comercio y habr\u00e1 chocolate caliente para todos.<\/p>\n\n\n\n<p><strong>FUNCIONAMIENTO DE LA CAMPA\u00d1A<\/strong><\/p>\n\n\n\n<p>El funcionamiento de la campa\u00f1a ser\u00e1 el siguiente: los clientes que adquieran servicios o vayan a comprar a los comercios bisbalencs, podr\u00e1n ir rellenando un cup\u00f3n con los sellos de las tiendas.&nbsp;<strong>Cuando tengan el sello de seis establecimientos diferentes,&nbsp;<\/strong>el establecimiento que ponga el sexto sello obsequiar\u00e1 al cliente con la&nbsp;<strong>luz de la Navidad<\/strong>&nbsp;-que es una vela- y, despu\u00e9s, se podr\u00e1n dirigir al Ajuntament con el cup\u00f3n cumplimentado para&nbsp;<strong>recibir su taza<\/strong>&nbsp;-habr\u00e1 tres dise\u00f1os diferentes basados en los murales de la Bisbal- y participar en el sorteo de tres lotes de productos bisbalencs. Adem\u00e1s, los establecimientos participantes ofrecer\u00e1n promociones.<\/p>\n\n\n\n<p>En cuanto a Instagram, los comercios y empresas de servicios que participan en la campa\u00f1a ya han comenzado a mostrar sus productos, servicios, ofertas y promociones a trav\u00e9s de la red social. La campa\u00f1a se vehicula a trav\u00e9s de la etiqueta&nbsp;<strong>#JoComproALaBisbal<\/strong>&nbsp;y los clientes pueden utilizar esta misma etiqueta para publicar fotograf\u00edas con productos bisbalencs o relacionadas con la campa\u00f1a comercial y Navidad.<\/p>\n\n\n\n<p>La presidenta de la Cambra de Comer\u00e7 de Tarragona, Laura Roig\u00e9, considera que&nbsp;<em>&#8220;la Bisbal se ha reinventado con los murales, que son un nuevo atractivo que posiciona la poblaci\u00f3n&#8221;.<\/em>&nbsp;Roig\u00e9 celebra&nbsp;<em>&#8220;que la campa\u00f1a comercial de Navidad aproveche este impulso creando sinergias entre los grafitis de grandes dimensiones y los establecimientos comerciales, de servicios y bares y restaurantes. Tambi\u00e9n es una buena noticia que ocho nuevos establecimientos hayan abierto sus puertas durante el \u00faltimo a\u00f1o&#8221;.<\/em><\/p>\n\n\n\n<p>Judith Vidal ha explicado que como concejala de Comercio se siente orgullosa de poder poner en marcha, un a\u00f1o m\u00e1s, la campa\u00f1a &#8216;Troba la Llum del Nadal&#8217;:&nbsp;<em>&#8220;como ha comentado la presidenta de la Cambra, hemos crecido con ocho nuevos establecimientos y tenemos alguno a punto de nacer. Estas son buen\u00edsimas noticias para nuestro pueblo, ya que el comercio mantiene vivo el municipio. Adem\u00e1s, celebramos la implicaci\u00f3n de nuestros establecimientos en esta campa\u00f1a tan esperada por comercios y clientes. Este a\u00f1o, hemos hecho unas tazas con los tres murales que han elegido los establecimientos y este ser\u00e1 el obsequio que daremos cuando los clientes traigan los cupones cumplimentados al Ajuntament. Estamos muy satisfechas de los murales que decoran nuestro municipio y viene much\u00edsima gente a visitarlos. Por eso, hemos pensado que podr\u00eda ser un buen motivo para decorar las tazas&#8221;<\/em>. En cuanto a la feria de Navidad, la concejala ha explicado que&nbsp;<em>&#8220;este a\u00f1o surgi\u00f3 la idea de hacer una feria para dinamizar a\u00fan m\u00e1s nuestras calles y, de alguna manera, que se notara la llegada de la Navidad al pueblo. De esta manera, encendemos las luces de Navidad, hacemos una feria y anunciamos el inicio de la campa\u00f1a de Navidad, \u00a1todo en uno! Y, cuando ya se acerque el d\u00eda de Navidad, haremos un Ti\u00f3 gigante con chocolate caliente para todos. Queremos que estos d\u00edas sean especiales para todos, que todos podamos vivir la Navidad en las calles, disfrutar de los murales que decoran la Bisbal y, por supuesto, priorizar el comercio local a la hora de hacer las compras navide\u00f1as&#8221;.<\/em><\/p>\n\n\n\n<p>El sorteo de los tres lotes de productos bisbalencs se har\u00e1 el lunes 23 de diciembre, a las 13h, en directo en el perfil de Instagram del Ajuntament de la Bisbal del Pened\u00e8s: www.instagram.com\/bisbalpenedes (@bisbalpenedes).<\/p>\n\n\n\n<p><strong>TERCERA GALA DEL COMERCIO BISBALENC<\/strong><\/p>\n\n\n\n<p>El 12 de diciembre, el Ajuntament de la Bisbal del Pened\u00e8s celebrar\u00e1 la 3\u00aa edici\u00f3n de la &#8216;Gala del comercio bisbalenc&#8217;, un evento dirigido a los establecimientos comerciales de la Bisbal del Pened\u00e8s que tiene por objetivo crear sinergias entre los diferentes comercios, motivarlos y compartir un buen rato con una cena de pie. Este a\u00f1o, esta gala se llevar\u00e1 a cabo el d\u00eda antes del inicio de la campa\u00f1a y tambi\u00e9n servir\u00e1 para poder compartir y resolver dudas justo antes del inicio de esta y para que los establecimientos reciban todo el material para llevar a cabo la iniciativa comercial.<\/p>\n\n\n\n<p>Cabe decir que, como cada a\u00f1o, desde el Ajuntament y la Cambra de Tarragona se trabaja para dar herramientas a los comercios bisbalencs para que tengan presencia en los canales digitales, especialmente en Google e Instagram, con el objetivo de que puedan dinamizar sus comercios y ofrecer sus productos y promociones a trav\u00e9s de internet. Por este motivo, os animamos a seguir los diferentes establecimientos bisbalencs a trav\u00e9s de la red.<\/p>\n","protected":false},"excerpt":{"rendered":"<p>Enguany hi ha diverses novetats: es far\u00e0 la &#8216;Fira de Nadal de la Bisbal&#8217; que comptar\u00e0 amb la participaci\u00f3 de comer\u00e7os locals, parades d&#8217;artesania i tastos gastron\u00f2mics; i tamb\u00e9 es &hellip; <a href=\"https:\/\/bisbalpenedes.com\/web\/2024\/12\/04\/el-13-de-desembre-comenca-la-campanya-comercial-troba-la-llum-del-nadal-enguany-com-a-novetat-es-fara-la-fira-de-nadal-i-el-tio-gegant\/\" class=\"more-link\">Read More<\/a><\/p>\n","protected":false},"author":4,"featured_media":32485,"comment_status":"closed","ping_status":"closed","sticky":false,"template":"","format":"standard","meta":[],"categories":[3860,8],"tags":[459,4246,419,4204,393,6512,1374,4245],"_links":{"self":[{"href":"https:\/\/bisbalpenedes.com\/web\/wp-json\/wp\/v2\/posts\/32484"}],"collection":[{"href":"https:\/\/bisbalpenedes.com\/web\/wp-json\/wp\/v2\/posts"}],"about":[{"href":"https:\/\/bisbalpenedes.com\/web\/wp-json\/wp\/v2\/types\/post"}],"author":[{"embeddable":true,"href":"https:\/\/bisbalpenedes.com\/web\/wp-json\/wp\/v2\/users\/4"}],"replies":[{"embeddable":true,"href":"https:\/\/bisbalpenedes.com\/web\/wp-json\/wp\/v2\/comments?post=32484"}],"version-history":[{"count":1,"href":"https:\/\/bisbalpenedes.com\/web\/wp-json\/wp\/v2\/posts\/32484\/revisions"}],"predecessor-version":[{"id":32486,"href":"https:\/\/bisbalpenedes.com\/web\/wp-json\/wp\/v2\/posts\/32484\/revisions\/32486"}],"wp:featuredmedia":[{"embeddable":true,"href":"https:\/\/bisbalpenedes.com\/web\/wp-json\/wp\/v2\/media\/32485"}],"wp:attachment":[{"href":"https:\/\/bisbalpenedes.com\/web\/wp-json\/wp\/v2\/media?parent=32484"}],"wp:term":[{"taxonomy":"category","embeddable":true,"href":"https:\/\/bisbalpenedes.com\/web\/wp-json\/wp\/v2\/categories?post=32484"},{"taxonomy":"post_tag","embeddable":true,"href":"https:\/\/bisbalpenedes.com\/web\/wp-json\/wp\/v2\/tags?post=32484"}],"curies":[{"name":"wp","href":"https:\/\/api.w.org\/{rel}","templated":true}]}}