{"id":32450,"date":"2024-12-02T11:19:45","date_gmt":"2024-12-02T09:19:45","guid":{"rendered":"https:\/\/bisbalpenedes.com\/web\/?p=32450"},"modified":"2024-12-02T11:19:45","modified_gmt":"2024-12-02T09:19:45","slug":"posicionat-per-lluitar-contra-la-violencia-masclista-amb-els-comercos-locals","status":"publish","type":"post","link":"https:\/\/bisbalpenedes.com\/web\/2024\/12\/02\/posicionat-per-lluitar-contra-la-violencia-masclista-amb-els-comercos-locals\/","title":{"rendered":"&#8220;Posiciona&#8217;t&#8221; per lluitar contra la viol\u00e8ncia masclista amb els comer\u00e7os locals"},"content":{"rendered":"\n<p>Els comer\u00e7os bisbalencs s&#8217;han adherit al nou servei del Consell Comarcal del Baix Pened\u00e8s: &#8220;Posiciona&#8217;t&#8221;. Es tracta d&#8217;una iniciativa adre\u00e7ada als establiments comercials i locals de restauraci\u00f3 de la comarca que t\u00e9 l&#8217;objectiu de sensibilitzar la societat i lluitar contra la viol\u00e8ncia masclista.<\/p>\n\n\n\n<p>La campanya busca sensibilitzar l&#8217;entorn de les v\u00edctimes i fomentar la implicaci\u00f3 de la societat en la lluita contra la viol\u00e8ncia de g\u00e8nere; visibilitzar i aprendre a identificar situacions de viol\u00e8ncia en espais d&#8217;oci; difondre els serveis p\u00fablics d&#8217;atenci\u00f3 i assessorament mitjan\u00e7ant tr\u00edptics informatius; prevenir la viol\u00e8ncia masclista; i oferir suport a les v\u00edctimes i el seu entorn.<\/p>\n\n\n\n<p>La campanya es va presentar el passat 18 de novembre en un acte celebrat al Centre Municipal de Cultura de la Bisbal del Pened\u00e8s que va comptar amb la pres\u00e8ncia de regidores d&#8217;Igualtat de diversos municipis de la comarca.<\/p>\n\n\n\n<p><strong>EN QU\u00c8 CONSISTEIX LA CAMPANYA<\/strong><\/p>\n\n\n\n<p>Els establiments adherits a la campanya compten amb un adhesiu identificatiu i uns cartells, per\u00f2 tamb\u00e9 s&#8217;han convertit en un punt on les persones poden rebre informaci\u00f3 sobre on adre\u00e7ar-se en cas de viure una situaci\u00f3 de viol\u00e8ncia masclista o de detectar alguna problem\u00e0tica en l&#8217;entorn. L&#8217;objectiu \u00e9s pal\u00b7liar la xacra de la viol\u00e8ncia masclista i actuar de forma preco\u00e7, per evitar que aquestes successos se segueixin donant i per frenar les situacions que es detectin, perqu\u00e8 no vagin a m\u00e9s. Aix\u00ed, els establiments han rebut informaci\u00f3 sobre com actuar en aquest casos i adre\u00e7ar la ciutadania cap als serveis especialitzats, com ara el SIAD o la l\u00ednia d&#8217;atenci\u00f3 contra les viol\u00e8ncies masclistes de la Generalitat de Catalunya. A m\u00e9s, els establiments repartiran bosses reutilitzables i sotagots amb la imatge de la campanya, amb l&#8217;objectiu de potenciar el coneixement d&#8217;aquest servei entre la ciutadania.<\/p>\n\n\n\n<p>La regidora de Feminismes i Igualtat, Paqui Cepas, ha estat repartint el material de la campanya entre els establiments municipals adherits, que podreu distingir perqu\u00e8 comptaran amb l&#8217;adhesiu identitari de la campanya.<\/p>\n\n\n\n<div class=\"wp-block-cover\"><span aria-hidden=\"true\" class=\"wp-block-cover__background has-background-dim\"><\/span><img loading=\"lazy\" width=\"462\" height=\"1024\" class=\"wp-block-cover__image-background wp-image-32452\" alt=\"\" src=\"https:\/\/bisbalpenedes.com\/web\/wp-content\/uploads\/2024\/12\/02668af1-c020-412b-8388-76af7b15aa1d-462x1024.jpg\" style=\"object-position:53% 66%\" data-object-fit=\"cover\" data-object-position=\"53% 66%\" srcset=\"https:\/\/bisbalpenedes.com\/web\/wp-content\/uploads\/2024\/12\/02668af1-c020-412b-8388-76af7b15aa1d-462x1024.jpg 462w, https:\/\/bisbalpenedes.com\/web\/wp-content\/uploads\/2024\/12\/02668af1-c020-412b-8388-76af7b15aa1d-135x300.jpg 135w, https:\/\/bisbalpenedes.com\/web\/wp-content\/uploads\/2024\/12\/02668af1-c020-412b-8388-76af7b15aa1d-768x1704.jpg 768w, https:\/\/bisbalpenedes.com\/web\/wp-content\/uploads\/2024\/12\/02668af1-c020-412b-8388-76af7b15aa1d-692x1536.jpg 692w, https:\/\/bisbalpenedes.com\/web\/wp-content\/uploads\/2024\/12\/02668af1-c020-412b-8388-76af7b15aa1d-600x1331.jpg 600w, https:\/\/bisbalpenedes.com\/web\/wp-content\/uploads\/2024\/12\/02668af1-c020-412b-8388-76af7b15aa1d.jpg 923w\" sizes=\"(max-width: 462px) 100vw, 462px\" \/><div class=\"wp-block-cover__inner-container\">\n<p class=\"has-text-align-center has-large-font-size\">L&#8217;Ajuntament de la Bisbal del Pened\u00e8s ha repartit el material de la campanya entre els comer\u00e7os del municipi que s&#8217;hi han adherit<\/p>\n<\/div><\/div>\n\n\n\n<p><strong>DADES<\/strong><\/p>\n\n\n\n<p>Segons el <a href=\"https:\/\/govern.cat\/salapremsa\/notes-premsa\/659902\/lobservatori-igualtat-genere-publica-dades-datencio-violencies-masclistes\">Govern de la Generalitat de Catalunya<\/a>, fins al 25 de novembre el nombre de feminicidis havia superat la xifra de l&#8217;any anterior, amb un total de 19 v\u00edctimes (5 m\u00e9s que els 2023).<\/p>\n\n\n\n<p>La l\u00ednia d&#8217;atenci\u00f3 contra les viol\u00e8ncies masclistes de la Generalitat de Catalunya (900 900 120) havia rebut 8.712 trucades per viol\u00e8ncia masclista entre el gener i l&#8217;agost del 2024. Quant als Serveis d&#8217;informaci\u00f3 i atenci\u00f3 a les dones (SIAD) de Catalunya, aquests havien fet, fins al juny de 2024, un total 69.361 atencions, amb una xifra 17.452 ateses, 6.245 de les quals en situaci\u00f3 de viol\u00e8ncia masclista.<\/p>\n\n\n\n<hr class=\"wp-block-separator has-alpha-channel-opacity\"\/>\n\n\n\n<p><strong>CASTELLANO |<\/strong>\u00a0Los comercios de la Bisbal del Pened\u00e8s se han adherido al nuevo servicio del Consell Comarcal del Baix Pened\u00e8s: &#8220;Posiciona&#8217;t&#8221;. Se trata de una iniciativa dirigida a los establecimientos comerciales y locales de restauraci\u00f3n de la comarca que tiene como objetivo sensibilizar a la sociedad y luchar contra la violencia machista.<\/p>\n\n\n\n<p>La campa\u00f1a busca sensibilizar el entorno de las v\u00edctimas y fomentar la implicaci\u00f3n de la sociedad en la lucha contra la violencia de g\u00e9nero; visibilizar y aprender a identificar situaciones de violencia en espacios de ocio; difundir los servicios p\u00fablicos de atenci\u00f3n y asesoramiento mediante folletos informativos; prevenir la violencia machista; y ofrecer apoyo a las v\u00edctimas y su entorno.<\/p>\n\n\n\n<p>La campa\u00f1a se present\u00f3 el pasado 18 de noviembre en un acto celebrado en el Centre Municipal de Cultura de la Bisbal del Pened\u00e8s que cont\u00f3 con la presencia de concejalas de Igualdad de diversos municipios de la comarca.<\/p>\n\n\n\n<p><strong>EN QU\u00c9 CONSISTE LA CAMPA\u00d1A<\/strong><\/p>\n\n\n\n<p>Los establecimientos adheridos a la campa\u00f1a cuentan con un adhesivo identificativo y unos carteles, pero tambi\u00e9n se han convertido en un punto donde las personas pueden recibir informaci\u00f3n sobre d\u00f3nde dirigirse en caso de vivir una situaci\u00f3n de violencia machista o de detectar alguna problem\u00e1tica en el entorno. El objetivo es paliar la lacra de la violencia machista y actuar de forma precoz, para evitar que estos sucesos se sigan produciendo y para frenar las situaciones que se detecten, para que no vayan a m\u00e1s. As\u00ed, los establecimientos han recibido informaci\u00f3n sobre c\u00f3mo actuar en estos casos y dirigir a la ciudadan\u00eda hacia los servicios especializados, como el SIAD o la l\u00ednea de atenci\u00f3n contra las violencias machistas de la Generalitat de Catalunya. Adem\u00e1s, los establecimientos repartir\u00e1n bolsas reutilizables y posavasos con la imagen de la campa\u00f1a, con el objetivo de potenciar el conocimiento de este servicio entre la ciudadan\u00eda.<\/p>\n\n\n\n<p>La concejala de Feminismos e Igualdad, Paqui Cepas, ha estado repartiendo el material de la campa\u00f1a entre los establecimientos municipales adheridos, que podr\u00e1n distinguirse porque contar\u00e1n con el adhesivo identitario de la campa\u00f1a.<\/p>\n\n\n\n<p><strong>DATOS<\/strong><\/p>\n\n\n\n<p>Seg\u00fan el Govern de la Generalitat de Catalunya, hasta el 25 de noviembre el n\u00famero de feminicidios hab\u00eda superado la cifra del a\u00f1o anterior, con un total de 19 v\u00edctimas (5 m\u00e1s que en 2023).<\/p>\n\n\n\n<p>La l\u00ednea de atenci\u00f3n contra las violencias machistas de la Generalitat de Catalunya (900 900 120) hab\u00eda recibido 8.712 llamadas por violencia machista entre enero y agosto de 2024. En cuanto a los Servicios de informaci\u00f3n y atenci\u00f3n a las mujeres (SIAD) de Catalunya, estos hab\u00edan realizado, hasta junio de 2024, un total de 69.361 atenciones, con una cifra de 17.452 atendidas, 6.245 de las cuales en situaci\u00f3n de violencia machista.<\/p>\n","protected":false},"excerpt":{"rendered":"<p>Els comer\u00e7os bisbalencs s&#8217;han adherit al nou servei del Consell Comarcal del Baix Pened\u00e8s: &#8220;Posiciona&#8217;t&#8221;. Es tracta d&#8217;una iniciativa adre\u00e7ada als establiments comercials i locals de restauraci\u00f3 de la comarca &hellip; <a href=\"https:\/\/bisbalpenedes.com\/web\/2024\/12\/02\/posicionat-per-lluitar-contra-la-violencia-masclista-amb-els-comercos-locals\/\" class=\"more-link\">Read More<\/a><\/p>\n","protected":false},"author":4,"featured_media":32451,"comment_status":"closed","ping_status":"closed","sticky":false,"template":"","format":"standard","meta":[],"categories":[3860,6120,8],"tags":[329,2602,6306,4204,393],"_links":{"self":[{"href":"https:\/\/bisbalpenedes.com\/web\/wp-json\/wp\/v2\/posts\/32450"}],"collection":[{"href":"https:\/\/bisbalpenedes.com\/web\/wp-json\/wp\/v2\/posts"}],"about":[{"href":"https:\/\/bisbalpenedes.com\/web\/wp-json\/wp\/v2\/types\/post"}],"author":[{"embeddable":true,"href":"https:\/\/bisbalpenedes.com\/web\/wp-json\/wp\/v2\/users\/4"}],"replies":[{"embeddable":true,"href":"https:\/\/bisbalpenedes.com\/web\/wp-json\/wp\/v2\/comments?post=32450"}],"version-history":[{"count":1,"href":"https:\/\/bisbalpenedes.com\/web\/wp-json\/wp\/v2\/posts\/32450\/revisions"}],"predecessor-version":[{"id":32454,"href":"https:\/\/bisbalpenedes.com\/web\/wp-json\/wp\/v2\/posts\/32450\/revisions\/32454"}],"wp:featuredmedia":[{"embeddable":true,"href":"https:\/\/bisbalpenedes.com\/web\/wp-json\/wp\/v2\/media\/32451"}],"wp:attachment":[{"href":"https:\/\/bisbalpenedes.com\/web\/wp-json\/wp\/v2\/media?parent=32450"}],"wp:term":[{"taxonomy":"category","embeddable":true,"href":"https:\/\/bisbalpenedes.com\/web\/wp-json\/wp\/v2\/categories?post=32450"},{"taxonomy":"post_tag","embeddable":true,"href":"https:\/\/bisbalpenedes.com\/web\/wp-json\/wp\/v2\/tags?post=32450"}],"curies":[{"name":"wp","href":"https:\/\/api.w.org\/{rel}","templated":true}]}}