{"id":32424,"date":"2024-11-28T14:48:13","date_gmt":"2024-11-28T12:48:13","guid":{"rendered":"https:\/\/bisbalpenedes.com\/web\/?p=32424"},"modified":"2024-11-28T14:52:25","modified_gmt":"2024-11-28T12:52:25","slug":"la-directora-dels-serveis-territorials-deducacio-de-la-vegueria-del-penedes-ha-visitat-la-bisbal-del-penedes-aquest-dimecres-27-de-novembre","status":"publish","type":"post","link":"https:\/\/bisbalpenedes.com\/web\/2024\/11\/28\/la-directora-dels-serveis-territorials-deducacio-de-la-vegueria-del-penedes-ha-visitat-la-bisbal-del-penedes-aquest-dimecres-27-de-novembre\/","title":{"rendered":"La directora dels Serveis Territorials d&#8217;Educaci\u00f3 de la Vegueria del Pened\u00e8s ha visitat la Bisbal del Pened\u00e8s aquest dimecres 27 de novembre"},"content":{"rendered":"\n<p>Aquest dimecres 27 de novembre la directora dels Serveis Territorials d&#8217;Educaci\u00f3 de la Vegueria del Pened\u00e8s, la vendrellenca Bel\u00e9n Alc\u00f3n, ha visitat l&#8217;Ajuntament de la Bisbal del Pened\u00e8s. Es tracta de la primera visita que fa al municipi Alc\u00f3n, despr\u00e9s que fos nomenada amb aquest c\u00e0rrec el passat 16 d&#8217;octubre.<\/p>\n\n\n\n<p>Alc\u00f3n s\u2019ha mostrat molt receptiva a les peticions de l\u2019Ajuntament. L\u2019alcaldessa Agn\u00e8s Ferr\u00e9 i el regidor d\u2019Ensenyament, Daniel Caballero, li han traslladat la necessitat d&#8217;ampliar l&#8217;escola nova per unificar totes les classes, el professorat, el menjador i el gimn\u00e0s en un \u00fanic edifici i que, aix\u00ed, l&#8217;escola centen\u00e0ria passi a ser un edifici d&#8217;equipaments municipals.&nbsp;<\/p>\n\n\n\n<p>L\u2019alcaldessa i el regidor li han explicat que l\u2019equip de govern t\u00e9 previst fer un centre de formaci\u00f3 als terrenys d&#8217;equipaments del parc empresarial de la Bisbal. En aquest espai s&#8217;hi oferiria formaci\u00f3 espec\u00edfica i adaptada als llocs de treball que s&#8217;ofereixen a les empreses. D&#8217;una banda, l\u2019Ajuntament t\u00e9 la intenci\u00f3 d\u2019oferir informaci\u00f3 reglada de cicles formatius i, de l&#8217;altra, formaci\u00f3 espec\u00edfica per a les empreses.&nbsp; Tamb\u00e9 li han fet cinc c\u00e8ntims sobre el curs de polimantenidors que t\u00e9 l\u2019objectiu de reduir l\u2019abandonament escolar.<\/p>\n\n\n\n<p>Despr\u00e9s de la reuni\u00f3 han visitat els centres educatius de la vila -els dos edificis de l\u2019escola Ull de Vent, la Llar d\u2019infants municipal L&#8217;Oreneta i l\u2019Institut Coster de la Torre- on han estat rebuts pels seus respectius directors.<\/p>\n\n\n\n<figure class=\"wp-container-2 wp-block-gallery-1 wp-block-gallery has-nested-images columns-default is-cropped\">\n<figure class=\"wp-block-image size-large\"><img loading=\"lazy\" width=\"1024\" height=\"768\" data-id=\"32427\"  src=\"https:\/\/bisbalpenedes.com\/web\/wp-content\/uploads\/2024\/11\/IMG_3232-1024x768.jpeg\" alt=\"\" class=\"wp-image-32427\" srcset=\"https:\/\/bisbalpenedes.com\/web\/wp-content\/uploads\/2024\/11\/IMG_3232-1024x768.jpeg 1024w, https:\/\/bisbalpenedes.com\/web\/wp-content\/uploads\/2024\/11\/IMG_3232-300x225.jpeg 300w, https:\/\/bisbalpenedes.com\/web\/wp-content\/uploads\/2024\/11\/IMG_3232-768x576.jpeg 768w, https:\/\/bisbalpenedes.com\/web\/wp-content\/uploads\/2024\/11\/IMG_3232-1536x1152.jpeg 1536w, https:\/\/bisbalpenedes.com\/web\/wp-content\/uploads\/2024\/11\/IMG_3232-2048x1536.jpeg 2048w, https:\/\/bisbalpenedes.com\/web\/wp-content\/uploads\/2024\/11\/IMG_3232-600x450.jpeg 600w\" sizes=\"(max-width: 1024px) 100vw, 1024px\" \/><\/figure>\n\n\n\n<figure class=\"wp-block-image size-large\"><img loading=\"lazy\" width=\"1024\" height=\"768\" data-id=\"32429\"  src=\"https:\/\/bisbalpenedes.com\/web\/wp-content\/uploads\/2024\/11\/IMG_3254-1-1024x768.jpeg\" alt=\"\" class=\"wp-image-32429\" srcset=\"https:\/\/bisbalpenedes.com\/web\/wp-content\/uploads\/2024\/11\/IMG_3254-1-1024x768.jpeg 1024w, https:\/\/bisbalpenedes.com\/web\/wp-content\/uploads\/2024\/11\/IMG_3254-1-300x225.jpeg 300w, https:\/\/bisbalpenedes.com\/web\/wp-content\/uploads\/2024\/11\/IMG_3254-1-768x576.jpeg 768w, https:\/\/bisbalpenedes.com\/web\/wp-content\/uploads\/2024\/11\/IMG_3254-1-1536x1152.jpeg 1536w, https:\/\/bisbalpenedes.com\/web\/wp-content\/uploads\/2024\/11\/IMG_3254-1-2048x1536.jpeg 2048w, https:\/\/bisbalpenedes.com\/web\/wp-content\/uploads\/2024\/11\/IMG_3254-1-600x450.jpeg 600w\" sizes=\"(max-width: 1024px) 100vw, 1024px\" \/><\/figure>\n\n\n\n<figure class=\"wp-block-image size-large\"><img loading=\"lazy\" width=\"1024\" height=\"768\" data-id=\"32431\"  src=\"https:\/\/bisbalpenedes.com\/web\/wp-content\/uploads\/2024\/11\/IMG_3260-1-1024x768.jpeg\" alt=\"\" class=\"wp-image-32431\" srcset=\"https:\/\/bisbalpenedes.com\/web\/wp-content\/uploads\/2024\/11\/IMG_3260-1-1024x768.jpeg 1024w, https:\/\/bisbalpenedes.com\/web\/wp-content\/uploads\/2024\/11\/IMG_3260-1-300x225.jpeg 300w, https:\/\/bisbalpenedes.com\/web\/wp-content\/uploads\/2024\/11\/IMG_3260-1-768x576.jpeg 768w, https:\/\/bisbalpenedes.com\/web\/wp-content\/uploads\/2024\/11\/IMG_3260-1-1536x1152.jpeg 1536w, https:\/\/bisbalpenedes.com\/web\/wp-content\/uploads\/2024\/11\/IMG_3260-1-2048x1536.jpeg 2048w, https:\/\/bisbalpenedes.com\/web\/wp-content\/uploads\/2024\/11\/IMG_3260-1-600x450.jpeg 600w\" sizes=\"(max-width: 1024px) 100vw, 1024px\" \/><\/figure>\n\n\n\n<figure class=\"wp-block-image size-large\"><img loading=\"lazy\" width=\"1024\" height=\"768\" data-id=\"32432\"  src=\"https:\/\/bisbalpenedes.com\/web\/wp-content\/uploads\/2024\/11\/IMG_3275-1024x768.jpeg\" alt=\"\" class=\"wp-image-32432\" srcset=\"https:\/\/bisbalpenedes.com\/web\/wp-content\/uploads\/2024\/11\/IMG_3275-1024x768.jpeg 1024w, https:\/\/bisbalpenedes.com\/web\/wp-content\/uploads\/2024\/11\/IMG_3275-300x225.jpeg 300w, https:\/\/bisbalpenedes.com\/web\/wp-content\/uploads\/2024\/11\/IMG_3275-768x576.jpeg 768w, https:\/\/bisbalpenedes.com\/web\/wp-content\/uploads\/2024\/11\/IMG_3275-1536x1152.jpeg 1536w, https:\/\/bisbalpenedes.com\/web\/wp-content\/uploads\/2024\/11\/IMG_3275-2048x1536.jpeg 2048w, https:\/\/bisbalpenedes.com\/web\/wp-content\/uploads\/2024\/11\/IMG_3275-600x450.jpeg 600w\" sizes=\"(max-width: 1024px) 100vw, 1024px\" \/><\/figure>\n\n\n\n<figure class=\"wp-block-image size-large\"><img loading=\"lazy\" width=\"1024\" height=\"768\" data-id=\"32433\"  src=\"https:\/\/bisbalpenedes.com\/web\/wp-content\/uploads\/2024\/11\/IMG_3297-1024x768.jpeg\" alt=\"\" class=\"wp-image-32433\" srcset=\"https:\/\/bisbalpenedes.com\/web\/wp-content\/uploads\/2024\/11\/IMG_3297-1024x768.jpeg 1024w, https:\/\/bisbalpenedes.com\/web\/wp-content\/uploads\/2024\/11\/IMG_3297-300x225.jpeg 300w, https:\/\/bisbalpenedes.com\/web\/wp-content\/uploads\/2024\/11\/IMG_3297-768x576.jpeg 768w, https:\/\/bisbalpenedes.com\/web\/wp-content\/uploads\/2024\/11\/IMG_3297-1536x1152.jpeg 1536w, https:\/\/bisbalpenedes.com\/web\/wp-content\/uploads\/2024\/11\/IMG_3297-2048x1536.jpeg 2048w, https:\/\/bisbalpenedes.com\/web\/wp-content\/uploads\/2024\/11\/IMG_3297-600x450.jpeg 600w\" sizes=\"(max-width: 1024px) 100vw, 1024px\" \/><\/figure>\n\n\n\n<figure class=\"wp-block-image size-large\"><img loading=\"lazy\" width=\"1024\" height=\"768\" data-id=\"32435\"  src=\"https:\/\/bisbalpenedes.com\/web\/wp-content\/uploads\/2024\/11\/IMG_3305-1-1024x768.jpeg\" alt=\"\" class=\"wp-image-32435\" srcset=\"https:\/\/bisbalpenedes.com\/web\/wp-content\/uploads\/2024\/11\/IMG_3305-1-1024x768.jpeg 1024w, https:\/\/bisbalpenedes.com\/web\/wp-content\/uploads\/2024\/11\/IMG_3305-1-300x225.jpeg 300w, https:\/\/bisbalpenedes.com\/web\/wp-content\/uploads\/2024\/11\/IMG_3305-1-768x576.jpeg 768w, https:\/\/bisbalpenedes.com\/web\/wp-content\/uploads\/2024\/11\/IMG_3305-1-1536x1152.jpeg 1536w, https:\/\/bisbalpenedes.com\/web\/wp-content\/uploads\/2024\/11\/IMG_3305-1-2048x1536.jpeg 2048w, https:\/\/bisbalpenedes.com\/web\/wp-content\/uploads\/2024\/11\/IMG_3305-1-600x450.jpeg 600w\" sizes=\"(max-width: 1024px) 100vw, 1024px\" \/><\/figure>\n<\/figure>\n\n\n\n<hr class=\"wp-block-separator has-alpha-channel-opacity\"\/>\n\n\n\n<p><strong>CASTELLANO |<\/strong> Este mi\u00e9rcoles 27 de noviembre la directora de los Servicios Territoriales de Educaci\u00f3n de la Vegueria del Pened\u00e8s, la vendrellenca Bel\u00e9n Alc\u00f3n, ha visitado el Ajuntament de la Bisbal del Pened\u00e8s. Se trata de la primera visita que realiza al municipio Alc\u00f3n, despu\u00e9s de haber sido nombrada para este cargo el pasado 16 de octubre.<\/p>\n\n\n\n<p>Alc\u00f3n se ha mostrado muy receptiva a las peticiones del Ajuntament. La alcaldesa Agn\u00e8s Ferr\u00e9 y el concejal de Educaci\u00f3n, Daniel Caballero, le han trasladado la necesidad de ampliar la escuela nueva para unificar todas las clases, el profesorado, el comedor y el gimnasio en un \u00fanico edificio y que, de este modo, la escuela centenaria pase a ser un edificio de equipamientos municipales.<\/p>\n\n\n\n<p>La alcaldesa y el concejal le han explicado que el equipo de gobierno tiene previsto hacer un centro de formaci\u00f3n en los terrenos de equipamientos del parque empresarial de la Bisbal. En este espacio se ofrecer\u00eda formaci\u00f3n espec\u00edfica y adaptada a los puestos de trabajo que se ofrecen en las empresas. Por un lado, el Ajuntament tiene la intenci\u00f3n de ofrecer informaci\u00f3n reglada de ciclos formativos y, por otro, formaci\u00f3n espec\u00edfica para las empresas. Tambi\u00e9n le han contado brevemente sobre el curso de polimantenedores que tiene como objetivo reducir el abandono escolar.<\/p>\n\n\n\n<p>Despu\u00e9s de la reuni\u00f3n han visitado los centros educativos de la villa -los dos edificios de la escuela Ull de Vent, la Llar d&#8217;infants municipal l&#8217;Oreneta y el Instituto Coster de la Torre- donde han sido recibidos por sus respectivos directores.<\/p>\n\n\n\n<p><\/p>\n","protected":false},"excerpt":{"rendered":"<p>Aquest dimecres 27 de novembre la directora dels Serveis Territorials d&#8217;Educaci\u00f3 de la Vegueria del Pened\u00e8s, la vendrellenca Bel\u00e9n Alc\u00f3n, ha visitat l&#8217;Ajuntament de la Bisbal del Pened\u00e8s. Es tracta &hellip; <a href=\"https:\/\/bisbalpenedes.com\/web\/2024\/11\/28\/la-directora-dels-serveis-territorials-deducacio-de-la-vegueria-del-penedes-ha-visitat-la-bisbal-del-penedes-aquest-dimecres-27-de-novembre\/\" class=\"more-link\">Read More<\/a><\/p>\n","protected":false},"author":4,"featured_media":32426,"comment_status":"closed","ping_status":"closed","sticky":false,"template":"","format":"standard","meta":[],"categories":[2057,3456,8],"tags":[6932,6931,862,337,1475,393,1703],"_links":{"self":[{"href":"https:\/\/bisbalpenedes.com\/web\/wp-json\/wp\/v2\/posts\/32424"}],"collection":[{"href":"https:\/\/bisbalpenedes.com\/web\/wp-json\/wp\/v2\/posts"}],"about":[{"href":"https:\/\/bisbalpenedes.com\/web\/wp-json\/wp\/v2\/types\/post"}],"author":[{"embeddable":true,"href":"https:\/\/bisbalpenedes.com\/web\/wp-json\/wp\/v2\/users\/4"}],"replies":[{"embeddable":true,"href":"https:\/\/bisbalpenedes.com\/web\/wp-json\/wp\/v2\/comments?post=32424"}],"version-history":[{"count":2,"href":"https:\/\/bisbalpenedes.com\/web\/wp-json\/wp\/v2\/posts\/32424\/revisions"}],"predecessor-version":[{"id":32437,"href":"https:\/\/bisbalpenedes.com\/web\/wp-json\/wp\/v2\/posts\/32424\/revisions\/32437"}],"wp:featuredmedia":[{"embeddable":true,"href":"https:\/\/bisbalpenedes.com\/web\/wp-json\/wp\/v2\/media\/32426"}],"wp:attachment":[{"href":"https:\/\/bisbalpenedes.com\/web\/wp-json\/wp\/v2\/media?parent=32424"}],"wp:term":[{"taxonomy":"category","embeddable":true,"href":"https:\/\/bisbalpenedes.com\/web\/wp-json\/wp\/v2\/categories?post=32424"},{"taxonomy":"post_tag","embeddable":true,"href":"https:\/\/bisbalpenedes.com\/web\/wp-json\/wp\/v2\/tags?post=32424"}],"curies":[{"name":"wp","href":"https:\/\/api.w.org\/{rel}","templated":true}]}}