{"id":32418,"date":"2024-11-28T14:28:55","date_gmt":"2024-11-28T12:28:55","guid":{"rendered":"https:\/\/bisbalpenedes.com\/web\/?p=32418"},"modified":"2024-11-28T14:28:55","modified_gmt":"2024-11-28T12:28:55","slug":"la-bisbal-del-penedes-amb-la-marato","status":"publish","type":"post","link":"https:\/\/bisbalpenedes.com\/web\/2024\/11\/28\/la-bisbal-del-penedes-amb-la-marato\/","title":{"rendered":"La Bisbal del Pened\u00e8s amb La Marat\u00f3"},"content":{"rendered":"\n<p>Un any m\u00e9s, el municipi de la Bisbal del Pened\u00e8s i les seves entitats es bolquen per organitzar activitats en benefici de La Marat\u00f3 de 3cat.<\/p>\n\n\n\n<figure class=\"wp-block-image size-large\"><img loading=\"lazy\" width=\"724\" height=\"1024\" src=\"https:\/\/bisbalpenedes.com\/web\/wp-content\/uploads\/2024\/11\/Actes-La-Marato\u0301-2024-724x1024.png\" alt=\"\" class=\"wp-image-32415\" srcset=\"https:\/\/bisbalpenedes.com\/web\/wp-content\/uploads\/2024\/11\/Actes-La-Marato\u0301-2024-724x1024.png 724w, https:\/\/bisbalpenedes.com\/web\/wp-content\/uploads\/2024\/11\/Actes-La-Marato\u0301-2024-212x300.png 212w, https:\/\/bisbalpenedes.com\/web\/wp-content\/uploads\/2024\/11\/Actes-La-Marato\u0301-2024-768x1086.png 768w, https:\/\/bisbalpenedes.com\/web\/wp-content\/uploads\/2024\/11\/Actes-La-Marato\u0301-2024-1086x1536.png 1086w, https:\/\/bisbalpenedes.com\/web\/wp-content\/uploads\/2024\/11\/Actes-La-Marato\u0301-2024-600x849.png 600w, https:\/\/bisbalpenedes.com\/web\/wp-content\/uploads\/2024\/11\/Actes-La-Marato\u0301-2024.png 1414w\" sizes=\"(max-width: 724px) 100vw, 724px\" \/><\/figure>\n\n\n\n<hr class=\"wp-block-separator has-alpha-channel-opacity\"\/>\n\n\n\n<p>Un a\u00f1o m\u00e1s, el municipio de la Bisbal del Pened\u00e8s y sus entidades se vuelcan para organizar actividades en beneficio de La Marat\u00f3 de 3cat.<\/p>\n\n\n\n<p><\/p>\n","protected":false},"excerpt":{"rendered":"<p>Un any m\u00e9s, el municipi de la Bisbal del Pened\u00e8s i les seves entitats es bolquen per organitzar activitats en benefici de La Marat\u00f3 de 3cat. Un a\u00f1o m\u00e1s, el &hellip; <a href=\"https:\/\/bisbalpenedes.com\/web\/2024\/11\/28\/la-bisbal-del-penedes-amb-la-marato\/\" class=\"more-link\">Read More<\/a><\/p>\n","protected":false},"author":4,"featured_media":32419,"comment_status":"closed","ping_status":"closed","sticky":false,"template":"","format":"standard","meta":[],"categories":[8,14],"tags":[459,393,899,28],"_links":{"self":[{"href":"https:\/\/bisbalpenedes.com\/web\/wp-json\/wp\/v2\/posts\/32418"}],"collection":[{"href":"https:\/\/bisbalpenedes.com\/web\/wp-json\/wp\/v2\/posts"}],"about":[{"href":"https:\/\/bisbalpenedes.com\/web\/wp-json\/wp\/v2\/types\/post"}],"author":[{"embeddable":true,"href":"https:\/\/bisbalpenedes.com\/web\/wp-json\/wp\/v2\/users\/4"}],"replies":[{"embeddable":true,"href":"https:\/\/bisbalpenedes.com\/web\/wp-json\/wp\/v2\/comments?post=32418"}],"version-history":[{"count":1,"href":"https:\/\/bisbalpenedes.com\/web\/wp-json\/wp\/v2\/posts\/32418\/revisions"}],"predecessor-version":[{"id":32420,"href":"https:\/\/bisbalpenedes.com\/web\/wp-json\/wp\/v2\/posts\/32418\/revisions\/32420"}],"wp:featuredmedia":[{"embeddable":true,"href":"https:\/\/bisbalpenedes.com\/web\/wp-json\/wp\/v2\/media\/32419"}],"wp:attachment":[{"href":"https:\/\/bisbalpenedes.com\/web\/wp-json\/wp\/v2\/media?parent=32418"}],"wp:term":[{"taxonomy":"category","embeddable":true,"href":"https:\/\/bisbalpenedes.com\/web\/wp-json\/wp\/v2\/categories?post=32418"},{"taxonomy":"post_tag","embeddable":true,"href":"https:\/\/bisbalpenedes.com\/web\/wp-json\/wp\/v2\/tags?post=32418"}],"curies":[{"name":"wp","href":"https:\/\/api.w.org\/{rel}","templated":true}]}}