{"id":32411,"date":"2024-11-28T13:41:14","date_gmt":"2024-11-28T11:41:14","guid":{"rendered":"https:\/\/bisbalpenedes.com\/web\/?p=32411"},"modified":"2024-11-28T13:41:14","modified_gmt":"2024-11-28T11:41:14","slug":"avis-de-tall-programat-daigua-al-priorat-dimarts-3-de-desembre","status":"publish","type":"post","link":"https:\/\/bisbalpenedes.com\/web\/2024\/11\/28\/avis-de-tall-programat-daigua-al-priorat-dimarts-3-de-desembre\/","title":{"rendered":"Av\u00eds de tall programat d&#8217;aigua al Priorat &#8211; Dimarts 3 de desembre"},"content":{"rendered":"\n<p>Aqualia ha informat que, amb motiu de les tasques de neteja al dip\u00f2sit elevat del Priorat, el dimarts 3 de desembre suspendr\u00e0 el servei, temporalment, de 8 a 19h. Aquesta actuaci\u00f3 afectar\u00e0 els sectors B i C (adjuntem imatge). Disculpeu les mol\u00e8sties.<\/p>\n\n\n\n<hr class=\"wp-block-separator has-alpha-channel-opacity\"\/>\n\n\n\n<p>Aqualia ha informado que, con motivo de las tareas de limpieza en el dep\u00f3sito elevado del Priorat, el martes 3 de diciembre se suspender\u00e1 el servicio, temporalmente, de 8 a 19h. Esta actuaci\u00f3n afectar\u00e1 a los sectores B y C (adjuntamos imagen). Disculpad las molestias.<\/p>\n\n\n\n<figure class=\"wp-block-image size-full\"><img loading=\"lazy\" width=\"1012\" height=\"829\" src=\"https:\/\/bisbalpenedes.com\/web\/wp-content\/uploads\/2024\/11\/AVIS-AQUALIA-SUSPENSIO\u0301-TEMPORAL.png\" alt=\"\" class=\"wp-image-32413\" srcset=\"https:\/\/bisbalpenedes.com\/web\/wp-content\/uploads\/2024\/11\/AVIS-AQUALIA-SUSPENSIO\u0301-TEMPORAL.png 1012w, https:\/\/bisbalpenedes.com\/web\/wp-content\/uploads\/2024\/11\/AVIS-AQUALIA-SUSPENSIO\u0301-TEMPORAL-300x246.png 300w, https:\/\/bisbalpenedes.com\/web\/wp-content\/uploads\/2024\/11\/AVIS-AQUALIA-SUSPENSIO\u0301-TEMPORAL-768x629.png 768w, https:\/\/bisbalpenedes.com\/web\/wp-content\/uploads\/2024\/11\/AVIS-AQUALIA-SUSPENSIO\u0301-TEMPORAL-600x492.png 600w\" sizes=\"(max-width: 1012px) 100vw, 1012px\" \/><\/figure>\n","protected":false},"excerpt":{"rendered":"<p>Aqualia ha informat que, amb motiu de les tasques de neteja al dip\u00f2sit elevat del Priorat, el dimarts 3 de desembre suspendr\u00e0 el servei, temporalment, de 8 a 19h. Aquesta &hellip; <a href=\"https:\/\/bisbalpenedes.com\/web\/2024\/11\/28\/avis-de-tall-programat-daigua-al-priorat-dimarts-3-de-desembre\/\" class=\"more-link\">Read More<\/a><\/p>\n","protected":false},"author":4,"featured_media":32412,"comment_status":"closed","ping_status":"closed","sticky":false,"template":"","format":"standard","meta":[],"categories":[8,3208,3352],"tags":[649,393,424,520],"_links":{"self":[{"href":"https:\/\/bisbalpenedes.com\/web\/wp-json\/wp\/v2\/posts\/32411"}],"collection":[{"href":"https:\/\/bisbalpenedes.com\/web\/wp-json\/wp\/v2\/posts"}],"about":[{"href":"https:\/\/bisbalpenedes.com\/web\/wp-json\/wp\/v2\/types\/post"}],"author":[{"embeddable":true,"href":"https:\/\/bisbalpenedes.com\/web\/wp-json\/wp\/v2\/users\/4"}],"replies":[{"embeddable":true,"href":"https:\/\/bisbalpenedes.com\/web\/wp-json\/wp\/v2\/comments?post=32411"}],"version-history":[{"count":1,"href":"https:\/\/bisbalpenedes.com\/web\/wp-json\/wp\/v2\/posts\/32411\/revisions"}],"predecessor-version":[{"id":32414,"href":"https:\/\/bisbalpenedes.com\/web\/wp-json\/wp\/v2\/posts\/32411\/revisions\/32414"}],"wp:featuredmedia":[{"embeddable":true,"href":"https:\/\/bisbalpenedes.com\/web\/wp-json\/wp\/v2\/media\/32412"}],"wp:attachment":[{"href":"https:\/\/bisbalpenedes.com\/web\/wp-json\/wp\/v2\/media?parent=32411"}],"wp:term":[{"taxonomy":"category","embeddable":true,"href":"https:\/\/bisbalpenedes.com\/web\/wp-json\/wp\/v2\/categories?post=32411"},{"taxonomy":"post_tag","embeddable":true,"href":"https:\/\/bisbalpenedes.com\/web\/wp-json\/wp\/v2\/tags?post=32411"}],"curies":[{"name":"wp","href":"https:\/\/api.w.org\/{rel}","templated":true}]}}