{"id":32402,"date":"2024-11-26T23:58:22","date_gmt":"2024-11-26T21:58:22","guid":{"rendered":"https:\/\/bisbalpenedes.com\/web\/?p=32402"},"modified":"2024-11-26T23:59:12","modified_gmt":"2024-11-26T21:59:12","slug":"saprova-el-conveni-de-collaboracio-estada-a-lempresa-perque-una-alumna-de-linstitut-faci-practiques-a-la-biblioteca","status":"publish","type":"post","link":"https:\/\/bisbalpenedes.com\/web\/2024\/11\/26\/saprova-el-conveni-de-collaboracio-estada-a-lempresa-perque-una-alumna-de-linstitut-faci-practiques-a-la-biblioteca\/","title":{"rendered":"<strong>S&#8217;aprova el conveni de col\u00b7laboraci\u00f3 &#8220;Estada a l&#8217;empresa&#8221; perqu\u00e8 una alumna de l&#8217;institut faci pr\u00e0ctiques a la biblioteca<\/strong>"},"content":{"rendered":"\n<p><strong>Es tracta d&#8217;un acord entre l&#8217;Ajuntament de la Bisbal del Pened\u00e8s i l&#8217;Institut Coster de la Torre per a la formaci\u00f3 pr\u00e0ctica d&#8217;una alumna de 1r de BAT <\/strong><\/p>\n\n\n\n<p>La Junta de Govern del 25 de novembre ha aprovat, a petici\u00f3 de la Regidoria d&#8217;Ensenyament, el conveni de col\u00b7laboraci\u00f3 &#8220;Estada a l&#8217;empresa&#8221; entre l&#8217;Ajuntament de la Bisbal del Pened\u00e8s i l&#8217;Institut Coster de la Torre. Mitjan\u00e7ant aquest acord, una alumna de primer de batxillerat de l&#8217;institut bisbalenc podr\u00e0 fer un total de 70h pr\u00e0ctiques a la biblioteca municipal entre el 25 de novembre de 2024 i el 24 d&#8217;abril de 2025.<\/p>\n\n\n\n<p>L&#8217;alumna aprendr\u00e0 el funcionament de l&#8217;eina b\u00e0sica d&#8217;ordenaci\u00f3 i classificaci\u00f3 del fons de la biblioteca; coneixer\u00e0 el funcionament del sistema de catalogaci\u00f3 del fons, aix\u00ed com tasques complement\u00e0ries referents a l&#8217;etiquetatge de les noves adquisicions i a l&#8217;ordenaci\u00f3 dels fons a les seves lleixes.<\/p>\n\n\n\n<p>L&#8217;estada a l&#8217;empresa \u00e9s una mat\u00e8ria optativa del curr\u00edculum de batxillerat amb una funci\u00f3 essencialment orientadora que t\u00e9 com a objectiu apropar els alumnes a la realitat del m\u00f3n laboral. Mitjan\u00e7ant aquesta mat\u00e8ria, l&#8217;alumnat pot romandre durant un temps en una empresa -en aquest cas a l&#8217;administraci\u00f3 p\u00fablica- per prendre contacte amb un camp professional vers el qual se senten motivats i, d&#8217;aquesta manera, enfocar millor el seu projecte de futur acad\u00e8mic i professional.<\/p>\n\n\n\n<hr class=\"wp-block-separator has-alpha-channel-opacity\"\/>\n\n\n\n<h2><strong>Se aprueba el convenio de colaboraci\u00f3n &#8220;Estada a l&#8217;empresa&#8221; para que una alumna del instituto haga pr\u00e1cticas a la biblioteca<\/strong><\/h2>\n\n\n\n<h3><strong>Se trata de un acuerdo entre el Ajuntament de la Bisbal del Pened\u00e8s y el Institut Coster de la Torre para la formaci\u00f3n pr\u00e1ctica de una alumna de 1.\u00ba de BAT <\/strong><\/h3>\n\n\n\n<p>La Junta de Gobierno del 25 de noviembre ha aprobado, a petici\u00f3n de la Regidoria d&#8217;Ensenyament, el convenio de colaboraci\u00f3n &#8220;Estada a l&#8217;empresa&#8221; entre el Ajuntament de la Bisbal del Pened\u00e8s y el Institut Coster de la Torre. Mediante este acuerdo, una alumna de primero de bachillerato del instituto de la Bisbal podr\u00e1 hacer un total de 70h pr\u00e1cticas en la biblioteca municipal entre el 25 de noviembre de 2024 y el 24 de abril de 2025.<\/p>\n\n\n\n<p>La alumna aprender\u00e1 el funcionamiento de la herramienta b\u00e1sica de ordenaci\u00f3n y clasificaci\u00f3n del fondo de la biblioteca; conocer\u00e1 el funcionamiento del sistema de catalogaci\u00f3n del fondo, as\u00ed como tareas complementarias referentes al etiquetado de las nuevas adquisiciones y a la ordenaci\u00f3n de los fondos a sus estantes.<\/p>\n\n\n\n<p>La &#8220;Estada a l&#8217;empresa&#8221; es una materia optativa del curr\u00edculum de bachillerato con una funci\u00f3n esencialmente orientadora que tiene como objetivo acercar a los alumnos a la realidad del mundo laboral. Mediante esta materia, el alumnado puede permanecer durante un tiempo en una empresa -en este caso a la administraci\u00f3n p\u00fablica- para tomar contacto con un campo profesional hacia el cual se siente motivado y, de este modo, enfocar mejor su proyecto de futuro acad\u00e9mico y profesional.<\/p>\n","protected":false},"excerpt":{"rendered":"<p>Es tracta d&#8217;un acord entre l&#8217;Ajuntament de la Bisbal del Pened\u00e8s i l&#8217;Institut Coster de la Torre per a la formaci\u00f3 pr\u00e0ctica d&#8217;una alumna de 1r de BAT La Junta &hellip; <a href=\"https:\/\/bisbalpenedes.com\/web\/2024\/11\/26\/saprova-el-conveni-de-collaboracio-estada-a-lempresa-perque-una-alumna-de-linstitut-faci-practiques-a-la-biblioteca\/\" class=\"more-link\">Read More<\/a><\/p>\n","protected":false},"author":4,"featured_media":32403,"comment_status":"closed","ping_status":"closed","sticky":false,"template":"","format":"standard","meta":[],"categories":[13,3456,8],"tags":[459,332,65,6927,566,393,848,222],"_links":{"self":[{"href":"https:\/\/bisbalpenedes.com\/web\/wp-json\/wp\/v2\/posts\/32402"}],"collection":[{"href":"https:\/\/bisbalpenedes.com\/web\/wp-json\/wp\/v2\/posts"}],"about":[{"href":"https:\/\/bisbalpenedes.com\/web\/wp-json\/wp\/v2\/types\/post"}],"author":[{"embeddable":true,"href":"https:\/\/bisbalpenedes.com\/web\/wp-json\/wp\/v2\/users\/4"}],"replies":[{"embeddable":true,"href":"https:\/\/bisbalpenedes.com\/web\/wp-json\/wp\/v2\/comments?post=32402"}],"version-history":[{"count":2,"href":"https:\/\/bisbalpenedes.com\/web\/wp-json\/wp\/v2\/posts\/32402\/revisions"}],"predecessor-version":[{"id":32405,"href":"https:\/\/bisbalpenedes.com\/web\/wp-json\/wp\/v2\/posts\/32402\/revisions\/32405"}],"wp:featuredmedia":[{"embeddable":true,"href":"https:\/\/bisbalpenedes.com\/web\/wp-json\/wp\/v2\/media\/32403"}],"wp:attachment":[{"href":"https:\/\/bisbalpenedes.com\/web\/wp-json\/wp\/v2\/media?parent=32402"}],"wp:term":[{"taxonomy":"category","embeddable":true,"href":"https:\/\/bisbalpenedes.com\/web\/wp-json\/wp\/v2\/categories?post=32402"},{"taxonomy":"post_tag","embeddable":true,"href":"https:\/\/bisbalpenedes.com\/web\/wp-json\/wp\/v2\/tags?post=32402"}],"curies":[{"name":"wp","href":"https:\/\/api.w.org\/{rel}","templated":true}]}}