{"id":32388,"date":"2024-11-26T15:35:18","date_gmt":"2024-11-26T13:35:18","guid":{"rendered":"https:\/\/bisbalpenedes.com\/web\/?p=32388"},"modified":"2024-11-26T15:39:39","modified_gmt":"2024-11-26T13:39:39","slug":"prou-incivisme-els-voluminosos-shan-de-portar-al-punt-verd-o-demanar-la-recollida-a-domicili-un-servei-que-oferim-des-de-lajuntament","status":"publish","type":"post","link":"https:\/\/bisbalpenedes.com\/web\/2024\/11\/26\/prou-incivisme-els-voluminosos-shan-de-portar-al-punt-verd-o-demanar-la-recollida-a-domicili-un-servei-que-oferim-des-de-lajuntament\/","title":{"rendered":"Prou incivisme! Els voluminosos s&#8217;han de portar al Punt Verd o demanar la recollida a domicili, un servei que oferim des de l&#8217;Ajuntament"},"content":{"rendered":"\n<p>Des de la Regidoria de Gesti\u00f3 de Residus volem mostrar, una vegada m\u00e9s, el nostre total rebuig i indignaci\u00f3 cap a l\u2019incivisme d\u2019algunes persones. Aquesta illa de contenidors de les fotos est\u00e0 ubicada al carrer C\u00f3rdoba del Priorat de la Bisbal i ahir &#8220;llu\u00efa&#8221; aix\u00ed.<\/p>\n\n\n\n<p>Al municipi comptem amb el <a href=\"https:\/\/bisbalpenedes.com\/web\/2024\/03\/14\/canvi-dhorari-del-punt-verd-a-partir-daquesta-setmana-els-diumenges-estara-tancat\/\" target=\"_blank\" rel=\"noreferrer noopener\">Punt Verd<\/a> per portar els voluminosos i tamb\u00e9 tenim un servei de recollida a domicili que es pot <a rel=\"noreferrer noopener\" href=\"https:\/\/bisbalpenedes.com\/web\/2024\/10\/07\/horari-dhivern-de-la-recollida-de-voluminosos\/\" data-type=\"URL\" data-id=\"https:\/\/bisbalpenedes.com\/web\/2024\/10\/07\/horari-dhivern-de-la-recollida-de-voluminosos\/\" target=\"_blank\">sol\u00b7licitar a l\u2019Ajuntament.<\/a><\/p>\n\n\n\n<p>Aquestes conductes perjudiquen el benestar de la resta de conciutadans, encareixen el preu del servei i, a m\u00e9s, embruten l&#8217;entorn del nostre municipi.<\/p>\n\n\n\n<p>Amb un petit gest per part de tots podem fer que el poble estigui net.<\/p>\n\n\n\n<figure class=\"wp-block-image size-large\"><img loading=\"lazy\" width=\"1024\" height=\"960\" src=\"https:\/\/bisbalpenedes.com\/web\/wp-content\/uploads\/2024\/11\/WhatsApp-Image-2024-11-25-at-16.16.28-e1732628047591-1024x960.jpeg\" alt=\"\" class=\"wp-image-32390\" srcset=\"https:\/\/bisbalpenedes.com\/web\/wp-content\/uploads\/2024\/11\/WhatsApp-Image-2024-11-25-at-16.16.28-e1732628047591-1024x960.jpeg 1024w, https:\/\/bisbalpenedes.com\/web\/wp-content\/uploads\/2024\/11\/WhatsApp-Image-2024-11-25-at-16.16.28-e1732628047591-300x281.jpeg 300w, https:\/\/bisbalpenedes.com\/web\/wp-content\/uploads\/2024\/11\/WhatsApp-Image-2024-11-25-at-16.16.28-e1732628047591-768x720.jpeg 768w, https:\/\/bisbalpenedes.com\/web\/wp-content\/uploads\/2024\/11\/WhatsApp-Image-2024-11-25-at-16.16.28-e1732628047591-600x562.jpeg 600w, https:\/\/bisbalpenedes.com\/web\/wp-content\/uploads\/2024\/11\/WhatsApp-Image-2024-11-25-at-16.16.28-e1732628047591.jpeg 1070w\" sizes=\"(max-width: 1024px) 100vw, 1024px\" \/><\/figure>\n\n\n\n<hr class=\"wp-block-separator has-alpha-channel-opacity\"\/>\n\n\n\n<p><strong>CASTELLANO | <\/strong>Desde la Concejal\u00eda de Gesti\u00f3n de Residuos queremos mostrar, una vez m\u00e1s, nuestro absoluto rechazo e indignaci\u00f3n hacia el incivismo de algunas personas. Esta isla de contenedores est\u00e1 ubicada en la calle C\u00f3rdoba del Priorat de la Bisbal y ayer &#8220;luc\u00eda&#8221; as\u00ed.<\/p>\n\n\n\n<p>En el municipio contamos con el <a href=\"https:\/\/bisbalpenedes.com\/web\/2024\/03\/14\/canvi-dhorari-del-punt-verd-a-partir-daquesta-setmana-els-diumenges-estara-tancat\/\" target=\"_blank\" rel=\"noreferrer noopener\">Punt Verd<\/a> para llevar los voluminosos y tambi\u00e9n tenemos un servicio de recogida a domicilio que se puede <a rel=\"noreferrer noopener\" href=\"https:\/\/bisbalpenedes.com\/web\/2024\/10\/07\/horari-dhivern-de-la-recollida-de-voluminosos\/\" target=\"_blank\">solicitar en el Ajuntament.<\/a><\/p>\n\n\n\n<p>Estas conductas perjudican el bienestar del resto de conciudadanos, encarecen el precio del servicio y, adem\u00e1s, ensucian el entorno de nuestro municipio.<\/p>\n\n\n\n<p>Con un peque\u00f1o gesto por parte de todos podemos hacer que el pueblo est\u00e9 limpio.<\/p>\n","protected":false},"excerpt":{"rendered":"<p>Des de la Regidoria de Gesti\u00f3 de Residus volem mostrar, una vegada m\u00e9s, el nostre total rebuig i indignaci\u00f3 cap a l\u2019incivisme d\u2019algunes persones. Aquesta illa de contenidors de les &hellip; <a href=\"https:\/\/bisbalpenedes.com\/web\/2024\/11\/26\/prou-incivisme-els-voluminosos-shan-de-portar-al-punt-verd-o-demanar-la-recollida-a-domicili-un-servei-que-oferim-des-de-lajuntament\/\" class=\"more-link\">Read More<\/a><\/p>\n","protected":false},"author":4,"featured_media":32389,"comment_status":"closed","ping_status":"closed","sticky":false,"template":"","format":"standard","meta":[],"categories":[3215,8],"tags":[4897,1131,1479,626,393],"_links":{"self":[{"href":"https:\/\/bisbalpenedes.com\/web\/wp-json\/wp\/v2\/posts\/32388"}],"collection":[{"href":"https:\/\/bisbalpenedes.com\/web\/wp-json\/wp\/v2\/posts"}],"about":[{"href":"https:\/\/bisbalpenedes.com\/web\/wp-json\/wp\/v2\/types\/post"}],"author":[{"embeddable":true,"href":"https:\/\/bisbalpenedes.com\/web\/wp-json\/wp\/v2\/users\/4"}],"replies":[{"embeddable":true,"href":"https:\/\/bisbalpenedes.com\/web\/wp-json\/wp\/v2\/comments?post=32388"}],"version-history":[{"count":2,"href":"https:\/\/bisbalpenedes.com\/web\/wp-json\/wp\/v2\/posts\/32388\/revisions"}],"predecessor-version":[{"id":32394,"href":"https:\/\/bisbalpenedes.com\/web\/wp-json\/wp\/v2\/posts\/32388\/revisions\/32394"}],"wp:featuredmedia":[{"embeddable":true,"href":"https:\/\/bisbalpenedes.com\/web\/wp-json\/wp\/v2\/media\/32389"}],"wp:attachment":[{"href":"https:\/\/bisbalpenedes.com\/web\/wp-json\/wp\/v2\/media?parent=32388"}],"wp:term":[{"taxonomy":"category","embeddable":true,"href":"https:\/\/bisbalpenedes.com\/web\/wp-json\/wp\/v2\/categories?post=32388"},{"taxonomy":"post_tag","embeddable":true,"href":"https:\/\/bisbalpenedes.com\/web\/wp-json\/wp\/v2\/tags?post=32388"}],"curies":[{"name":"wp","href":"https:\/\/api.w.org\/{rel}","templated":true}]}}