{"id":32368,"date":"2024-11-22T13:35:55","date_gmt":"2024-11-22T11:35:55","guid":{"rendered":"https:\/\/bisbalpenedes.com\/web\/?p=32368"},"modified":"2024-11-22T13:43:56","modified_gmt":"2024-11-22T11:43:56","slug":"subvencions-de-la-diputacio-de-tarragona-de-2024","status":"publish","type":"post","link":"https:\/\/bisbalpenedes.com\/web\/2024\/11\/22\/subvencions-de-la-diputacio-de-tarragona-de-2024\/","title":{"rendered":"Subvencions de la Diputaci\u00f3 de Tarragona de 2024"},"content":{"rendered":"\n<p>Exercici 2024<\/p>\n\n\n\n<p>El Ple celebrat el 13 d\u2019agost de 2024 va aprovar el conveni de concertaci\u00f3 amb la Diputaci\u00f3 de Tarragona i el document de planificaci\u00f3 definitiu singularitzat per a l\u2019execuci\u00f3 del Pla ImpulsDipta, amb el seg\u00fcent detall:<\/p>\n\n\n\n<figure class=\"wp-block-table is-style-stripes has-medium-font-size\"><table class=\"has-background\" style=\"background-color:#eeffaf\"><tbody><tr><td>&nbsp;<\/td><td><strong>Cultura (*)<\/strong><\/td><td><strong>Salut P\u00fablica (*)<\/strong><\/td><td><strong>Transici\u00f3 ecol\u00f2gica (*)<\/strong><\/td><td><strong>Inversi\u00f3 (*)<\/strong><\/td><\/tr><tr><td>&nbsp;<\/td><td><strong>5%<\/strong><\/td><td><strong>10%<\/strong><\/td><td><strong>15%<\/strong><\/td><td><strong>m\u00edn= 35% (**)<\/strong><\/td><\/tr><tr><td><strong>Import a destinar<\/strong><\/td><td><strong>47.893,67 \u20ac<\/strong><\/td><td><strong>95.787,33 \u20ac<\/strong><\/td><td><strong>143.681,00 \u20ac<\/strong><\/td><td><strong>335.255,67 \u20ac<\/strong><\/td><\/tr><tr><td>Cap\u00edtol pressupostari<\/td><td>Cap. 2<\/td><td>Cap. 2<\/td><td>Cap. 2<\/td><td>Cap. 6<\/td><td>Cap. 6<\/td><\/tr><tr><td>Import pel 2024<\/td><td>11.893,67 \u20ac<\/td><td>23.946,83 \u20ac<\/td><td>&#8211; \u20ac<\/td><td>&#8211; \u20ac<\/td><td>&#8211; \u20ac<\/td><\/tr><tr><td>Import pel 2025<\/td><td>11.897,63 \u20ac<\/td><td>23.946,84 \u20ac<\/td><td>&nbsp;<\/td><td>71.840,50 \u20ac<\/td><td>670.511,33 \u20ac<\/td><\/tr><tr><td>Import pel 2026<\/td><td>11.897,63 \u20ac<\/td><td>23.946,83 \u20ac<\/td><td>&nbsp;<\/td><td>71.840,50 \u20ac<\/td><td>&#8211; \u20ac<\/td><\/tr><tr><td>Import pel 2027<\/td><td>12.204,74 \u20ac<\/td><td>23.946,83 \u20ac<\/td><td>&nbsp;<\/td><td>&#8211; \u20ac<\/td><td>&#8211; \u20ac<\/td><\/tr><tr><td><strong>Total<\/strong><\/td><td><strong>47.893,67 \u20ac<\/strong><\/td><td><strong>95.787,33 \u20ac<\/strong><\/td><td><strong>&nbsp;<\/strong><\/td><td><strong>143.681,00 \u20ac<\/strong><\/td><td><strong>670.511,33 \u20ac<\/strong><\/td><\/tr><\/tbody><\/table><\/figure>\n\n\n\n<p>L\u2019import concedit, per l&#8217;anualitat 2024,\u00a0 per al finan\u00e7ament del<strong> programa de salut p\u00fablica<\/strong> s\u2019han destinat a les seg\u00fcents actuacions:<\/p>\n\n\n\n<figure class=\"wp-block-table has-medium-font-size\"><table class=\"has-background\" style=\"background-color:#ffefc5\"><tbody><tr><td><strong>Actuaci\u00f3<\/strong><\/td><td><strong>Import<\/strong><\/td><\/tr><tr><td>Alimentaci\u00f3 col\u00f2nies de gats<\/td><td>2.580,70 \u20ac<\/td><\/tr><tr><td>Projecte del m\u00e8tode CER pel control de les col\u00f2nies felines<\/td><td>3.206,50 \u20ac<\/td><\/tr><tr><td>Control col\u00f2nies felines<\/td><td>4.719,00 \u20ac<\/td><\/tr><tr><td>Esterilitzacions gats de les col\u00f2nies + xips<\/td><td>5.772,00 \u20ac<\/td><\/tr><tr><td>Activitats saludables<\/td><td>11.099,73 \u20ac<\/td><\/tr><tr><td><strong>TOTAL<\/strong><\/td><td><strong>27.377,93 \u20ac<\/strong><\/td><\/tr><\/tbody><\/table><\/figure>\n\n\n\n<p>L\u2019import concedit, per l&#8217;anualitat 2024,\u00a0 per al finan\u00e7ament del <strong>programa de cultura<\/strong> s\u2019han destinat a les seg\u00fcents actuacions:<\/p>\n\n\n\n<figure class=\"wp-block-table has-medium-font-size\"><table class=\"has-background\" style=\"background-color:#ffdbf8\"><tbody><tr><td><strong>Actuaci\u00f3<\/strong><\/td><td><strong>Import<\/strong><\/td><\/tr><tr><td>Serveis d&#8217;organitzaci\u00f3 Tres Tombs 2024<\/td><td>9.256,00 \u20ac<\/td><\/tr><tr><td>Actuaci\u00f3 del Quartet M\u00e8lt per St. Jordi<\/td><td>5.324,00 \u20ac<\/td><\/tr><tr><td>Espectacles per a p\u00fablic adult dins el marc del Festival EVA, En Veu Alta, en la seva edici\u00f3 2024 al Pened\u00e8s<\/td><td>4.277,35 \u20ac<\/td><\/tr><tr><td><strong>TOTAL<\/strong><\/td><td><strong>18.857,35 \u20ac<\/strong><\/td><\/tr><\/tbody><\/table><\/figure>\n\n\n\n<figure class=\"wp-block-image size-large\"><img loading=\"lazy\" width=\"1024\" height=\"327\" src=\"https:\/\/bisbalpenedes.com\/web\/wp-content\/uploads\/2024\/11\/impuls_dipta_marca-1024x327.png\" alt=\"\" class=\"wp-image-32371\" srcset=\"https:\/\/bisbalpenedes.com\/web\/wp-content\/uploads\/2024\/11\/impuls_dipta_marca-1024x327.png 1024w, https:\/\/bisbalpenedes.com\/web\/wp-content\/uploads\/2024\/11\/impuls_dipta_marca-300x96.png 300w, https:\/\/bisbalpenedes.com\/web\/wp-content\/uploads\/2024\/11\/impuls_dipta_marca-768x245.png 768w, https:\/\/bisbalpenedes.com\/web\/wp-content\/uploads\/2024\/11\/impuls_dipta_marca-600x191.png 600w, https:\/\/bisbalpenedes.com\/web\/wp-content\/uploads\/2024\/11\/impuls_dipta_marca.png 1128w\" sizes=\"(max-width: 1024px) 100vw, 1024px\" \/><\/figure>\n","protected":false},"excerpt":{"rendered":"<p>Exercici 2024 El Ple celebrat el 13 d\u2019agost de 2024 va aprovar el conveni de concertaci\u00f3 amb la Diputaci\u00f3 de Tarragona i el document de planificaci\u00f3 definitiu singularitzat per a &hellip; <a href=\"https:\/\/bisbalpenedes.com\/web\/2024\/11\/22\/subvencions-de-la-diputacio-de-tarragona-de-2024\/\" class=\"more-link\">Read More<\/a><\/p>\n","protected":false},"author":1,"featured_media":27517,"comment_status":"closed","ping_status":"closed","sticky":false,"template":"","format":"standard","meta":[],"categories":[8],"tags":[6924,393,102],"_links":{"self":[{"href":"https:\/\/bisbalpenedes.com\/web\/wp-json\/wp\/v2\/posts\/32368"}],"collection":[{"href":"https:\/\/bisbalpenedes.com\/web\/wp-json\/wp\/v2\/posts"}],"about":[{"href":"https:\/\/bisbalpenedes.com\/web\/wp-json\/wp\/v2\/types\/post"}],"author":[{"embeddable":true,"href":"https:\/\/bisbalpenedes.com\/web\/wp-json\/wp\/v2\/users\/1"}],"replies":[{"embeddable":true,"href":"https:\/\/bisbalpenedes.com\/web\/wp-json\/wp\/v2\/comments?post=32368"}],"version-history":[{"count":5,"href":"https:\/\/bisbalpenedes.com\/web\/wp-json\/wp\/v2\/posts\/32368\/revisions"}],"predecessor-version":[{"id":32374,"href":"https:\/\/bisbalpenedes.com\/web\/wp-json\/wp\/v2\/posts\/32368\/revisions\/32374"}],"wp:featuredmedia":[{"embeddable":true,"href":"https:\/\/bisbalpenedes.com\/web\/wp-json\/wp\/v2\/media\/27517"}],"wp:attachment":[{"href":"https:\/\/bisbalpenedes.com\/web\/wp-json\/wp\/v2\/media?parent=32368"}],"wp:term":[{"taxonomy":"category","embeddable":true,"href":"https:\/\/bisbalpenedes.com\/web\/wp-json\/wp\/v2\/categories?post=32368"},{"taxonomy":"post_tag","embeddable":true,"href":"https:\/\/bisbalpenedes.com\/web\/wp-json\/wp\/v2\/tags?post=32368"}],"curies":[{"name":"wp","href":"https:\/\/api.w.org\/{rel}","templated":true}]}}