{"id":32367,"date":"2024-11-25T05:00:00","date_gmt":"2024-11-25T03:00:00","guid":{"rendered":"https:\/\/bisbalpenedes.com\/web\/?p=32367"},"modified":"2024-11-22T15:14:23","modified_gmt":"2024-11-22T13:14:23","slug":"avui-lajuntament-silluminara-de-color-morat-amb-motiu-del-dia-internacional-per-a-leliminacio-de-la-violencia-envers-les-dones","status":"publish","type":"post","link":"https:\/\/bisbalpenedes.com\/web\/2024\/11\/25\/avui-lajuntament-silluminara-de-color-morat-amb-motiu-del-dia-internacional-per-a-leliminacio-de-la-violencia-envers-les-dones\/","title":{"rendered":"Avui l&#8217;Ajuntament s&#8217;il\u00b7luminar\u00e0 de color morat amb motiu del Dia internacional per a l&#8217;eliminaci\u00f3 de la viol\u00e8ncia envers les dones"},"content":{"rendered":"\n<p>Avui, al vespre, l&#8217;Ajuntament de la Bisbal del Pened\u00e8s s&#8217;il\u00b7luminar\u00e0 de color morat amb motiu del Dia internacional per a l\u2019eliminaci\u00f3 de la viol\u00e8ncia envers les dones.<\/p>\n\n\n\n<p>Un any m\u00e9s, l&#8217;Ajuntament s&#8217;ha adherit a la declaraci\u00f3 institucional amb motiu del Dia internacional per a l&#8217;eliminaci\u00f3 de la viol\u00e8ncia envers les dones.<\/p>\n\n\n\n<hr class=\"wp-block-separator has-alpha-channel-opacity\"\/>\n\n\n\n<p>Hoy, al anochecer, el Ayuntamiento de la Bisbal del Pened\u00e8s se iluminar\u00e1 de color morado con motivo del D\u00eda Internacional para la eliminaci\u00f3n de la violencia hacia las mujeres.<\/p>\n\n\n\n<p>Un a\u00f1o m\u00e1s, el Ajuntament se ha adherido a la declaraci\u00f3n institucional con motivo del D\u00eda internacional para la eliminaci\u00f3n de la violencia hacia las mujeres.<\/p>\n\n\n\n<div class=\"wp-block-file\"><object class=\"wp-block-file__embed\" data=\"https:\/\/bisbalpenedes.com\/web\/wp-content\/uploads\/2024\/11\/declaracio_institucional_25n24.pdf\" type=\"application\/pdf\" style=\"width:100%;height:600px\" aria-label=\"Incrustaci\u00f3 del fitxer declaracio_institucional_25n24.\"><\/object><a id=\"wp-block-file--media-2d6ff048-89a3-4246-af39-bd0ba6574ff6\" href=\"https:\/\/bisbalpenedes.com\/web\/wp-content\/uploads\/2024\/11\/declaracio_institucional_25n24.pdf\">declaracio_institucional_25n24<\/a><a href=\"https:\/\/bisbalpenedes.com\/web\/wp-content\/uploads\/2024\/11\/declaracio_institucional_25n24.pdf\" class=\"wp-block-file__button\" download aria-describedby=\"wp-block-file--media-2d6ff048-89a3-4246-af39-bd0ba6574ff6\">Baixa<\/a><\/div>\n","protected":false},"excerpt":{"rendered":"<p>Avui, al vespre, l&#8217;Ajuntament de la Bisbal del Pened\u00e8s s&#8217;il\u00b7luminar\u00e0 de color morat amb motiu del Dia internacional per a l\u2019eliminaci\u00f3 de la viol\u00e8ncia envers les dones. Un any m\u00e9s, &hellip; <a href=\"https:\/\/bisbalpenedes.com\/web\/2024\/11\/25\/avui-lajuntament-silluminara-de-color-morat-amb-motiu-del-dia-internacional-per-a-leliminacio-de-la-violencia-envers-les-dones\/\" class=\"more-link\">Read More<\/a><\/p>\n","protected":false},"author":4,"featured_media":32375,"comment_status":"closed","ping_status":"closed","sticky":false,"template":"","format":"standard","meta":[],"categories":[6120,8],"tags":[4224,459,6926,6124,1374],"_links":{"self":[{"href":"https:\/\/bisbalpenedes.com\/web\/wp-json\/wp\/v2\/posts\/32367"}],"collection":[{"href":"https:\/\/bisbalpenedes.com\/web\/wp-json\/wp\/v2\/posts"}],"about":[{"href":"https:\/\/bisbalpenedes.com\/web\/wp-json\/wp\/v2\/types\/post"}],"author":[{"embeddable":true,"href":"https:\/\/bisbalpenedes.com\/web\/wp-json\/wp\/v2\/users\/4"}],"replies":[{"embeddable":true,"href":"https:\/\/bisbalpenedes.com\/web\/wp-json\/wp\/v2\/comments?post=32367"}],"version-history":[{"count":1,"href":"https:\/\/bisbalpenedes.com\/web\/wp-json\/wp\/v2\/posts\/32367\/revisions"}],"predecessor-version":[{"id":32376,"href":"https:\/\/bisbalpenedes.com\/web\/wp-json\/wp\/v2\/posts\/32367\/revisions\/32376"}],"wp:featuredmedia":[{"embeddable":true,"href":"https:\/\/bisbalpenedes.com\/web\/wp-json\/wp\/v2\/media\/32375"}],"wp:attachment":[{"href":"https:\/\/bisbalpenedes.com\/web\/wp-json\/wp\/v2\/media?parent=32367"}],"wp:term":[{"taxonomy":"category","embeddable":true,"href":"https:\/\/bisbalpenedes.com\/web\/wp-json\/wp\/v2\/categories?post=32367"},{"taxonomy":"post_tag","embeddable":true,"href":"https:\/\/bisbalpenedes.com\/web\/wp-json\/wp\/v2\/tags?post=32367"}],"curies":[{"name":"wp","href":"https:\/\/api.w.org\/{rel}","templated":true}]}}