{"id":32355,"date":"2024-11-20T23:24:24","date_gmt":"2024-11-20T21:24:24","guid":{"rendered":"https:\/\/bisbalpenedes.com\/web\/?p=32355"},"modified":"2024-11-20T23:30:32","modified_gmt":"2024-11-20T21:30:32","slug":"el-delegat-territorial-del-govern-de-la-generalitat-al-penedes-lluis-valls-ha-visitat-la-bisbal-del-penedes-aquest-dilluns","status":"publish","type":"post","link":"https:\/\/bisbalpenedes.com\/web\/2024\/11\/20\/el-delegat-territorial-del-govern-de-la-generalitat-al-penedes-lluis-valls-ha-visitat-la-bisbal-del-penedes-aquest-dilluns\/","title":{"rendered":"<strong>El delegat territorial del Govern de la Generalitat al Pened\u00e8s, Llu\u00eds Valls, ha visitat la Bisbal del Pened\u00e8s aquest dilluns<\/strong>"},"content":{"rendered":"\n<p>El delegat territorial del Govern de la Generalitat al Pened\u00e8s, Llu\u00eds Valls, ha visitat la Bisbal del Pened\u00e8s aquest dilluns 18 de novembre. En arribar, ha saludat a bona part de l\u2019equip de govern i ha signat el Llibre d\u2019Honor. Tot seguit, s\u2019ha reunit amb l\u2019alcaldessa Agn\u00e8s Ferr\u00e9.<\/p>\n\n\n\n<p>Durant la trobada, Valls s\u2019ha posat a disposici\u00f3 de l\u2019Ajuntament i s\u2019ha interessat per diversos temes relacionats amb els projectes que l\u2019equip de govern t\u00e9 en marxa, especialment aquells que tenen relaci\u00f3 amb la Generalitat de Catalunya. En aquest sentit, el Pla de mandat de l\u2019Equip de Govern i els projectes que formen part d\u2019aquest han agafat protagonisme durant la conversa. Entre els temes que s\u2019han tractat durant la reuni\u00f3 es troben l\u2019ampliaci\u00f3 de l\u2019escola de prim\u00e0ria, la seguretat, la formaci\u00f3 professional i ocupacional i les zones industrials.<\/p>\n\n\n\n<figure class=\"wp-block-image size-large\"><img loading=\"lazy\" width=\"1024\" height=\"768\" src=\"https:\/\/bisbalpenedes.com\/web\/wp-content\/uploads\/2024\/11\/SIGNATURA-LLIBRE-HONOR-DELEGAT-GOVERN-NOV-2024-1024x768.jpeg\" alt=\"\" class=\"wp-image-32357\" srcset=\"https:\/\/bisbalpenedes.com\/web\/wp-content\/uploads\/2024\/11\/SIGNATURA-LLIBRE-HONOR-DELEGAT-GOVERN-NOV-2024-1024x768.jpeg 1024w, https:\/\/bisbalpenedes.com\/web\/wp-content\/uploads\/2024\/11\/SIGNATURA-LLIBRE-HONOR-DELEGAT-GOVERN-NOV-2024-300x225.jpeg 300w, https:\/\/bisbalpenedes.com\/web\/wp-content\/uploads\/2024\/11\/SIGNATURA-LLIBRE-HONOR-DELEGAT-GOVERN-NOV-2024-768x576.jpeg 768w, https:\/\/bisbalpenedes.com\/web\/wp-content\/uploads\/2024\/11\/SIGNATURA-LLIBRE-HONOR-DELEGAT-GOVERN-NOV-2024-1536x1152.jpeg 1536w, https:\/\/bisbalpenedes.com\/web\/wp-content\/uploads\/2024\/11\/SIGNATURA-LLIBRE-HONOR-DELEGAT-GOVERN-NOV-2024-2048x1536.jpeg 2048w, https:\/\/bisbalpenedes.com\/web\/wp-content\/uploads\/2024\/11\/SIGNATURA-LLIBRE-HONOR-DELEGAT-GOVERN-NOV-2024-600x450.jpeg 600w\" sizes=\"(max-width: 1024px) 100vw, 1024px\" \/><\/figure>\n\n\n\n<hr class=\"wp-block-separator has-alpha-channel-opacity\"\/>\n\n\n\n<h1><strong>El delegado territorial del Govern de la Generalitat en el Pened\u00e8s, Llu\u00eds Valls, ha visitado la Bisbal del Pened\u00e8s este lunes<\/strong><\/h1>\n\n\n\n<p>El delegado territorial del Govern de la Generalitat en el Pened\u00e8s, Llu\u00eds Valls, ha visitado la Bisbal del Pened\u00e8s este lunes 18 de noviembre. Al llegar, ha saludado a buena parte del equipo de gobierno y ha firmado el Libro de Honor. A continuaci\u00f3n, se ha reunido con la alcaldesa Agn\u00e8s Ferr\u00e9.<\/p>\n\n\n\n<p>Durante el encuentro, Valls se ha puesto a disposici\u00f3n del ayuntamiento y se ha interesado por varios temas relacionados con los proyectos que el equipo de gobierno tiene en marcha, especialmente aquellos que tienen relaci\u00f3n con la Generalitat de Catalunya. En este sentido, el Plan de mandato del Equipo de Gobierno y los proyectos que forman parte de este han cogido protagonismo durante la conversaci\u00f3n. Entre los temas que se han tratado durante la reuni\u00f3n se encuentran la ampliaci\u00f3n de la escuela de primaria, la seguridad, la formaci\u00f3n profesional y ocupacional y las zonas industriales.<\/p>\n","protected":false},"excerpt":{"rendered":"<p>El delegat territorial del Govern de la Generalitat al Pened\u00e8s, Llu\u00eds Valls, ha visitat la Bisbal del Pened\u00e8s aquest dilluns 18 de novembre. En arribar, ha saludat a bona part &hellip; <a href=\"https:\/\/bisbalpenedes.com\/web\/2024\/11\/20\/el-delegat-territorial-del-govern-de-la-generalitat-al-penedes-lluis-valls-ha-visitat-la-bisbal-del-penedes-aquest-dilluns\/\" class=\"more-link\">Read More<\/a><\/p>\n","protected":false},"author":4,"featured_media":32356,"comment_status":"closed","ping_status":"closed","sticky":false,"template":"","format":"standard","meta":[],"categories":[2057,2377,8,3944],"tags":[2146,865,2330,393,603],"_links":{"self":[{"href":"https:\/\/bisbalpenedes.com\/web\/wp-json\/wp\/v2\/posts\/32355"}],"collection":[{"href":"https:\/\/bisbalpenedes.com\/web\/wp-json\/wp\/v2\/posts"}],"about":[{"href":"https:\/\/bisbalpenedes.com\/web\/wp-json\/wp\/v2\/types\/post"}],"author":[{"embeddable":true,"href":"https:\/\/bisbalpenedes.com\/web\/wp-json\/wp\/v2\/users\/4"}],"replies":[{"embeddable":true,"href":"https:\/\/bisbalpenedes.com\/web\/wp-json\/wp\/v2\/comments?post=32355"}],"version-history":[{"count":2,"href":"https:\/\/bisbalpenedes.com\/web\/wp-json\/wp\/v2\/posts\/32355\/revisions"}],"predecessor-version":[{"id":32359,"href":"https:\/\/bisbalpenedes.com\/web\/wp-json\/wp\/v2\/posts\/32355\/revisions\/32359"}],"wp:featuredmedia":[{"embeddable":true,"href":"https:\/\/bisbalpenedes.com\/web\/wp-json\/wp\/v2\/media\/32356"}],"wp:attachment":[{"href":"https:\/\/bisbalpenedes.com\/web\/wp-json\/wp\/v2\/media?parent=32355"}],"wp:term":[{"taxonomy":"category","embeddable":true,"href":"https:\/\/bisbalpenedes.com\/web\/wp-json\/wp\/v2\/categories?post=32355"},{"taxonomy":"post_tag","embeddable":true,"href":"https:\/\/bisbalpenedes.com\/web\/wp-json\/wp\/v2\/tags?post=32355"}],"curies":[{"name":"wp","href":"https:\/\/api.w.org\/{rel}","templated":true}]}}