{"id":32336,"date":"2024-11-20T19:30:11","date_gmt":"2024-11-20T17:30:11","guid":{"rendered":"https:\/\/bisbalpenedes.com\/web\/?p=32336"},"modified":"2024-11-20T20:38:02","modified_gmt":"2024-11-20T18:38:02","slug":"lajuntament-de-la-bisbal-del-penedes-i-la-cambra-de-comerc-de-tarragona-treballen-per-millora-la-seguretat-els-serveis-i-la-mobilitat-dels-parcs-empresarials-bisbalencs","status":"publish","type":"post","link":"https:\/\/bisbalpenedes.com\/web\/2024\/11\/20\/lajuntament-de-la-bisbal-del-penedes-i-la-cambra-de-comerc-de-tarragona-treballen-per-millora-la-seguretat-els-serveis-i-la-mobilitat-dels-parcs-empresarials-bisbalencs\/","title":{"rendered":"L&#8217;Ajuntament de la Bisbal del Pened\u00e8s i la Cambra de Comer\u00e7 de Tarragona treballen per millorar la seguretat, els serveis i la mobilitat dels parcs empresarials bisbalencs"},"content":{"rendered":"\n<p><strong>Ahir dimarts 19 de novembre es va reunir, per segona vegada, la taula de serveis, mobilitat i seguretat del pla d\u2019Impuls de l\u2019activitat econ\u00f2mica dels parcs empresarials bisbalencs<\/strong><\/p>\n\n\n\n<p>L&#8217;Ajuntament de la Bisbal del Pened\u00e8s i la Cambra de Comer\u00e7 de Tarragona continuen treballant activament amb les empreses de les Planes i les Planes Baixes en el marc del Pla d&#8217;impuls de l&#8217;activitat econ\u00f2mica dels parcs empresarials bisbalencs. Ahir dimarts 19 de novembre, representants municipals, empresarials i t\u00e8cnics es van reunir a l&#8217;hotel d&#8217;entitats per abordar tot all\u00f2 relacionat amb els serveis, la mobilitat i la seguretat.<\/p>\n\n\n\n<p>Despr\u00e9s de la primera taula energ\u00e8tica celebrada al mes d&#8217;abril, on es va comptar amb la pres\u00e8ncia de l\u2019Associaci\u00f3 d\u2019empresaris de Bufalvent (Manresa) i de Mossos d\u2019Esquadra, la trobada d&#8217;aquest novembre ha aprofundit en les opcions de mobilitat i seguretat i en plantejar les diverses opcions que podria acollir la zona d\u2019equipaments prevista a la zona industrial, ja que en l\u2019actualitat s\u2019estan estudiant quins s\u00f3n els serveis m\u00e9s necessaris per a les persones treballadores de les zones industrials i per als transportistes.<\/p>\n\n\n\n<p>Agn\u00e8s Ferr\u00e9, alcaldessa de la Bisbal del Pened\u00e8s i responsable de l&#8217;\u00e0rea d&#8217;Ocupaci\u00f3 i Empresa, ha explicat que: <em>&#8220;en aquesta segona taula s\u2019ha avan\u00e7at positivament cap a les mesures a implementar en la mobilitat sostenible, la seguretat dins les zones empresarials i tamb\u00e9 s\u2019ha avan\u00e7at en quins s\u00f3n els serveis necessaris a implantar al centre de serveis que volem projectar a la zona d\u2019equipaments. Ens hem empla\u00e7at a una nova taula durant el primer trimestre de l\u2019any que ve, per seguir avan\u00e7ant&#8221;.<\/em><\/p>\n\n\n\n<hr class=\"wp-block-separator has-alpha-channel-opacity\"\/>\n\n\n\n<h2><strong>L&#8217;Ajuntament de la Bisbal del Pened\u00e8s y la Cambra de Comer\u00e7 de Tarragona trabajan para mejorar la seguridad, los servicios y la movilidad de los parques empresariales bisbalencs<\/strong><\/h2>\n\n\n\n<h4><strong>Ayer martes 19 de noviembre se reuni\u00f3, por segunda vez, la mesa de servicios, movilidad y seguridad del plan de Impulso de la actividad econ\u00f3mica de los parques empresariales bisbalencs<\/strong><\/h4>\n\n\n\n<p>L&#8217;Ajuntament de la Bisbal del Pened\u00e8s y la Cambra de Comer\u00e7 de Tarragona contin\u00faan trabajando activamente con las empresas de Les Planes y Les Planes Baixes en el marco del Plan de Impulso de la actividad econ\u00f3mica de los parques empresariales bisbalencs. Ayer martes 19 de noviembre, representantes municipales, empresariales y t\u00e9cnicos se reunieron en el hotel de entidades para abordar todo lo relacionado con los servicios, la movilidad y la seguridad.<\/p>\n\n\n\n<p>Despu\u00e9s de la primera mesa energ\u00e9tica celebrada en el mes de abril, donde se cont\u00f3 con la presencia de la Associaci\u00f3 d&#8217;empresaris de Bufalvent (Manresa) y de Mossos d&#8217;Esquadra, el encuentro de este noviembre ha profundizado en las opciones de movilidad y seguridad y en plantear las diversas opciones que podr\u00eda acoger la zona de equipamientos prevista en la zona industrial, ya que en la actualidad se est\u00e1n estudiando cu\u00e1les son los servicios m\u00e1s necesarios para las personas trabajadoras de las zonas industriales y para los transportistas.<\/p>\n\n\n\n<p>Agn\u00e8s Ferr\u00e9, alcaldesa de la Bisbal del Pened\u00e8s y responsable del \u00e1rea de Ocupaci\u00f3n y Empresa, ha explicado que: <em>&#8220;en esta segunda mesa se ha avanzado positivamente hacia las medidas a implementar en la movilidad sostenible, la seguridad dentro de las zonas empresariales y tambi\u00e9n se ha avanzado en cu\u00e1les son los servicios necesarios a implantar en el centro de servicios que queremos proyectar en la zona de equipamientos. Nos hemos emplazado a una nueva mesa durante el primer trimestre del pr\u00f3ximo a\u00f1o, para seguir avanzando&#8221;.<\/em><\/p>\n","protected":false},"excerpt":{"rendered":"<p>Ahir dimarts 19 de novembre es va reunir, per segona vegada, la taula de serveis, mobilitat i seguretat del pla d\u2019Impuls de l\u2019activitat econ\u00f2mica dels parcs empresarials bisbalencs L&#8217;Ajuntament de &hellip; <a href=\"https:\/\/bisbalpenedes.com\/web\/2024\/11\/20\/lajuntament-de-la-bisbal-del-penedes-i-la-cambra-de-comerc-de-tarragona-treballen-per-millora-la-seguretat-els-serveis-i-la-mobilitat-dels-parcs-empresarials-bisbalencs\/\" class=\"more-link\">Read More<\/a><\/p>\n","protected":false},"author":4,"featured_media":32337,"comment_status":"closed","ping_status":"closed","sticky":false,"template":"","format":"standard","meta":[],"categories":[8],"tags":[],"_links":{"self":[{"href":"https:\/\/bisbalpenedes.com\/web\/wp-json\/wp\/v2\/posts\/32336"}],"collection":[{"href":"https:\/\/bisbalpenedes.com\/web\/wp-json\/wp\/v2\/posts"}],"about":[{"href":"https:\/\/bisbalpenedes.com\/web\/wp-json\/wp\/v2\/types\/post"}],"author":[{"embeddable":true,"href":"https:\/\/bisbalpenedes.com\/web\/wp-json\/wp\/v2\/users\/4"}],"replies":[{"embeddable":true,"href":"https:\/\/bisbalpenedes.com\/web\/wp-json\/wp\/v2\/comments?post=32336"}],"version-history":[{"count":3,"href":"https:\/\/bisbalpenedes.com\/web\/wp-json\/wp\/v2\/posts\/32336\/revisions"}],"predecessor-version":[{"id":32353,"href":"https:\/\/bisbalpenedes.com\/web\/wp-json\/wp\/v2\/posts\/32336\/revisions\/32353"}],"wp:featuredmedia":[{"embeddable":true,"href":"https:\/\/bisbalpenedes.com\/web\/wp-json\/wp\/v2\/media\/32337"}],"wp:attachment":[{"href":"https:\/\/bisbalpenedes.com\/web\/wp-json\/wp\/v2\/media?parent=32336"}],"wp:term":[{"taxonomy":"category","embeddable":true,"href":"https:\/\/bisbalpenedes.com\/web\/wp-json\/wp\/v2\/categories?post=32336"},{"taxonomy":"post_tag","embeddable":true,"href":"https:\/\/bisbalpenedes.com\/web\/wp-json\/wp\/v2\/tags?post=32336"}],"curies":[{"name":"wp","href":"https:\/\/api.w.org\/{rel}","templated":true}]}}