{"id":32311,"date":"2024-11-19T23:29:30","date_gmt":"2024-11-19T21:29:30","guid":{"rendered":"https:\/\/bisbalpenedes.com\/web\/?p=32311"},"modified":"2024-11-19T23:30:42","modified_gmt":"2024-11-19T21:30:42","slug":"avis-per-vent-dimecres-20-de-novembre","status":"publish","type":"post","link":"https:\/\/bisbalpenedes.com\/web\/2024\/11\/19\/avis-per-vent-dimecres-20-de-novembre\/","title":{"rendered":"Av\u00eds per vent: dimecres 20 de novembre"},"content":{"rendered":"\n<p>Alerta VENTCAT! Activats els protocols de vent.<\/p>\n\n\n\n<p>Des de primeres hores de la matinada fins a la tarda de dimecres es pronostiquen cops de vent que podrien superar els 72 km\/h en zones centrals i meridionals.<\/p>\n\n\n\n<p> Zones geogr\u00e0fiques amb major risc: Alt Camp, Alt Pened\u00e8s, Anoia, Baix Camp, Baix Llobregat, Baix Pened\u00e8s, Barcelon\u00e8s, Conca de Barber\u00e0, Garraf, Garrigues, Pla d&#8217;Urgell, Priorat, Segarra, Segri\u00e0, Tarragon\u00e8s, Urgell i Vall\u00e8s Occidental.<\/p>\n\n\n\n<ul><li>Cal mantenir extrema vigil\u00e0ncia en espais oberts i durant la circulaci\u00f3.<\/li><li>Cal immobilitzar i retirar elements m\u00f2bils de terrasses i fa\u00e7anes.<\/li><li>Mantingueu-vos informats a trav\u00e9s dels canals oficials de meteorologia: <a rel=\"noreferrer noopener\" href=\"https:\/\/l.facebook.com\/l.php?u=http%3A%2F%2Fwww.meteo.cat%2F%3Ffbclid%3DIwZXh0bgNhZW0CMTAAAR175ZzQe9Kvtnr6UiEiQnSuFcDWlrGn1YduRW76yH5u8XvyXf5aHFs3zzY_aem_EOaFkRaP-4KmrUVgNZuCEg&amp;h=AT0mooG6PivjMLFwQd3XipIR2LK6Y_lPKRKiHo842GBghwC-ATr0TgxWjU-5qKs3EfewIrdFd8PISOEgr1pRJyQ4PscRTI8XCK7AY2-1PFHT4ybDto5ris0jyR01M3wNbJvC0yXn8PGSVZSoNZRNAYs3PQ&amp;__tn__=-UK-R&amp;c[0]=AT22mSPNaZbe4k4m8c2mriJLyoJ317GSJEkOVRlJkYOa5bNEb9LVXgEBqky-Wy5sE-cHK_bLx4cg9n-vabKXgowPRXXobTzlHVK2n8wR4oUH5IbmVMgTG0lLtmnM4pbnTs6lZCzqREUZBbbZAY6HBSuioDNi7xWxQQGCJFpCKPw3\" target=\"_blank\">www.meteo.cat<\/a><\/li><\/ul>\n\n\n\n<hr class=\"wp-block-separator has-alpha-channel-opacity\"\/>\n\n\n\n<p>\u00a1Alerta VENTCAT! Protocolos de viento activados.<\/p>\n\n\n\n<p>Desde las primeras horas de la madrugada hasta la tarde del mi\u00e9rcoles se pronostican rachas de viento que podr\u00edan superar los 72 km\/h en zonas centrales y meridionales.<\/p>\n\n\n\n<p>Zonas geogr\u00e1ficas con mayor riesgo: Alt Camp, Alt Pened\u00e8s, Anoia, Baix Camp, Baix Llobregat, Baix Pened\u00e8s, Barcelon\u00e8s, Conca de Barber\u00e0, Garraf, Garrigues, Pla d&#8217;Urgell, Priorat, Segarra, Segri\u00e0, Tarragon\u00e8s, Urgell y Vall\u00e8s Occidental.<\/p>\n\n\n\n<ul><li>Es necesario mantener extrema vigilancia en espacios abiertos y durante la circulaci\u00f3n.<\/li><li>Inmovilizad y retirad elementos m\u00f3viles de terrazas y fachadas.<\/li><li>Manteneos informados a trav\u00e9s de los canales oficiales de meteorolog\u00eda: <a rel=\"noreferrer noopener\" href=\"https:\/\/l.facebook.com\/l.php?u=http%3A%2F%2Fwww.meteo.cat%2F%3Ffbclid%3DIwZXh0bgNhZW0CMTAAAR30T7g2aLxskB7Wj69y3NbRXenM-Ssbk-Pg46YOCejmprzA3UzHcYxofsM_aem_GJf0EiZ-w6rechhCGEo3dA&amp;h=AT0mooG6PivjMLFwQd3XipIR2LK6Y_lPKRKiHo842GBghwC-ATr0TgxWjU-5qKs3EfewIrdFd8PISOEgr1pRJyQ4PscRTI8XCK7AY2-1PFHT4ybDto5ris0jyR01M3wNbJvC0yXn8PGSVZSoNZRNAYs3PQ&amp;__tn__=-UK-R&amp;c[0]=AT22mSPNaZbe4k4m8c2mriJLyoJ317GSJEkOVRlJkYOa5bNEb9LVXgEBqky-Wy5sE-cHK_bLx4cg9n-vabKXgowPRXXobTzlHVK2n8wR4oUH5IbmVMgTG0lLtmnM4pbnTs6lZCzqREUZBbbZAY6HBSuioDNi7xWxQQGCJFpCKPw3\" target=\"_blank\">www.meteo.cat<\/a><\/li><\/ul>\n\n\n\n<figure class=\"wp-block-image size-full\"><img loading=\"lazy\" width=\"800\" height=\"800\" src=\"https:\/\/bisbalpenedes.com\/web\/wp-content\/uploads\/2020\/03\/METEOCAT-VENT-RECOMANACIONS.jpg\" alt=\"\" class=\"wp-image-12106\" srcset=\"https:\/\/bisbalpenedes.com\/web\/wp-content\/uploads\/2020\/03\/METEOCAT-VENT-RECOMANACIONS.jpg 800w, https:\/\/bisbalpenedes.com\/web\/wp-content\/uploads\/2020\/03\/METEOCAT-VENT-RECOMANACIONS-300x300.jpg 300w, https:\/\/bisbalpenedes.com\/web\/wp-content\/uploads\/2020\/03\/METEOCAT-VENT-RECOMANACIONS-100x100.jpg 100w, https:\/\/bisbalpenedes.com\/web\/wp-content\/uploads\/2020\/03\/METEOCAT-VENT-RECOMANACIONS-600x600.jpg 600w, https:\/\/bisbalpenedes.com\/web\/wp-content\/uploads\/2020\/03\/METEOCAT-VENT-RECOMANACIONS-150x150.jpg 150w, https:\/\/bisbalpenedes.com\/web\/wp-content\/uploads\/2020\/03\/METEOCAT-VENT-RECOMANACIONS-768x768.jpg 768w\" sizes=\"(max-width: 800px) 100vw, 800px\" \/><\/figure>\n","protected":false},"excerpt":{"rendered":"<p>Alerta VENTCAT! Activats els protocols de vent. Des de primeres hores de la matinada fins a la tarda de dimecres es pronostiquen cops de vent que podrien superar els 72 &hellip; <a href=\"https:\/\/bisbalpenedes.com\/web\/2024\/11\/19\/avis-per-vent-dimecres-20-de-novembre\/\" class=\"more-link\">Read More<\/a><\/p>\n","protected":false},"author":4,"featured_media":32312,"comment_status":"closed","ping_status":"closed","sticky":false,"template":"","format":"standard","meta":[],"categories":[2543,8],"tags":[459,393,2050,1188,1374,1339],"_links":{"self":[{"href":"https:\/\/bisbalpenedes.com\/web\/wp-json\/wp\/v2\/posts\/32311"}],"collection":[{"href":"https:\/\/bisbalpenedes.com\/web\/wp-json\/wp\/v2\/posts"}],"about":[{"href":"https:\/\/bisbalpenedes.com\/web\/wp-json\/wp\/v2\/types\/post"}],"author":[{"embeddable":true,"href":"https:\/\/bisbalpenedes.com\/web\/wp-json\/wp\/v2\/users\/4"}],"replies":[{"embeddable":true,"href":"https:\/\/bisbalpenedes.com\/web\/wp-json\/wp\/v2\/comments?post=32311"}],"version-history":[{"count":2,"href":"https:\/\/bisbalpenedes.com\/web\/wp-json\/wp\/v2\/posts\/32311\/revisions"}],"predecessor-version":[{"id":32314,"href":"https:\/\/bisbalpenedes.com\/web\/wp-json\/wp\/v2\/posts\/32311\/revisions\/32314"}],"wp:featuredmedia":[{"embeddable":true,"href":"https:\/\/bisbalpenedes.com\/web\/wp-json\/wp\/v2\/media\/32312"}],"wp:attachment":[{"href":"https:\/\/bisbalpenedes.com\/web\/wp-json\/wp\/v2\/media?parent=32311"}],"wp:term":[{"taxonomy":"category","embeddable":true,"href":"https:\/\/bisbalpenedes.com\/web\/wp-json\/wp\/v2\/categories?post=32311"},{"taxonomy":"post_tag","embeddable":true,"href":"https:\/\/bisbalpenedes.com\/web\/wp-json\/wp\/v2\/tags?post=32311"}],"curies":[{"name":"wp","href":"https:\/\/api.w.org\/{rel}","templated":true}]}}